{"id":15360,"date":"2012-08-17T01:28:21","date_gmt":"2012-08-17T01:28:21","guid":{"rendered":"http:\/\/www.hoymercedes.com.ar\/principal\/?p=15360"},"modified":"2012-08-17T01:29:05","modified_gmt":"2012-08-17T01:29:05","slug":"encuentro-de-emprendedores-en-el-ministerio-de-desarrollo-social-de-la-nacion","status":"publish","type":"post","link":"https:\/\/www.hoymercedes.com.ar\/principal\/2012\/08\/17\/encuentro-de-emprendedores-en-el-ministerio-de-desarrollo-social-de-la-nacion\/","title":{"rendered":"Encuentro de emprendedores en el Ministerio de Desarrollo Social de la Naci\u00f3n"},"content":{"rendered":"<p>Se re\u00fanen emprendedores cuyas maquinas fueron otorgadas por el Ministerio de desarrollo social de la Naci\u00f3n con el fin de potenciar y trabajar en la econom\u00eda social<\/p>\n<p>El pasado martes 14 de agosto se realiz\u00f3 un encuentro de emprendedores en el Ministerio de desarrollo social de la naci\u00f3n ubicado en calle 30 n\u00famero 664.<\/p>\n<p>El apoyo que ofrece esta iniciativa contempla dos posibilidades: reunir a quienes el Ministerio les dio la financiaci\u00f3n de maquinaria, herramientas e insumos para emprendimientos productivos, de servicios o comerciales y, por otra, la asistencia t\u00e9cnica permanente (capacitaci\u00f3n, organizaci\u00f3n y seguimiento) para fortalecer y optimizar el funcionamiento de los proyectos.<\/p>\n<p>Por lo tanto este encuentro es el primer contacto con la finalidad de darle un seguimiento t\u00e9cnico desde el Ministerio.<\/p>\n<p>Las herramientas que han recibido estos emprendedores est\u00e1n justificadas en un informe t\u00e9cnico y social que realizan los trabajadores sociales del Ministerio a fin de justificar la entrega de las mismas. Por lo tanto hay requisitos que cumplir. La entrega se realiza al mismo titular de derecho en su domicilio particular o en caso de ausencia a un familiar autorizado debidamente.<\/p>\n<p>Los tan cuestionados camiones, de los cuales han salido a hablar desde el ala municipal, proceden del Ministerio que dirige Alicia Kirchner y tienen que ver con las entregas de este programa y adem\u00e1s del de ayudas urgentes y llegan a Mercedes desde hace m\u00e1s de 5 a\u00f1os.<\/p>\n<p>La visibilidad es cada vez mayor debido al trabajo arduo que se est\u00e1 realizando desde el Centro de Referencia de Naci\u00f3n buscando poder llegar a los vecinos m\u00e1s necesitados de nuestra ciudad.<\/p>\n<p>Los encuentros seguir\u00e1n realiz\u00e1ndose con el fin de potenciar a los emprendedores en proyectos asociativos y productivos dentro de la Econom\u00eda social.<\/p>\n","protected":false},"excerpt":{"rendered":"<p>Se re\u00fanen emprendedores cuyas maquinas fueron otorgadas por el Ministerio de desarrollo social de la Naci\u00f3n con el fin de &#8230; <a title=\"Encuentro de emprendedores en el Ministerio de Desarrollo Social de la Naci\u00f3n\" class=\"read-more\" href=\"https:\/\/www.hoymercedes.com.ar\/principal\/2012\/08\/17\/encuentro-de-emprendedores-en-el-ministerio-de-desarrollo-social-de-la-nacion\/\" aria-label=\"Leer m\u00e1s sobre Encuentro de emprendedores en el Ministerio de Desarrollo Social de la Naci\u00f3n\">Leer m\u00e1s<\/a><\/p>\n","protected":false},"author":1,"featured_media":0,"comment_status":"open","ping_status":"open","sticky":false,"template":"","format":"standard","meta":{"_monsterinsights_skip_tracking":false,"_monsterinsights_sitenote_active":false,"_monsterinsights_sitenote_note":"","_monsterinsights_sitenote_category":0,"jetpack_post_was_ever_published":false,"_jetpack_newsletter_access":"","_jetpack_dont_email_post_to_subs":false,"_jetpack_newsletter_tier_id":0,"_jetpack_memberships_contains_paywalled_content":false,"_jetpack_memberships_contains_paid_content":false,"footnotes":"","jetpack_publicize_message":"","jetpack_publicize_feature_enabled":true,"jetpack_social_post_already_shared":false,"jetpack_social_options":{"image_generator_settings":{"template":"highway","default_image_id":0,"font":"","enabled":false},"version":2},"_wpas_customize_per_network":false},"categories":[5],"tags":[2644,379],"class_list":["post-15360","post","type-post","status-publish","format-standard","hentry","category-politica","tag-emprendedores","tag-frente-mercedino-para-la-victoria","generate-columns","tablet-grid-50","mobile-grid-100","grid-parent","grid-50"],"jetpack_publicize_connections":[],"jetpack_featured_media_url":"","wps_subtitle":"","jetpack_sharing_enabled":true,"_links":{"self":[{"href":"https:\/\/www.hoymercedes.com.ar\/principal\/wp-json\/wp\/v2\/posts\/15360","targetHints":{"allow":["GET"]}}],"collection":[{"href":"https:\/\/www.hoymercedes.com.ar\/principal\/wp-json\/wp\/v2\/posts"}],"about":[{"href":"https:\/\/www.hoymercedes.com.ar\/principal\/wp-json\/wp\/v2\/types\/post"}],"author":[{"embeddable":true,"href":"https:\/\/www.hoymercedes.com.ar\/principal\/wp-json\/wp\/v2\/users\/1"}],"replies":[{"embeddable":true,"href":"https:\/\/www.hoymercedes.com.ar\/principal\/wp-json\/wp\/v2\/comments?post=15360"}],"version-history":[{"count":0,"href":"https:\/\/www.hoymercedes.com.ar\/principal\/wp-json\/wp\/v2\/posts\/15360\/revisions"}],"wp:attachment":[{"href":"https:\/\/www.hoymercedes.com.ar\/principal\/wp-json\/wp\/v2\/media?parent=15360"}],"wp:term":[{"taxonomy":"category","embeddable":true,"href":"https:\/\/www.hoymercedes.com.ar\/principal\/wp-json\/wp\/v2\/categories?post=15360"},{"taxonomy":"post_tag","embeddable":true,"href":"https:\/\/www.hoymercedes.com.ar\/principal\/wp-json\/wp\/v2\/tags?post=15360"}],"curies":[{"name":"wp","href":"https:\/\/api.w.org\/{rel}","templated":true}]}}