{"id":153629,"date":"2022-10-01T15:50:00","date_gmt":"2022-10-01T18:50:00","guid":{"rendered":"https:\/\/www.hoymercedes.com.ar\/principal\/?p=153629"},"modified":"2022-10-01T15:12:48","modified_gmt":"2022-10-01T18:12:48","slug":"tres-vehiculos-involucrados-en-un-choque-en-ruta-5","status":"publish","type":"post","link":"https:\/\/www.hoymercedes.com.ar\/principal\/2022\/10\/01\/tres-vehiculos-involucrados-en-un-choque-en-ruta-5\/","title":{"rendered":"Tres veh\u00edculos involucrados en un choque en Ruta 5"},"content":{"rendered":"\n<p>En la jornada del s\u00e1bado se produjo un nuevo siniestro vial en la Ruta Nacional N\u00b0 5. En esta oportunidad, se trat\u00f3 de un choque a la altura de la localidad de Gorostiaga que involucr\u00f3 veh\u00edculos conducidos por vecinos de Chivilcoy, Suipacha y 25 de Mayo. <\/p>\n\n\n<div class=\"wp-block-image\">\n<figure class=\"aligncenter size-large\"><img loading=\"lazy\" decoding=\"async\" width=\"1024\" height=\"461\" data-attachment-id=\"153630\" data-permalink=\"https:\/\/www.hoymercedes.com.ar\/principal\/2022\/10\/01\/tres-vehiculos-involucrados-en-un-choque-en-ruta-5\/fb_img_1664647274748\/#main\" data-orig-file=\"https:\/\/www.hoymercedes.com.ar\/principal\/wp-content\/uploads\/2022\/10\/FB_IMG_1664647274748.jpg\" data-orig-size=\"1080,486\" data-comments-opened=\"0\" data-image-meta=\"{&quot;aperture&quot;:&quot;0&quot;,&quot;credit&quot;:&quot;&quot;,&quot;camera&quot;:&quot;&quot;,&quot;caption&quot;:&quot;&quot;,&quot;created_timestamp&quot;:&quot;0&quot;,&quot;copyright&quot;:&quot;&quot;,&quot;focal_length&quot;:&quot;0&quot;,&quot;iso&quot;:&quot;0&quot;,&quot;shutter_speed&quot;:&quot;0&quot;,&quot;title&quot;:&quot;&quot;,&quot;orientation&quot;:&quot;0&quot;}\" data-image-title=\"FB_IMG_1664647274748\" data-image-description=\"\" data-image-caption=\"\" data-large-file=\"https:\/\/www.hoymercedes.com.ar\/principal\/wp-content\/uploads\/2022\/10\/FB_IMG_1664647274748-1024x461.jpg\" src=\"https:\/\/www.hoymercedes.com.ar\/principal\/wp-content\/uploads\/2022\/10\/FB_IMG_1664647274748-1024x461.jpg\" alt=\"\" class=\"wp-image-153630\" srcset=\"https:\/\/www.hoymercedes.com.ar\/principal\/wp-content\/uploads\/2022\/10\/FB_IMG_1664647274748-1024x461.jpg 1024w, https:\/\/www.hoymercedes.com.ar\/principal\/wp-content\/uploads\/2022\/10\/FB_IMG_1664647274748-630x284.jpg 630w, https:\/\/www.hoymercedes.com.ar\/principal\/wp-content\/uploads\/2022\/10\/FB_IMG_1664647274748-150x68.jpg 150w, https:\/\/www.hoymercedes.com.ar\/principal\/wp-content\/uploads\/2022\/10\/FB_IMG_1664647274748.jpg 1080w\" sizes=\"auto, (max-width: 1024px) 100vw, 1024px\" \/><\/figure>\n<\/div>\n\n\n<p>La informaci\u00f3n preveniente de la Subestaci\u00f3n de Polic\u00eda Garelli, indica que en ruta 5, a la altura de la localidad de Gorostiaga se produjo un siniestro vial entre un vehiculo Ford Ecosport, Dominio AD832JX conducido por Juan Jos\u00e9 Cuculo (53), quien viajaba junto a sus dos hijos menores de edad, procedentes de Chivilcoy, quienes circulaban en direccion Gorostiaga-Chivilcoy; un Renaut Fluence, Dominio JTN938, conducido por Ver\u00f3nica Martini (48), de Suipacha, quien circulaba en direccion Chivilcoy-Gorostiaga; y un vehiculo Toyoya Hilux, Dominio CEW 279, conducido por Ram\u00f3n Aguirre Rito, oriundo de 25 de Mayo, quien viajaba con otras dos personas mayores, en sentido Chivilcoy-Gorostiaga.<\/p>\n\n\n\n<p>El informe indica que fueron trasladados al Hospital Municipal de Chivilcoy los viajeros de Chivilcoy y de 25 de Mayo. Lo primero que se estableci\u00f3 es que los menores no presentaban lesiones y que estaban en observaci\u00f3n. Al resto de los trasladados se les practicaron estudios, teniendo en cuenta que no presentaban lesiones de importancia. Todos los involucrados fueron dados de alta afortunadamente. <\/p>\n\n\n\n<p>Colaboraci\u00f3n Jorge Lasala de Suipacha y Norberto Titi Abraciano\u00a0de Chivilcoy<br><\/p>\n","protected":false},"excerpt":{"rendered":"<p>En la jornada del s\u00e1bado se produjo un nuevo siniestro vial en la Ruta Nacional N\u00b0 5. En esta oportunidad, &#8230; <a title=\"Tres veh\u00edculos involucrados en un choque en Ruta 5\" class=\"read-more\" href=\"https:\/\/www.hoymercedes.com.ar\/principal\/2022\/10\/01\/tres-vehiculos-involucrados-en-un-choque-en-ruta-5\/\" aria-label=\"Leer m\u00e1s sobre Tres veh\u00edculos involucrados en un choque en Ruta 5\">Leer m\u00e1s<\/a><\/p>\n","protected":false},"author":1,"featured_media":153630,"comment_status":"closed","ping_status":"open","sticky":false,"template":"","format":"standard","meta":{"_monsterinsights_skip_tracking":false,"_monsterinsights_sitenote_active":false,"_monsterinsights_sitenote_note":"","_monsterinsights_sitenote_category":0,"jetpack_post_was_ever_published":false,"_jetpack_newsletter_access":"","_jetpack_dont_email_post_to_subs":false,"_jetpack_newsletter_tier_id":0,"_jetpack_memberships_contains_paywalled_content":false,"_jetpack_memberships_contains_paid_content":false,"footnotes":"","jetpack_publicize_message":"","jetpack_publicize_feature_enabled":true,"jetpack_social_post_already_shared":true,"jetpack_social_options":{"image_generator_settings":{"template":"highway","default_image_id":0,"font":"","enabled":false},"version":2},"_wpas_customize_per_network":false},"categories":[85],"tags":[],"class_list":["post-153629","post","type-post","status-publish","format-standard","has-post-thumbnail","hentry","category-policial","generate-columns","tablet-grid-50","mobile-grid-100","grid-parent","grid-50"],"jetpack_publicize_connections":[],"jetpack_featured_media_url":"https:\/\/www.hoymercedes.com.ar\/principal\/wp-content\/uploads\/2022\/10\/FB_IMG_1664647274748.jpg","wps_subtitle":"","jetpack_sharing_enabled":true,"_links":{"self":[{"href":"https:\/\/www.hoymercedes.com.ar\/principal\/wp-json\/wp\/v2\/posts\/153629","targetHints":{"allow":["GET"]}}],"collection":[{"href":"https:\/\/www.hoymercedes.com.ar\/principal\/wp-json\/wp\/v2\/posts"}],"about":[{"href":"https:\/\/www.hoymercedes.com.ar\/principal\/wp-json\/wp\/v2\/types\/post"}],"author":[{"embeddable":true,"href":"https:\/\/www.hoymercedes.com.ar\/principal\/wp-json\/wp\/v2\/users\/1"}],"replies":[{"embeddable":true,"href":"https:\/\/www.hoymercedes.com.ar\/principal\/wp-json\/wp\/v2\/comments?post=153629"}],"version-history":[{"count":0,"href":"https:\/\/www.hoymercedes.com.ar\/principal\/wp-json\/wp\/v2\/posts\/153629\/revisions"}],"wp:featuredmedia":[{"embeddable":true,"href":"https:\/\/www.hoymercedes.com.ar\/principal\/wp-json\/wp\/v2\/media\/153630"}],"wp:attachment":[{"href":"https:\/\/www.hoymercedes.com.ar\/principal\/wp-json\/wp\/v2\/media?parent=153629"}],"wp:term":[{"taxonomy":"category","embeddable":true,"href":"https:\/\/www.hoymercedes.com.ar\/principal\/wp-json\/wp\/v2\/categories?post=153629"},{"taxonomy":"post_tag","embeddable":true,"href":"https:\/\/www.hoymercedes.com.ar\/principal\/wp-json\/wp\/v2\/tags?post=153629"}],"curies":[{"name":"wp","href":"https:\/\/api.w.org\/{rel}","templated":true}]}}