{"id":15364,"date":"2012-08-17T09:15:24","date_gmt":"2012-08-17T09:15:24","guid":{"rendered":"http:\/\/www.hoymercedes.com.ar\/principal\/?p=15364"},"modified":"2012-08-17T01:34:35","modified_gmt":"2012-08-17T01:34:35","slug":"continuan-programas-de-microemprendimientos-en-mercedes","status":"publish","type":"post","link":"https:\/\/www.hoymercedes.com.ar\/principal\/2012\/08\/17\/continuan-programas-de-microemprendimientos-en-mercedes\/","title":{"rendered":"Contin\u00faan programas de Microemprendimientos en Mercedes"},"content":{"rendered":"<p><a href=\"https:\/\/www.hoymercedes.com.ar\/principal\/wp-content\/uploads\/2012\/08\/Ustarroz-Microemprendimiento.jpg\"><img loading=\"lazy\" decoding=\"async\" data-attachment-id=\"15366\" data-permalink=\"https:\/\/www.hoymercedes.com.ar\/principal\/2012\/08\/17\/continuan-programas-de-microemprendimientos-en-mercedes\/ustarroz-microemprendimiento\/#main\" data-orig-file=\"https:\/\/www.hoymercedes.com.ar\/principal\/wp-content\/uploads\/2012\/08\/Ustarroz-Microemprendimiento.jpg\" data-orig-size=\"614,461\" data-comments-opened=\"1\" data-image-meta=\"{&quot;aperture&quot;:&quot;2.8&quot;,&quot;credit&quot;:&quot;&quot;,&quot;camera&quot;:&quot;DSC-P73&quot;,&quot;caption&quot;:&quot;&quot;,&quot;created_timestamp&quot;:&quot;1344534808&quot;,&quot;copyright&quot;:&quot;&quot;,&quot;focal_length&quot;:&quot;6&quot;,&quot;iso&quot;:&quot;100&quot;,&quot;shutter_speed&quot;:&quot;0.025&quot;,&quot;title&quot;:&quot;&quot;}\" data-image-title=\"Ustarroz-Microemprendimiento\" data-image-description=\"\" data-image-caption=\"\" data-large-file=\"https:\/\/www.hoymercedes.com.ar\/principal\/wp-content\/uploads\/2012\/08\/Ustarroz-Microemprendimiento.jpg\" class=\"aligncenter size-full wp-image-15366\" title=\"Ustarroz-Microemprendimiento\" src=\"https:\/\/www.hoymercedes.com.ar\/principal\/wp-content\/uploads\/2012\/08\/Ustarroz-Microemprendimiento.jpg\" alt=\"\" width=\"614\" height=\"461\" \/><\/a><\/p>\n<p>Hace poco menos de un mes se puso en marcha un proyecto autosustentable en algunos barrios de la ciudad buscando la inclusi\u00f3n de los vecinos.<\/p>\n<p>Mujeres solidarias para el desarrollo de Mercedes es una peque\u00f1a empresa que se formo en el barrio Los Duraznos dedic\u00e1ndose a elaborar frazadas en un principio pero con vistas de ampliar la productividad.<\/p>\n<p>Quien tuvo que ver mucho con esta nueva modalidad de generar trabajo es el Dr. Juan Ignacio Ustarroz, referente m\u00e1ximo del Frente Mercedino para la Victoria, quien gestiono la llegada de las herramientas de trabajo para este espacio,\u201dEste programa que hemos impulsado trata de crear trabajo con capacitaci\u00f3n y en este caso ha sido de manera incre\u00edble , en menos de dos semanas est\u00e1n vendiendo los productos terminados, nos llena de alegr\u00eda saber que hemos podido concretar una parte de este proyecto\u201d<\/p>\n<p>Una de las trabajadores de este taller nos contaba como arrancaba este sue\u00f1o, como lo definieron ellas: \u201cEste taller comienza con la ayuda de Juani que colaboro en todo momento, somos 5 mujeres que buscamos progresar con la venta de lo que hacemos y de ah\u00ed en mas seguimos adelante, la producci\u00f3n la vendemos a bajo precio, para que la gente pueda pagar, estamos muy contentas porque la gente ha entendido nuestro proyecto y ya hemos hecho clientes, esto la verdad que es un sue\u00f1o para nosotras, trabajamos todos los d\u00edas y nuestra expectativa es seguir sumando gente, es solo querer trabajar y todo es posible,\u201d<\/p>\n","protected":false},"excerpt":{"rendered":"<p>Hace poco menos de un mes se puso en marcha un proyecto autosustentable en algunos barrios de la ciudad buscando &#8230; <a title=\"Contin\u00faan programas de Microemprendimientos en Mercedes\" class=\"read-more\" href=\"https:\/\/www.hoymercedes.com.ar\/principal\/2012\/08\/17\/continuan-programas-de-microemprendimientos-en-mercedes\/\" aria-label=\"Leer m\u00e1s sobre Contin\u00faan programas de Microemprendimientos en Mercedes\">Leer m\u00e1s<\/a><\/p>\n","protected":false},"author":1,"featured_media":0,"comment_status":"open","ping_status":"open","sticky":false,"template":"","format":"standard","meta":{"_monsterinsights_skip_tracking":false,"_monsterinsights_sitenote_active":false,"_monsterinsights_sitenote_note":"","_monsterinsights_sitenote_category":0,"jetpack_post_was_ever_published":false,"_jetpack_newsletter_access":"","_jetpack_dont_email_post_to_subs":false,"_jetpack_newsletter_tier_id":0,"_jetpack_memberships_contains_paywalled_content":false,"_jetpack_memberships_contains_paid_content":false,"footnotes":"","jetpack_publicize_message":"","jetpack_publicize_feature_enabled":true,"jetpack_social_post_already_shared":false,"jetpack_social_options":{"image_generator_settings":{"template":"highway","default_image_id":0,"font":"","enabled":false},"version":2},"_wpas_customize_per_network":false},"categories":[5],"tags":[379,2645],"class_list":["post-15364","post","type-post","status-publish","format-standard","hentry","category-politica","tag-frente-mercedino-para-la-victoria","tag-microemprendimientos-en-mercedes","generate-columns","tablet-grid-50","mobile-grid-100","grid-parent","grid-50"],"jetpack_publicize_connections":[],"jetpack_featured_media_url":"","wps_subtitle":"","jetpack_sharing_enabled":true,"_links":{"self":[{"href":"https:\/\/www.hoymercedes.com.ar\/principal\/wp-json\/wp\/v2\/posts\/15364","targetHints":{"allow":["GET"]}}],"collection":[{"href":"https:\/\/www.hoymercedes.com.ar\/principal\/wp-json\/wp\/v2\/posts"}],"about":[{"href":"https:\/\/www.hoymercedes.com.ar\/principal\/wp-json\/wp\/v2\/types\/post"}],"author":[{"embeddable":true,"href":"https:\/\/www.hoymercedes.com.ar\/principal\/wp-json\/wp\/v2\/users\/1"}],"replies":[{"embeddable":true,"href":"https:\/\/www.hoymercedes.com.ar\/principal\/wp-json\/wp\/v2\/comments?post=15364"}],"version-history":[{"count":0,"href":"https:\/\/www.hoymercedes.com.ar\/principal\/wp-json\/wp\/v2\/posts\/15364\/revisions"}],"wp:attachment":[{"href":"https:\/\/www.hoymercedes.com.ar\/principal\/wp-json\/wp\/v2\/media?parent=15364"}],"wp:term":[{"taxonomy":"category","embeddable":true,"href":"https:\/\/www.hoymercedes.com.ar\/principal\/wp-json\/wp\/v2\/categories?post=15364"},{"taxonomy":"post_tag","embeddable":true,"href":"https:\/\/www.hoymercedes.com.ar\/principal\/wp-json\/wp\/v2\/tags?post=15364"}],"curies":[{"name":"wp","href":"https:\/\/api.w.org\/{rel}","templated":true}]}}