{"id":153729,"date":"2022-10-03T21:51:28","date_gmt":"2022-10-04T00:51:28","guid":{"rendered":"https:\/\/www.hoymercedes.com.ar\/principal\/?p=153729"},"modified":"2022-10-03T21:51:30","modified_gmt":"2022-10-04T00:51:30","slug":"triple-choque-en-el-kilometro-de-la-ruta-5","status":"publish","type":"post","link":"https:\/\/www.hoymercedes.com.ar\/principal\/2022\/10\/03\/triple-choque-en-el-kilometro-de-la-ruta-5\/","title":{"rendered":"Triple choque en el kil\u00f3metro de la Ruta 5"},"content":{"rendered":"\n<p>En la tarde del lunes, la Ruta 5 volvi\u00f3 a ser el epicentro de un siniestro vial. En el kil\u00f3metro 114, sobre el Arroyo Los Ranchos, tres veh\u00edculos chocaron. Las personas que circulaban en los veh\u00edculos fueron trasladados al Hospital de Suipacha. Presentar\u00edan traumatismos varios sin compromiso de vida, quedando en observaci\u00f3n.<\/p>\n\n\n<div class=\"wp-block-image\">\n<figure class=\"aligncenter size-full\"><img loading=\"lazy\" decoding=\"async\" width=\"893\" height=\"436\" data-attachment-id=\"153731\" data-permalink=\"https:\/\/www.hoymercedes.com.ar\/principal\/2022\/10\/03\/triple-choque-en-el-kilometro-de-la-ruta-5\/choque-0310-2\/#main\" data-orig-file=\"https:\/\/www.hoymercedes.com.ar\/principal\/wp-content\/uploads\/2022\/10\/choque-0310-2.jpg\" data-orig-size=\"893,436\" data-comments-opened=\"0\" data-image-meta=\"{&quot;aperture&quot;:&quot;0&quot;,&quot;credit&quot;:&quot;&quot;,&quot;camera&quot;:&quot;&quot;,&quot;caption&quot;:&quot;&quot;,&quot;created_timestamp&quot;:&quot;0&quot;,&quot;copyright&quot;:&quot;&quot;,&quot;focal_length&quot;:&quot;0&quot;,&quot;iso&quot;:&quot;0&quot;,&quot;shutter_speed&quot;:&quot;0&quot;,&quot;title&quot;:&quot;&quot;,&quot;orientation&quot;:&quot;0&quot;}\" data-image-title=\"choque 0310 2\" data-image-description=\"\" data-image-caption=\"\" data-large-file=\"https:\/\/www.hoymercedes.com.ar\/principal\/wp-content\/uploads\/2022\/10\/choque-0310-2.jpg\" src=\"https:\/\/www.hoymercedes.com.ar\/principal\/wp-content\/uploads\/2022\/10\/choque-0310-2.jpg\" alt=\"\" class=\"wp-image-153731\" srcset=\"https:\/\/www.hoymercedes.com.ar\/principal\/wp-content\/uploads\/2022\/10\/choque-0310-2.jpg 893w, https:\/\/www.hoymercedes.com.ar\/principal\/wp-content\/uploads\/2022\/10\/choque-0310-2-630x308.jpg 630w, https:\/\/www.hoymercedes.com.ar\/principal\/wp-content\/uploads\/2022\/10\/choque-0310-2-150x73.jpg 150w, https:\/\/www.hoymercedes.com.ar\/principal\/wp-content\/uploads\/2022\/10\/choque-0310-2-890x436.jpg 890w\" sizes=\"auto, (max-width: 893px) 100vw, 893px\" \/><\/figure>\n<\/div>\n\n\n<p>De acuerdo a la informaci\u00f3n del lugar, un autom\u00f3vil Ford Fiesta , color blanco dominio LWC431, que circulaba en sentido Suipacha-Mercedes en aparente maniobra de adelantamiento invade la mano contraria donde impacta contra un cami\u00f3n Mercedes Benz, color blanco, dominio PCM628 con caja t\u00e9rmica cargado con mercader\u00eda comestible varia, que circulaba en sentido contrario, es decir desde Mercedes hacia Suipacha. <\/p>\n\n\n\n<p>Producto de la colisi\u00f3n el cami\u00f3n vuelca sobre su lateral derecho quedando atravesado sobre la cinta asf\u00e1ltica de la mano contraria, en tanto el Ford Fiesta, con serios da\u00f1os en su parte frontal, finaliza en el medio de la ruta sobre el puente. Asimismo un segundo cami\u00f3n resulto colisionado en su parte trasera.<\/p>\n\n\n\n<p>El cami\u00f3n era conducido por Faustino Vazquez Miranda , de 35 a\u00f1os, de nacionalidad paraguaya, domiciliado en Bragado, en tanto al Ford Fiesta lo conduc\u00eda Victor Bos , quien viajaba acompa\u00f1ado por su esposa Maria Alicia Russo , ambos domiciliados en la ciudad de Lujan.<\/p>\n\n\n\n<p>Hacia el lugar acudieron dotaciones de Bomberos Voluntarios de Suipacha que rescataron al chofer del cami\u00f3n y junto a los ocupantes del autom\u00f3vil fueron todos derivados al Hospital Municipal de Suipacha., donde en principio solo presentar\u00edan traumatismos varios sin compromiso de vida, quedando en observaci\u00f3n.<\/p>\n\n\n\n<p>Si bien el lugar es jurisdicci\u00f3n de Mercedes, acude Suipacha hasta la llegada de personal de Mercedes; el tr\u00e1nsito de la ruta 5 se mantiene interrumpido, deriv\u00e1ndose los veh\u00edculos por caminos vecinales. Intervino Bomberos Voluntarios, Polic\u00eda Comunal, Ambulancias del Same de Suipacha y Polic\u00eda comunal, personal de Polic\u00eda Vial y de Corredores Viales de Mercedes.<\/p>\n\n\n\n<p>Fuente: Jorge Lasala de Suipacha. <\/p>\n\n\n<div class=\"wp-block-image\">\n<figure class=\"aligncenter size-full\"><img loading=\"lazy\" decoding=\"async\" width=\"821\" height=\"432\" data-attachment-id=\"153730\" data-permalink=\"https:\/\/www.hoymercedes.com.ar\/principal\/2022\/10\/03\/triple-choque-en-el-kilometro-de-la-ruta-5\/choque-0310-1\/#main\" data-orig-file=\"https:\/\/www.hoymercedes.com.ar\/principal\/wp-content\/uploads\/2022\/10\/choque-0310-1.jpg\" data-orig-size=\"821,432\" data-comments-opened=\"0\" data-image-meta=\"{&quot;aperture&quot;:&quot;0&quot;,&quot;credit&quot;:&quot;&quot;,&quot;camera&quot;:&quot;&quot;,&quot;caption&quot;:&quot;&quot;,&quot;created_timestamp&quot;:&quot;0&quot;,&quot;copyright&quot;:&quot;&quot;,&quot;focal_length&quot;:&quot;0&quot;,&quot;iso&quot;:&quot;0&quot;,&quot;shutter_speed&quot;:&quot;0&quot;,&quot;title&quot;:&quot;&quot;,&quot;orientation&quot;:&quot;0&quot;}\" data-image-title=\"choque 0310 1\" data-image-description=\"\" data-image-caption=\"\" data-large-file=\"https:\/\/www.hoymercedes.com.ar\/principal\/wp-content\/uploads\/2022\/10\/choque-0310-1.jpg\" src=\"https:\/\/www.hoymercedes.com.ar\/principal\/wp-content\/uploads\/2022\/10\/choque-0310-1.jpg\" alt=\"\" class=\"wp-image-153730\" srcset=\"https:\/\/www.hoymercedes.com.ar\/principal\/wp-content\/uploads\/2022\/10\/choque-0310-1.jpg 821w, https:\/\/www.hoymercedes.com.ar\/principal\/wp-content\/uploads\/2022\/10\/choque-0310-1-630x331.jpg 630w, https:\/\/www.hoymercedes.com.ar\/principal\/wp-content\/uploads\/2022\/10\/choque-0310-1-150x79.jpg 150w\" sizes=\"auto, (max-width: 821px) 100vw, 821px\" \/><\/figure>\n<\/div>","protected":false},"excerpt":{"rendered":"<p>En la tarde del lunes, la Ruta 5 volvi\u00f3 a ser el epicentro de un siniestro vial. En el kil\u00f3metro 114, sobre el Arroyo Los Ranchos, tres veh\u00edculos chocaron.<\/p>\n","protected":false},"author":1,"featured_media":153730,"comment_status":"closed","ping_status":"open","sticky":false,"template":"","format":"standard","meta":{"_monsterinsights_skip_tracking":false,"_monsterinsights_sitenote_active":false,"_monsterinsights_sitenote_note":"","_monsterinsights_sitenote_category":0,"jetpack_post_was_ever_published":false,"_jetpack_newsletter_access":"","_jetpack_dont_email_post_to_subs":false,"_jetpack_newsletter_tier_id":0,"_jetpack_memberships_contains_paywalled_content":false,"_jetpack_memberships_contains_paid_content":false,"footnotes":"","jetpack_publicize_message":"","jetpack_publicize_feature_enabled":true,"jetpack_social_post_already_shared":true,"jetpack_social_options":{"image_generator_settings":{"template":"highway","default_image_id":0,"font":"","enabled":false},"version":2},"_wpas_customize_per_network":false},"categories":[85],"tags":[],"class_list":["post-153729","post","type-post","status-publish","format-standard","has-post-thumbnail","hentry","category-policial","generate-columns","tablet-grid-50","mobile-grid-100","grid-parent","grid-50"],"jetpack_publicize_connections":[],"jetpack_featured_media_url":"https:\/\/www.hoymercedes.com.ar\/principal\/wp-content\/uploads\/2022\/10\/choque-0310-1.jpg","wps_subtitle":"","jetpack_sharing_enabled":true,"_links":{"self":[{"href":"https:\/\/www.hoymercedes.com.ar\/principal\/wp-json\/wp\/v2\/posts\/153729","targetHints":{"allow":["GET"]}}],"collection":[{"href":"https:\/\/www.hoymercedes.com.ar\/principal\/wp-json\/wp\/v2\/posts"}],"about":[{"href":"https:\/\/www.hoymercedes.com.ar\/principal\/wp-json\/wp\/v2\/types\/post"}],"author":[{"embeddable":true,"href":"https:\/\/www.hoymercedes.com.ar\/principal\/wp-json\/wp\/v2\/users\/1"}],"replies":[{"embeddable":true,"href":"https:\/\/www.hoymercedes.com.ar\/principal\/wp-json\/wp\/v2\/comments?post=153729"}],"version-history":[{"count":0,"href":"https:\/\/www.hoymercedes.com.ar\/principal\/wp-json\/wp\/v2\/posts\/153729\/revisions"}],"wp:featuredmedia":[{"embeddable":true,"href":"https:\/\/www.hoymercedes.com.ar\/principal\/wp-json\/wp\/v2\/media\/153730"}],"wp:attachment":[{"href":"https:\/\/www.hoymercedes.com.ar\/principal\/wp-json\/wp\/v2\/media?parent=153729"}],"wp:term":[{"taxonomy":"category","embeddable":true,"href":"https:\/\/www.hoymercedes.com.ar\/principal\/wp-json\/wp\/v2\/categories?post=153729"},{"taxonomy":"post_tag","embeddable":true,"href":"https:\/\/www.hoymercedes.com.ar\/principal\/wp-json\/wp\/v2\/tags?post=153729"}],"curies":[{"name":"wp","href":"https:\/\/api.w.org\/{rel}","templated":true}]}}