{"id":153906,"date":"2022-10-09T22:25:00","date_gmt":"2022-10-10T01:25:00","guid":{"rendered":"https:\/\/www.hoymercedes.com.ar\/principal\/?p=153906"},"modified":"2022-10-09T22:07:52","modified_gmt":"2022-10-10T01:07:52","slug":"en-el-parque-habra-food-trucks-y-patio-cervecero","status":"publish","type":"post","link":"https:\/\/www.hoymercedes.com.ar\/principal\/2022\/10\/09\/en-el-parque-habra-food-trucks-y-patio-cervecero\/","title":{"rendered":"En el parque habr\u00e1 food trucks y patio cervecero"},"content":{"rendered":"\n<figure class=\"wp-block-image size-full is-resized\"><img loading=\"lazy\" decoding=\"async\" data-attachment-id=\"153907\" data-permalink=\"https:\/\/www.hoymercedes.com.ar\/principal\/2022\/10\/09\/en-el-parque-habra-food-trucks-y-patio-cervecero\/mhm8002\/#main\" data-orig-file=\"https:\/\/www.hoymercedes.com.ar\/principal\/wp-content\/uploads\/2022\/10\/MHM8002.jpg\" data-orig-size=\"926,615\" data-comments-opened=\"0\" data-image-meta=\"{&quot;aperture&quot;:&quot;0&quot;,&quot;credit&quot;:&quot;Moreira Mario Hugo    FOTOGRAFIA&quot;,&quot;camera&quot;:&quot;&quot;,&quot;caption&quot;:&quot;&quot;,&quot;created_timestamp&quot;:&quot;0&quot;,&quot;copyright&quot;:&quot;AW Fotografia   Moreira Mario Hugo&quot;,&quot;focal_length&quot;:&quot;0&quot;,&quot;iso&quot;:&quot;0&quot;,&quot;shutter_speed&quot;:&quot;0&quot;,&quot;title&quot;:&quot;&quot;,&quot;orientation&quot;:&quot;0&quot;}\" data-image-title=\"MHM8002\" data-image-description=\"\" data-image-caption=\"\" data-large-file=\"https:\/\/www.hoymercedes.com.ar\/principal\/wp-content\/uploads\/2022\/10\/MHM8002.jpg\" src=\"https:\/\/www.hoymercedes.com.ar\/principal\/wp-content\/uploads\/2022\/10\/MHM8002.jpg\" alt=\"\" class=\"wp-image-153907\" width=\"956\" height=\"635\" srcset=\"https:\/\/www.hoymercedes.com.ar\/principal\/wp-content\/uploads\/2022\/10\/MHM8002.jpg 926w, https:\/\/www.hoymercedes.com.ar\/principal\/wp-content\/uploads\/2022\/10\/MHM8002-630x418.jpg 630w, https:\/\/www.hoymercedes.com.ar\/principal\/wp-content\/uploads\/2022\/10\/MHM8002-150x100.jpg 150w, https:\/\/www.hoymercedes.com.ar\/principal\/wp-content\/uploads\/2022\/10\/MHM8002-700x465.jpg 700w\" sizes=\"auto, (max-width: 956px) 100vw, 956px\" \/><\/figure>\n\n\n\n<p>Con libre acceso este lunes se tom\u00f3 la decisi\u00f3n de habilitar la posibilidad de disfrutar de los food trucks y los patios cerveceros en el Parque Municipal. Aprovechando la estructura que queda armada de la fiesta se extendi\u00f3 la invitaci\u00f3n a que disfrutemos del aire libre y la belleza del parque con la posibilidad de tomar unos tragos y comer algo rico.<br>Se invita a llevar la reposera y compartir una tarde diferente en el sector nuevo.<\/p>\n\n\n\n<p>No habr\u00e1 bandas ni escenario, pero si la posibilidad de comer algo rico y compartir un feriado distinto.<br>La invitaci\u00f3n es de 11hs a 18hs y fue una puesta en com\u00fan entre la municipalidad y los cerveceros.<\/p>\n","protected":false},"excerpt":{"rendered":"<p>En el parque habr\u00e1 food trucks y patio cervecero <\/p>\n","protected":false},"author":1,"featured_media":153907,"comment_status":"closed","ping_status":"open","sticky":false,"template":"","format":"standard","meta":{"_monsterinsights_skip_tracking":false,"_monsterinsights_sitenote_active":false,"_monsterinsights_sitenote_note":"","_monsterinsights_sitenote_category":0,"jetpack_post_was_ever_published":false,"_jetpack_newsletter_access":"","_jetpack_dont_email_post_to_subs":false,"_jetpack_newsletter_tier_id":0,"_jetpack_memberships_contains_paywalled_content":false,"_jetpack_memberships_contains_paid_content":false,"footnotes":"","jetpack_publicize_message":"","jetpack_publicize_feature_enabled":true,"jetpack_social_post_already_shared":true,"jetpack_social_options":{"image_generator_settings":{"template":"highway","default_image_id":0,"font":"","enabled":false},"version":2},"_wpas_customize_per_network":false},"categories":[8],"tags":[18498,13877,1256],"class_list":["post-153906","post","type-post","status-publish","format-standard","has-post-thumbnail","hentry","category-sociedad","tag-feriado-en-mercedes","tag-festival-de-cerveceros","tag-parque-municipal-independencia","generate-columns","tablet-grid-50","mobile-grid-100","grid-parent","grid-50"],"jetpack_publicize_connections":[],"jetpack_featured_media_url":"https:\/\/www.hoymercedes.com.ar\/principal\/wp-content\/uploads\/2022\/10\/MHM8002.jpg","wps_subtitle":"Encuentros familiares","jetpack_sharing_enabled":true,"_links":{"self":[{"href":"https:\/\/www.hoymercedes.com.ar\/principal\/wp-json\/wp\/v2\/posts\/153906","targetHints":{"allow":["GET"]}}],"collection":[{"href":"https:\/\/www.hoymercedes.com.ar\/principal\/wp-json\/wp\/v2\/posts"}],"about":[{"href":"https:\/\/www.hoymercedes.com.ar\/principal\/wp-json\/wp\/v2\/types\/post"}],"author":[{"embeddable":true,"href":"https:\/\/www.hoymercedes.com.ar\/principal\/wp-json\/wp\/v2\/users\/1"}],"replies":[{"embeddable":true,"href":"https:\/\/www.hoymercedes.com.ar\/principal\/wp-json\/wp\/v2\/comments?post=153906"}],"version-history":[{"count":0,"href":"https:\/\/www.hoymercedes.com.ar\/principal\/wp-json\/wp\/v2\/posts\/153906\/revisions"}],"wp:featuredmedia":[{"embeddable":true,"href":"https:\/\/www.hoymercedes.com.ar\/principal\/wp-json\/wp\/v2\/media\/153907"}],"wp:attachment":[{"href":"https:\/\/www.hoymercedes.com.ar\/principal\/wp-json\/wp\/v2\/media?parent=153906"}],"wp:term":[{"taxonomy":"category","embeddable":true,"href":"https:\/\/www.hoymercedes.com.ar\/principal\/wp-json\/wp\/v2\/categories?post=153906"},{"taxonomy":"post_tag","embeddable":true,"href":"https:\/\/www.hoymercedes.com.ar\/principal\/wp-json\/wp\/v2\/tags?post=153906"}],"curies":[{"name":"wp","href":"https:\/\/api.w.org\/{rel}","templated":true}]}}