{"id":153926,"date":"2022-10-10T13:32:57","date_gmt":"2022-10-10T16:32:57","guid":{"rendered":"https:\/\/www.hoymercedes.com.ar\/principal\/?p=153926"},"modified":"2022-10-10T13:33:26","modified_gmt":"2022-10-10T16:33:26","slug":"promovieron-el-festival-cervecero-ambientalmente-sustentable","status":"publish","type":"post","link":"https:\/\/www.hoymercedes.com.ar\/principal\/2022\/10\/10\/promovieron-el-festival-cervecero-ambientalmente-sustentable\/","title":{"rendered":"Promovieron el \u00abFestival Cervecero\u00bb ambientalmente sustentable \u00a0"},"content":{"rendered":"\n<figure class=\"wp-block-image size-large\"><img loading=\"lazy\" decoding=\"async\" width=\"1024\" height=\"472\" data-attachment-id=\"153927\" data-permalink=\"https:\/\/www.hoymercedes.com.ar\/principal\/2022\/10\/10\/promovieron-el-festival-cervecero-ambientalmente-sustentable\/sustentable-21\/#main\" data-orig-file=\"https:\/\/www.hoymercedes.com.ar\/principal\/wp-content\/uploads\/2022\/10\/Sustentable-21.jpeg\" data-orig-size=\"1280,590\" data-comments-opened=\"0\" data-image-meta=\"{&quot;aperture&quot;:&quot;0&quot;,&quot;credit&quot;:&quot;&quot;,&quot;camera&quot;:&quot;&quot;,&quot;caption&quot;:&quot;&quot;,&quot;created_timestamp&quot;:&quot;0&quot;,&quot;copyright&quot;:&quot;&quot;,&quot;focal_length&quot;:&quot;0&quot;,&quot;iso&quot;:&quot;0&quot;,&quot;shutter_speed&quot;:&quot;0&quot;,&quot;title&quot;:&quot;&quot;,&quot;orientation&quot;:&quot;0&quot;}\" data-image-title=\"Sustentable-21\" data-image-description=\"\" data-image-caption=\"\" data-large-file=\"https:\/\/www.hoymercedes.com.ar\/principal\/wp-content\/uploads\/2022\/10\/Sustentable-21-1024x472.jpeg\" src=\"https:\/\/www.hoymercedes.com.ar\/principal\/wp-content\/uploads\/2022\/10\/Sustentable-21-1024x472.jpeg\" alt=\"\" class=\"wp-image-153927\" srcset=\"https:\/\/www.hoymercedes.com.ar\/principal\/wp-content\/uploads\/2022\/10\/Sustentable-21-1024x472.jpeg 1024w, https:\/\/www.hoymercedes.com.ar\/principal\/wp-content\/uploads\/2022\/10\/Sustentable-21-630x290.jpeg 630w, https:\/\/www.hoymercedes.com.ar\/principal\/wp-content\/uploads\/2022\/10\/Sustentable-21-150x69.jpeg 150w, https:\/\/www.hoymercedes.com.ar\/principal\/wp-content\/uploads\/2022\/10\/Sustentable-21.jpeg 1280w\" sizes=\"auto, (max-width: 1024px) 100vw, 1024px\" \/><\/figure>\n\n\n\n<p>La Direcci\u00f3n de Ambiente mont\u00f3 un puesto especialmente planificado para el cuidado ambiental en el marco del 4\u00ba Festival de Cerveceros Meredinos se llev\u00f3 adelante la entrega de puestos de reciclaje a los distintos puesteros, pero, adem\u00e1s, un puesto de reciclaje donde los asistentes pod\u00edan hacer acciones de protecci\u00f3n ambiental y acciones por el cambio clim\u00e1tico.&nbsp;<\/p>\n\n\n\n<p>Valeria D\u00b4Angelo, directora de ambiente, remarc\u00f3 que \u201ces parte de las pol\u00edticas llevadas adelante por nuestra gesti\u00f3n local donde buscamos crear consciencia, pero tambi\u00e9n acciones concretas por el cuidado de nuestro planeta y nuestro parque municipal\u201d sostuvo.&nbsp;<\/p>\n\n\n\n<p>M\u00e1s adelante coment\u00f3 que \u201cen la fiesta combinamos trabajo con la direcci\u00f3n de espacios verdes y el vivero biotecnol\u00f3gico para construir, poco a poco, en unidad y solidaridad, una fiesta ambientalmente sustentable, promoviendo el reciclado. A quienes ayudaban e interactuaban con nuestro puesto le regalamos justamente una plantita del vivero\u201d mencion\u00f3.&nbsp;<\/p>\n\n\n\n<p>De esta manera se contin\u00faa trabajando desde la Municipalidad con el objetivo de cuidar el ambiente y en particular nuestro Parque Municipal. &nbsp;<\/p>\n","protected":false},"excerpt":{"rendered":"<p>Promovieron el \u00abFestival Cervecero\u00bb ambientalmente sustentable <\/p>\n","protected":false},"author":1,"featured_media":153927,"comment_status":"closed","ping_status":"open","sticky":false,"template":"","format":"standard","meta":{"_monsterinsights_skip_tracking":false,"_monsterinsights_sitenote_active":false,"_monsterinsights_sitenote_note":"","_monsterinsights_sitenote_category":0,"jetpack_post_was_ever_published":false,"_jetpack_newsletter_access":"","_jetpack_dont_email_post_to_subs":false,"_jetpack_newsletter_tier_id":0,"_jetpack_memberships_contains_paywalled_content":false,"_jetpack_memberships_contains_paid_content":false,"footnotes":"","jetpack_publicize_message":"","jetpack_publicize_feature_enabled":true,"jetpack_social_post_already_shared":true,"jetpack_social_options":{"image_generator_settings":{"template":"highway","default_image_id":0,"font":"","enabled":false},"version":2},"_wpas_customize_per_network":false},"categories":[30],"tags":[],"class_list":["post-153926","post","type-post","status-publish","format-standard","has-post-thumbnail","hentry","category-municipio","generate-columns","tablet-grid-50","mobile-grid-100","grid-parent","grid-50"],"jetpack_publicize_connections":[],"jetpack_featured_media_url":"https:\/\/www.hoymercedes.com.ar\/principal\/wp-content\/uploads\/2022\/10\/Sustentable-21.jpeg","wps_subtitle":"Fiestas Populares","jetpack_sharing_enabled":true,"_links":{"self":[{"href":"https:\/\/www.hoymercedes.com.ar\/principal\/wp-json\/wp\/v2\/posts\/153926","targetHints":{"allow":["GET"]}}],"collection":[{"href":"https:\/\/www.hoymercedes.com.ar\/principal\/wp-json\/wp\/v2\/posts"}],"about":[{"href":"https:\/\/www.hoymercedes.com.ar\/principal\/wp-json\/wp\/v2\/types\/post"}],"author":[{"embeddable":true,"href":"https:\/\/www.hoymercedes.com.ar\/principal\/wp-json\/wp\/v2\/users\/1"}],"replies":[{"embeddable":true,"href":"https:\/\/www.hoymercedes.com.ar\/principal\/wp-json\/wp\/v2\/comments?post=153926"}],"version-history":[{"count":0,"href":"https:\/\/www.hoymercedes.com.ar\/principal\/wp-json\/wp\/v2\/posts\/153926\/revisions"}],"wp:featuredmedia":[{"embeddable":true,"href":"https:\/\/www.hoymercedes.com.ar\/principal\/wp-json\/wp\/v2\/media\/153927"}],"wp:attachment":[{"href":"https:\/\/www.hoymercedes.com.ar\/principal\/wp-json\/wp\/v2\/media?parent=153926"}],"wp:term":[{"taxonomy":"category","embeddable":true,"href":"https:\/\/www.hoymercedes.com.ar\/principal\/wp-json\/wp\/v2\/categories?post=153926"},{"taxonomy":"post_tag","embeddable":true,"href":"https:\/\/www.hoymercedes.com.ar\/principal\/wp-json\/wp\/v2\/tags?post=153926"}],"curies":[{"name":"wp","href":"https:\/\/api.w.org\/{rel}","templated":true}]}}