{"id":153983,"date":"2022-10-11T09:30:00","date_gmt":"2022-10-11T12:30:00","guid":{"rendered":"https:\/\/www.hoymercedes.com.ar\/principal\/?p=153983"},"modified":"2022-10-11T10:57:18","modified_gmt":"2022-10-11T13:57:18","slug":"homenajearan-a-tete-betancourt-y-a-sebastian-bocca","status":"publish","type":"post","link":"https:\/\/www.hoymercedes.com.ar\/principal\/2022\/10\/11\/homenajearan-a-tete-betancourt-y-a-sebastian-bocca\/","title":{"rendered":"Homenajear\u00e1n a Tet\u00e9 Betancourt y a Sebasti\u00e1n Bocca"},"content":{"rendered":"\n<p>Contin\u00faa el Ciclo HomenajeArte en el HCD. Este jueves 13, 19 horas, Stella \u00abTet\u00e9\u00bb Betancourt y Sebasti\u00e1n Bocca ser\u00e1n los homenajeados, cada uno por sus respectivas disciplinas art\u00edsticas.<\/p>\n\n\n\n<p>Betancourt ser\u00e1 distinguida por su labor en las danzas folkl\u00f3ricas, mientras que el Arquitecto Bocca ser\u00e1 reconcido por sus obras en las artas pl\u00e1sticas, especialmente por su pinturas que ser\u00e1n expuestas en el recinto del HCD. <\/p>\n\n\n\n<figure class=\"wp-block-image size-large\"><img loading=\"lazy\" decoding=\"async\" width=\"1024\" height=\"614\" data-attachment-id=\"153984\" data-permalink=\"https:\/\/www.hoymercedes.com.ar\/principal\/2022\/10\/11\/homenajearan-a-tete-betancourt-y-a-sebastian-bocca\/whatsapp-image-2022-10-11-at-08-46-13\/#main\" data-orig-file=\"https:\/\/www.hoymercedes.com.ar\/principal\/wp-content\/uploads\/2022\/10\/WhatsApp-Image-2022-10-11-at-08.46.13.jpeg\" data-orig-size=\"1280,768\" data-comments-opened=\"0\" data-image-meta=\"{&quot;aperture&quot;:&quot;0&quot;,&quot;credit&quot;:&quot;&quot;,&quot;camera&quot;:&quot;&quot;,&quot;caption&quot;:&quot;&quot;,&quot;created_timestamp&quot;:&quot;0&quot;,&quot;copyright&quot;:&quot;&quot;,&quot;focal_length&quot;:&quot;0&quot;,&quot;iso&quot;:&quot;0&quot;,&quot;shutter_speed&quot;:&quot;0&quot;,&quot;title&quot;:&quot;&quot;,&quot;orientation&quot;:&quot;0&quot;}\" data-image-title=\"WhatsApp Image 2022-10-11 at 08.46.13\" data-image-description=\"\" data-image-caption=\"\" data-large-file=\"https:\/\/www.hoymercedes.com.ar\/principal\/wp-content\/uploads\/2022\/10\/WhatsApp-Image-2022-10-11-at-08.46.13-1024x614.jpeg\" src=\"https:\/\/www.hoymercedes.com.ar\/principal\/wp-content\/uploads\/2022\/10\/WhatsApp-Image-2022-10-11-at-08.46.13-1024x614.jpeg\" alt=\"\" class=\"wp-image-153984\" srcset=\"https:\/\/www.hoymercedes.com.ar\/principal\/wp-content\/uploads\/2022\/10\/WhatsApp-Image-2022-10-11-at-08.46.13-1024x614.jpeg 1024w, https:\/\/www.hoymercedes.com.ar\/principal\/wp-content\/uploads\/2022\/10\/WhatsApp-Image-2022-10-11-at-08.46.13-630x378.jpeg 630w, https:\/\/www.hoymercedes.com.ar\/principal\/wp-content\/uploads\/2022\/10\/WhatsApp-Image-2022-10-11-at-08.46.13-150x90.jpeg 150w, https:\/\/www.hoymercedes.com.ar\/principal\/wp-content\/uploads\/2022\/10\/WhatsApp-Image-2022-10-11-at-08.46.13.jpeg 1280w\" sizes=\"auto, (max-width: 1024px) 100vw, 1024px\" \/><\/figure>\n","protected":false},"excerpt":{"rendered":"<p>Contin\u00faa el Ciclo HomenajeArte en el HCD. Este jueves 13, 19 horas, Stella \u00abTet\u00e9\u00bb Betancourt y Sebasti\u00e1n Bocca ser\u00e1n los &#8230; <a title=\"Homenajear\u00e1n a Tet\u00e9 Betancourt y a Sebasti\u00e1n Bocca\" class=\"read-more\" href=\"https:\/\/www.hoymercedes.com.ar\/principal\/2022\/10\/11\/homenajearan-a-tete-betancourt-y-a-sebastian-bocca\/\" aria-label=\"Leer m\u00e1s sobre Homenajear\u00e1n a Tet\u00e9 Betancourt y a Sebasti\u00e1n Bocca\">Leer m\u00e1s<\/a><\/p>\n","protected":false},"author":1,"featured_media":153984,"comment_status":"closed","ping_status":"open","sticky":false,"template":"","format":"standard","meta":{"_monsterinsights_skip_tracking":false,"_monsterinsights_sitenote_active":false,"_monsterinsights_sitenote_note":"","_monsterinsights_sitenote_category":0,"jetpack_post_was_ever_published":false,"_jetpack_newsletter_access":"","_jetpack_dont_email_post_to_subs":false,"_jetpack_newsletter_tier_id":0,"_jetpack_memberships_contains_paywalled_content":false,"_jetpack_memberships_contains_paid_content":false,"footnotes":"","jetpack_publicize_message":"","jetpack_publicize_feature_enabled":true,"jetpack_social_post_already_shared":true,"jetpack_social_options":{"image_generator_settings":{"template":"highway","default_image_id":0,"font":"","enabled":false},"version":2},"_wpas_customize_per_network":false},"categories":[18286],"tags":[7805],"class_list":["post-153983","post","type-post","status-publish","format-standard","has-post-thumbnail","hentry","category-hcd-mercedes","tag-cultura","generate-columns","tablet-grid-50","mobile-grid-100","grid-parent","grid-50"],"jetpack_publicize_connections":[],"jetpack_featured_media_url":"https:\/\/www.hoymercedes.com.ar\/principal\/wp-content\/uploads\/2022\/10\/WhatsApp-Image-2022-10-11-at-08.46.13.jpeg","wps_subtitle":"","jetpack_sharing_enabled":true,"_links":{"self":[{"href":"https:\/\/www.hoymercedes.com.ar\/principal\/wp-json\/wp\/v2\/posts\/153983","targetHints":{"allow":["GET"]}}],"collection":[{"href":"https:\/\/www.hoymercedes.com.ar\/principal\/wp-json\/wp\/v2\/posts"}],"about":[{"href":"https:\/\/www.hoymercedes.com.ar\/principal\/wp-json\/wp\/v2\/types\/post"}],"author":[{"embeddable":true,"href":"https:\/\/www.hoymercedes.com.ar\/principal\/wp-json\/wp\/v2\/users\/1"}],"replies":[{"embeddable":true,"href":"https:\/\/www.hoymercedes.com.ar\/principal\/wp-json\/wp\/v2\/comments?post=153983"}],"version-history":[{"count":0,"href":"https:\/\/www.hoymercedes.com.ar\/principal\/wp-json\/wp\/v2\/posts\/153983\/revisions"}],"wp:featuredmedia":[{"embeddable":true,"href":"https:\/\/www.hoymercedes.com.ar\/principal\/wp-json\/wp\/v2\/media\/153984"}],"wp:attachment":[{"href":"https:\/\/www.hoymercedes.com.ar\/principal\/wp-json\/wp\/v2\/media?parent=153983"}],"wp:term":[{"taxonomy":"category","embeddable":true,"href":"https:\/\/www.hoymercedes.com.ar\/principal\/wp-json\/wp\/v2\/categories?post=153983"},{"taxonomy":"post_tag","embeddable":true,"href":"https:\/\/www.hoymercedes.com.ar\/principal\/wp-json\/wp\/v2\/tags?post=153983"}],"curies":[{"name":"wp","href":"https:\/\/api.w.org\/{rel}","templated":true}]}}