{"id":153991,"date":"2022-10-13T13:14:00","date_gmt":"2022-10-13T16:14:00","guid":{"rendered":"https:\/\/www.hoymercedes.com.ar\/principal\/?p=153991"},"modified":"2022-10-13T11:29:06","modified_gmt":"2022-10-13T14:29:06","slug":"mes-del-grabado-distintas-propuestas-y-actividades","status":"publish","type":"post","link":"https:\/\/www.hoymercedes.com.ar\/principal\/2022\/10\/13\/mes-del-grabado-distintas-propuestas-y-actividades\/","title":{"rendered":"Mes del Grabado: distintas propuestas y actividades"},"content":{"rendered":"\n<p>El s\u00e1bado comienza el Mes del Grabado con un interesante recorrido por diversos espacios de la ciudad y con excelentes propuestas. La pr\u00f3xima semana ser\u00e1 el turno de la Bienal el Teatro Argentino y el certamen de Grabado Xilogr\u00e1fico \u201cCiudad de Mercedes\u201d en \u201cEl Limonero\u201d.\u00a0<\/p>\n\n\n<div class=\"wp-block-image\">\n<figure class=\"aligncenter size-full\"><img loading=\"lazy\" decoding=\"async\" width=\"641\" height=\"800\" data-attachment-id=\"154062\" data-permalink=\"https:\/\/www.hoymercedes.com.ar\/principal\/2022\/10\/13\/mes-del-grabado-distintas-propuestas-y-actividades\/grabado-2\/#main\" data-orig-file=\"https:\/\/www.hoymercedes.com.ar\/principal\/wp-content\/uploads\/2022\/10\/grabado-2.jpg\" data-orig-size=\"641,800\" data-comments-opened=\"0\" data-image-meta=\"{&quot;aperture&quot;:&quot;0&quot;,&quot;credit&quot;:&quot;&quot;,&quot;camera&quot;:&quot;&quot;,&quot;caption&quot;:&quot;&quot;,&quot;created_timestamp&quot;:&quot;0&quot;,&quot;copyright&quot;:&quot;&quot;,&quot;focal_length&quot;:&quot;0&quot;,&quot;iso&quot;:&quot;0&quot;,&quot;shutter_speed&quot;:&quot;0&quot;,&quot;title&quot;:&quot;&quot;,&quot;orientation&quot;:&quot;0&quot;}\" data-image-title=\"grabado 2\" data-image-description=\"\" data-image-caption=\"\" data-large-file=\"https:\/\/www.hoymercedes.com.ar\/principal\/wp-content\/uploads\/2022\/10\/grabado-2.jpg\" src=\"https:\/\/www.hoymercedes.com.ar\/principal\/wp-content\/uploads\/2022\/10\/grabado-2.jpg\" alt=\"\" class=\"wp-image-154062\" srcset=\"https:\/\/www.hoymercedes.com.ar\/principal\/wp-content\/uploads\/2022\/10\/grabado-2.jpg 641w, https:\/\/www.hoymercedes.com.ar\/principal\/wp-content\/uploads\/2022\/10\/grabado-2-497x620.jpg 497w, https:\/\/www.hoymercedes.com.ar\/principal\/wp-content\/uploads\/2022\/10\/grabado-2-120x150.jpg 120w\" sizes=\"auto, (max-width: 641px) 100vw, 641px\" \/><\/figure>\n<\/div>\n\n\n<p>Como todos los a\u00f1os, durante octubre la ciudad prepara un nutrido itinerario de actividades entre los centros culturales del municipio, y diferentes talleres de la ciudad por el \u201cMes del Grabado\u201d.&nbsp;<\/p>\n\n\n\n<p>Para este 2022, el pr\u00f3ximo s\u00e1bado 15 de octubre dar\u00e1 inici\u00f3 con un recorrido cultural para que el p\u00fablico no se pierda ninguna de las propuestas y pueda disfrutar en los diferentes espacios culturales de Mercedes.&nbsp;<\/p>\n\n\n\n<p>Desde las 14 horas, la jornada abrir\u00e1 con el Seminario \u201cMordiente Salino\u201d a cargo de M\u00f3nica Vidal en \u201cEl Limonero\u201d (Calle 21 entre 16 y 14). El mismo es arancelado y requiere inscripci\u00f3n previa al (2324) 504498.&nbsp;&nbsp;<\/p>\n\n\n\n<p>Luego continuar\u00e1 con \u201cPostales en Vivo\u201d desde las 17 horas, coordinado por Cumbi Giraudi con obras de Graciela Buratti. Esta actividad se realizar\u00e1 en la Tienda Taller Serigrafico \u201cVolc\u00e1n\u201d ubicada en 23 entre 28 y 30.&nbsp;<\/p>\n\n\n\n<p>A las 18 horas, la cita se traslada al Estudio de Arte Cueto (19 entre 18 y 20) con la inauguraci\u00f3n de la muestra \u201cA la Mar Nom\u201d a cargo de Graciela Buratti, haci\u00e9ndose extensivas las vistas hasta el domingo 23.&nbsp;<\/p>\n\n\n\n<p>Para cerrar la jornada, el MAMM (Calle 23 entre 18 y 16) presentar\u00e1 \u201cEl Aire que Tenemos\u201d por Iara Palma, \u201cSoledades Humanas\u201d por Julieta Warman, \u201cExposici\u00f3n de grabados y postales Palestina Libre\u201d y la muestra \u201cOctubre Mes del Grabado\u201d por los alumnos de la Escuela de Arte \u201cFifo\u201d Roggero. Rodas estas actividades comenzar\u00e1n desde las 19 horas en el Museo de Arte.\u00a0<\/p>\n\n\n<div class=\"wp-block-image\">\n<figure class=\"aligncenter size-full\"><img loading=\"lazy\" decoding=\"async\" width=\"801\" height=\"801\" data-attachment-id=\"154061\" data-permalink=\"https:\/\/www.hoymercedes.com.ar\/principal\/2022\/10\/13\/mes-del-grabado-distintas-propuestas-y-actividades\/grabado-mes\/#main\" data-orig-file=\"https:\/\/www.hoymercedes.com.ar\/principal\/wp-content\/uploads\/2022\/10\/grabado-mes.jpg\" data-orig-size=\"801,801\" data-comments-opened=\"0\" data-image-meta=\"{&quot;aperture&quot;:&quot;0&quot;,&quot;credit&quot;:&quot;&quot;,&quot;camera&quot;:&quot;&quot;,&quot;caption&quot;:&quot;&quot;,&quot;created_timestamp&quot;:&quot;0&quot;,&quot;copyright&quot;:&quot;&quot;,&quot;focal_length&quot;:&quot;0&quot;,&quot;iso&quot;:&quot;0&quot;,&quot;shutter_speed&quot;:&quot;0&quot;,&quot;title&quot;:&quot;&quot;,&quot;orientation&quot;:&quot;0&quot;}\" data-image-title=\"grabado mes\" data-image-description=\"\" data-image-caption=\"\" data-large-file=\"https:\/\/www.hoymercedes.com.ar\/principal\/wp-content\/uploads\/2022\/10\/grabado-mes.jpg\" src=\"https:\/\/www.hoymercedes.com.ar\/principal\/wp-content\/uploads\/2022\/10\/grabado-mes.jpg\" alt=\"\" class=\"wp-image-154061\" srcset=\"https:\/\/www.hoymercedes.com.ar\/principal\/wp-content\/uploads\/2022\/10\/grabado-mes.jpg 801w, https:\/\/www.hoymercedes.com.ar\/principal\/wp-content\/uploads\/2022\/10\/grabado-mes-620x620.jpg 620w, https:\/\/www.hoymercedes.com.ar\/principal\/wp-content\/uploads\/2022\/10\/grabado-mes-150x150.jpg 150w\" sizes=\"auto, (max-width: 801px) 100vw, 801px\" \/><\/figure>\n<\/div>\n\n\n<p>Para la semana entrante, continuar\u00e1n los diversos seminarios y el s\u00e1bado 22 tendr\u00e1 lugar la cl\u00e1sica Bienal en el CC Julio Cesar Gioscio (Calle 27 entre 24 y 26) y el certamen de Grabado Xilogr\u00e1fico \u201cCiudad de Mercedes\u201d en \u201cEl Limonero\u201d. Las actividades se ir\u00e1n desarrollando hasta el venidero domingo 30 con una nutrida grilla de propuestas.\u00a0<\/p>\n\n\n\n<p>Colaboraci\u00f3n Mariano Oyarz\u00fa<\/p>\n\n\n<div class=\"wp-block-image\">\n<figure class=\"aligncenter size-full\"><img loading=\"lazy\" decoding=\"async\" width=\"641\" height=\"800\" data-attachment-id=\"154063\" data-permalink=\"https:\/\/www.hoymercedes.com.ar\/principal\/2022\/10\/13\/mes-del-grabado-distintas-propuestas-y-actividades\/grabado-1\/#main\" data-orig-file=\"https:\/\/www.hoymercedes.com.ar\/principal\/wp-content\/uploads\/2022\/10\/grabado-1.jpg\" data-orig-size=\"641,800\" data-comments-opened=\"0\" data-image-meta=\"{&quot;aperture&quot;:&quot;0&quot;,&quot;credit&quot;:&quot;&quot;,&quot;camera&quot;:&quot;&quot;,&quot;caption&quot;:&quot;&quot;,&quot;created_timestamp&quot;:&quot;0&quot;,&quot;copyright&quot;:&quot;&quot;,&quot;focal_length&quot;:&quot;0&quot;,&quot;iso&quot;:&quot;0&quot;,&quot;shutter_speed&quot;:&quot;0&quot;,&quot;title&quot;:&quot;&quot;,&quot;orientation&quot;:&quot;0&quot;}\" data-image-title=\"grabado 1\" data-image-description=\"\" data-image-caption=\"\" data-large-file=\"https:\/\/www.hoymercedes.com.ar\/principal\/wp-content\/uploads\/2022\/10\/grabado-1.jpg\" src=\"https:\/\/www.hoymercedes.com.ar\/principal\/wp-content\/uploads\/2022\/10\/grabado-1.jpg\" alt=\"\" class=\"wp-image-154063\" srcset=\"https:\/\/www.hoymercedes.com.ar\/principal\/wp-content\/uploads\/2022\/10\/grabado-1.jpg 641w, https:\/\/www.hoymercedes.com.ar\/principal\/wp-content\/uploads\/2022\/10\/grabado-1-497x620.jpg 497w, https:\/\/www.hoymercedes.com.ar\/principal\/wp-content\/uploads\/2022\/10\/grabado-1-120x150.jpg 120w\" sizes=\"auto, (max-width: 641px) 100vw, 641px\" \/><\/figure>\n<\/div>","protected":false},"excerpt":{"rendered":"<p>El s\u00e1bado comienza el Mes del Grabado con un interesante recorrido por diversos espacios de la ciudad y con excelentes propuestas. <\/p>\n","protected":false},"author":1,"featured_media":154061,"comment_status":"closed","ping_status":"open","sticky":false,"template":"","format":"standard","meta":{"_monsterinsights_skip_tracking":false,"_monsterinsights_sitenote_active":false,"_monsterinsights_sitenote_note":"","_monsterinsights_sitenote_category":0,"jetpack_post_was_ever_published":false,"_jetpack_newsletter_access":"","_jetpack_dont_email_post_to_subs":false,"_jetpack_newsletter_tier_id":0,"_jetpack_memberships_contains_paywalled_content":false,"_jetpack_memberships_contains_paid_content":false,"footnotes":"","jetpack_publicize_message":"","jetpack_publicize_feature_enabled":true,"jetpack_social_post_already_shared":true,"jetpack_social_options":{"image_generator_settings":{"template":"highway","default_image_id":0,"font":"","enabled":false},"version":2},"_wpas_customize_per_network":false},"categories":[104],"tags":[7805],"class_list":["post-153991","post","type-post","status-publish","format-standard","has-post-thumbnail","hentry","category-cultura","tag-cultura","generate-columns","tablet-grid-50","mobile-grid-100","grid-parent","grid-50"],"jetpack_publicize_connections":[],"jetpack_featured_media_url":"https:\/\/www.hoymercedes.com.ar\/principal\/wp-content\/uploads\/2022\/10\/grabado-mes.jpg","wps_subtitle":"Arranca el s\u00e1bado","jetpack_sharing_enabled":true,"_links":{"self":[{"href":"https:\/\/www.hoymercedes.com.ar\/principal\/wp-json\/wp\/v2\/posts\/153991","targetHints":{"allow":["GET"]}}],"collection":[{"href":"https:\/\/www.hoymercedes.com.ar\/principal\/wp-json\/wp\/v2\/posts"}],"about":[{"href":"https:\/\/www.hoymercedes.com.ar\/principal\/wp-json\/wp\/v2\/types\/post"}],"author":[{"embeddable":true,"href":"https:\/\/www.hoymercedes.com.ar\/principal\/wp-json\/wp\/v2\/users\/1"}],"replies":[{"embeddable":true,"href":"https:\/\/www.hoymercedes.com.ar\/principal\/wp-json\/wp\/v2\/comments?post=153991"}],"version-history":[{"count":0,"href":"https:\/\/www.hoymercedes.com.ar\/principal\/wp-json\/wp\/v2\/posts\/153991\/revisions"}],"wp:featuredmedia":[{"embeddable":true,"href":"https:\/\/www.hoymercedes.com.ar\/principal\/wp-json\/wp\/v2\/media\/154061"}],"wp:attachment":[{"href":"https:\/\/www.hoymercedes.com.ar\/principal\/wp-json\/wp\/v2\/media?parent=153991"}],"wp:term":[{"taxonomy":"category","embeddable":true,"href":"https:\/\/www.hoymercedes.com.ar\/principal\/wp-json\/wp\/v2\/categories?post=153991"},{"taxonomy":"post_tag","embeddable":true,"href":"https:\/\/www.hoymercedes.com.ar\/principal\/wp-json\/wp\/v2\/tags?post=153991"}],"curies":[{"name":"wp","href":"https:\/\/api.w.org\/{rel}","templated":true}]}}