{"id":154076,"date":"2022-10-13T19:17:27","date_gmt":"2022-10-13T22:17:27","guid":{"rendered":"https:\/\/www.hoymercedes.com.ar\/principal\/?p=154076"},"modified":"2022-10-13T19:21:18","modified_gmt":"2022-10-13T22:21:18","slug":"argentina-1985-suma-el-terror-de-sonrie","status":"publish","type":"post","link":"https:\/\/www.hoymercedes.com.ar\/principal\/2022\/10\/13\/argentina-1985-suma-el-terror-de-sonrie\/","title":{"rendered":"Argentina, 1985 suma el terror de Sonr\u00ede"},"content":{"rendered":"\n<p>Desde el viernes 14 al martes 18 el Cine Mercedes contin\u00faa con la proyecci\u00f3n de \u00abArgentina,1985\u00bb por tercera semana consecutiva. A este film se le suma la pel\u00edcula de terror \u00abSonr\u00ede\u00bb. En tanto, el s\u00e1bado y el domingo, se podr\u00e1 ver \u00abTadeo 3\u00bb. <\/p>\n\n\n<div class=\"wp-block-image\">\n<figure class=\"aligncenter size-full\"><img loading=\"lazy\" decoding=\"async\" width=\"525\" height=\"800\" data-attachment-id=\"154080\" data-permalink=\"https:\/\/www.hoymercedes.com.ar\/principal\/2022\/10\/13\/argentina-1985-suma-el-terror-de-sonrie\/gacetilla-cine-mercedes-1-4\/#main\" data-orig-file=\"https:\/\/www.hoymercedes.com.ar\/principal\/wp-content\/uploads\/2022\/10\/Gacetilla-Cine-Mercedes-1.jpg\" data-orig-size=\"525,800\" data-comments-opened=\"0\" data-image-meta=\"{&quot;aperture&quot;:&quot;0&quot;,&quot;credit&quot;:&quot;&quot;,&quot;camera&quot;:&quot;&quot;,&quot;caption&quot;:&quot;&quot;,&quot;created_timestamp&quot;:&quot;0&quot;,&quot;copyright&quot;:&quot;&quot;,&quot;focal_length&quot;:&quot;0&quot;,&quot;iso&quot;:&quot;0&quot;,&quot;shutter_speed&quot;:&quot;0&quot;,&quot;title&quot;:&quot;&quot;,&quot;orientation&quot;:&quot;1&quot;}\" data-image-title=\"Gacetilla Cine Mercedes (1)\" data-image-description=\"\" data-image-caption=\"\" data-large-file=\"https:\/\/www.hoymercedes.com.ar\/principal\/wp-content\/uploads\/2022\/10\/Gacetilla-Cine-Mercedes-1.jpg\" src=\"https:\/\/www.hoymercedes.com.ar\/principal\/wp-content\/uploads\/2022\/10\/Gacetilla-Cine-Mercedes-1.jpg\" alt=\"\" class=\"wp-image-154080\" srcset=\"https:\/\/www.hoymercedes.com.ar\/principal\/wp-content\/uploads\/2022\/10\/Gacetilla-Cine-Mercedes-1.jpg 525w, https:\/\/www.hoymercedes.com.ar\/principal\/wp-content\/uploads\/2022\/10\/Gacetilla-Cine-Mercedes-1-407x620.jpg 407w, https:\/\/www.hoymercedes.com.ar\/principal\/wp-content\/uploads\/2022\/10\/Gacetilla-Cine-Mercedes-1-98x150.jpg 98w\" sizes=\"auto, (max-width: 525px) 100vw, 525px\" \/><\/figure>\n<\/div>\n\n\n<p>Sinopsis \u00abSonr\u00ede\u00bb: Despu\u00e9s de presenciar un incidente extra\u00f1o y traum\u00e1tico que involucra a un paciente, la Dra. Rose Cotter (Sosie Bacon) comienza a experimentar sucesos aterradores que no puede explicar. A medida que un terror abrumador comienza a apoderarse de su vida, Rose debe enfrentar su inquietante pasado para poder sobrevivir y escapar de su nueva y horrible realidad.<\/p>\n\n\n\n<p>Sinopsis  \u00abArgentina, 1985\u00bb. Est\u00e1 inspirada en la historia real de Julio Strassera, Luis Moreno Ocampo y su joven equipo jur\u00eddico que se atrevieron a acusar, contra viento y marea, a contrarreloj y bajo constante amenaza, a la m\u00e1s sangrienta dictadura militar argentina. Una batalla de David contra Goliat, con los h\u00e9roes menos esperados.<\/p>\n\n\n\n<p>Sinopsis \u00abTadeo 3, el explorador\u00bb: A Tadeo le encantar\u00eda que sus colegas arque\u00f3logos le aceptasen como a uno m\u00e1s, pero siempre acaba li\u00e1ndola: destroza un sarc\u00f3fago y desata un conjuro que pone en peligro la vida de sus amigos, Momia, Jeff y Belzoni. Con todos en contra y solo ayudado por Sara, Tadeo emprender\u00e1 una huida llena de aventuras, que le llevar\u00e1 de M\u00e9xico a Chicago y de Par\u00eds a Egipto, para encontrar la manera de acabar con la maldici\u00f3n de la momia.<\/p>\n","protected":false},"excerpt":{"rendered":"<p>Desde el viernes 14 al martes 18 el Cine Mercedes contin\u00faa con la proyecci\u00f3n de \u00abArgentina,1985\u00bb por tercera semana consecutiva. A este film se le suma la pel\u00edcula de terror \u00abSonr\u00ede\u00bb. En tanto, el s\u00e1bado y el domingo, se podr\u00e1 ver \u00abTadeo 3\u00bb. Mir\u00e1 el horario de las funciones. <\/p>\n","protected":false},"author":1,"featured_media":154079,"comment_status":"closed","ping_status":"open","sticky":false,"template":"","format":"standard","meta":{"_monsterinsights_skip_tracking":false,"_monsterinsights_sitenote_active":false,"_monsterinsights_sitenote_note":"","_monsterinsights_sitenote_category":0,"jetpack_post_was_ever_published":false,"_jetpack_newsletter_access":"","_jetpack_dont_email_post_to_subs":false,"_jetpack_newsletter_tier_id":0,"_jetpack_memberships_contains_paywalled_content":false,"_jetpack_memberships_contains_paid_content":false,"footnotes":"","jetpack_publicize_message":"","jetpack_publicize_feature_enabled":true,"jetpack_social_post_already_shared":true,"jetpack_social_options":{"image_generator_settings":{"template":"highway","default_image_id":0,"font":"","enabled":false},"version":2},"_wpas_customize_per_network":false},"categories":[104],"tags":[7805],"class_list":["post-154076","post","type-post","status-publish","format-standard","has-post-thumbnail","hentry","category-cultura","tag-cultura","generate-columns","tablet-grid-50","mobile-grid-100","grid-parent","grid-50"],"jetpack_publicize_connections":[],"jetpack_featured_media_url":"https:\/\/www.hoymercedes.com.ar\/principal\/wp-content\/uploads\/2022\/10\/Sonrie.jpg","wps_subtitle":"","jetpack_sharing_enabled":true,"_links":{"self":[{"href":"https:\/\/www.hoymercedes.com.ar\/principal\/wp-json\/wp\/v2\/posts\/154076","targetHints":{"allow":["GET"]}}],"collection":[{"href":"https:\/\/www.hoymercedes.com.ar\/principal\/wp-json\/wp\/v2\/posts"}],"about":[{"href":"https:\/\/www.hoymercedes.com.ar\/principal\/wp-json\/wp\/v2\/types\/post"}],"author":[{"embeddable":true,"href":"https:\/\/www.hoymercedes.com.ar\/principal\/wp-json\/wp\/v2\/users\/1"}],"replies":[{"embeddable":true,"href":"https:\/\/www.hoymercedes.com.ar\/principal\/wp-json\/wp\/v2\/comments?post=154076"}],"version-history":[{"count":0,"href":"https:\/\/www.hoymercedes.com.ar\/principal\/wp-json\/wp\/v2\/posts\/154076\/revisions"}],"wp:featuredmedia":[{"embeddable":true,"href":"https:\/\/www.hoymercedes.com.ar\/principal\/wp-json\/wp\/v2\/media\/154079"}],"wp:attachment":[{"href":"https:\/\/www.hoymercedes.com.ar\/principal\/wp-json\/wp\/v2\/media?parent=154076"}],"wp:term":[{"taxonomy":"category","embeddable":true,"href":"https:\/\/www.hoymercedes.com.ar\/principal\/wp-json\/wp\/v2\/categories?post=154076"},{"taxonomy":"post_tag","embeddable":true,"href":"https:\/\/www.hoymercedes.com.ar\/principal\/wp-json\/wp\/v2\/tags?post=154076"}],"curies":[{"name":"wp","href":"https:\/\/api.w.org\/{rel}","templated":true}]}}