{"id":154087,"date":"2022-10-14T07:00:00","date_gmt":"2022-10-14T10:00:00","guid":{"rendered":"https:\/\/www.hoymercedes.com.ar\/principal\/?p=154087"},"modified":"2022-10-13T20:03:54","modified_gmt":"2022-10-13T23:03:54","slug":"el-complejo-udaondo-festeja-su-aniversario-con-musica-en-vivo","status":"publish","type":"post","link":"https:\/\/www.hoymercedes.com.ar\/principal\/2022\/10\/14\/el-complejo-udaondo-festeja-su-aniversario-con-musica-en-vivo\/","title":{"rendered":"El Complejo Udaondo festeja su aniversario con m\u00fasica en vivo\u00a0"},"content":{"rendered":"\n<p><strong><em>El Instituto Cultural de la Provincia prepar\u00f3 una serie de actividades para celebrar el s\u00e1bado 15 de octubre. Habr\u00e1 un nuevo espect\u00e1culo de \u201cA Cielo Abierto\u201d, una presentaci\u00f3n de un solo de viol\u00edn y una funci\u00f3n en vivo de un tr\u00edo tenor l\u00edrico.\u00a0<\/em>\u00a0<\/strong><\/p>\n\n\n\n<p>El s\u00e1bado 15 de octubre a partir de las 14:00, como parte de los festejos por el aniversario del <strong>Complejo Museogr\u00e1fico Provincial Enrique Udaondo de Luj\u00e1n<\/strong>, se presentar\u00e1 una funci\u00f3n de \u201cMelocot\u00f3n Pajarito\u201d en el marco del ciclo \u201cA Cielo Abierto\u201d. Adem\u00e1s habr\u00e1 un show en vivo de la violinista Xoana Espil y la jornada concluir\u00e1 con el espect\u00e1culo del tr\u00edo l\u00edrico popular integrado por Gabriela Bulich, Pablo L\u00f3pez Regianni y Maximiliano Agatiello. Esta iniciativa forma parte del ciclo impulsado por el <strong>Instituto Cultural de la Provincia de Buenos Aires<\/strong>. La entrada es libre y gratuita.&nbsp;<\/p>\n\n\n\n<p>La obra \u201cMelocot\u00f3n Pajarito\u201d, integrada por Felicitas Camardon, Demian Pozzo y Mat\u00edas Shurjin, es un espect\u00e1culo minimalista donde las voces cantadas conviven con instrumentos ac\u00fasticos tejiendo un sonido dulce, inteligible y sin estridencias. Propone un recorrido l\u00fadico-musical a trav\u00e9s de Latinoam\u00e9rica, pasando por diversos ritmos musicales.&nbsp;&nbsp;<\/p>\n\n\n\n<p>Luego se presentar\u00e1 la solista de viol\u00edn Xoana Espil. Oriunda de la ciudad de Luj\u00e1n, se form\u00f3 y egres\u00f3 en el Conservatorio de Mercedes, con orientaci\u00f3n en M\u00fasica Cl\u00e1sica. Ha tocado en numerosas Orquestas Sinf\u00f3nicas, entre las que se destacan la Orquesta Sinf\u00f3nica de Radio Nacional y la Orquesta de C\u00e1mara.&nbsp;<\/p>\n\n\n\n<p>La jornada concluir\u00e1 con la presentaci\u00f3n del tr\u00edo l\u00edrico popular integrado por los tres tenores Maximiliano Agatiello, Pablo L\u00f3pez Reggiani y Gabriela Bulich, quienes actualmente forman parte del Coro Estable del Teatro Argentino.&nbsp;&nbsp;<\/p>\n","protected":false},"excerpt":{"rendered":"<p>El Instituto Cultural de la Provincia prepar\u00f3 una serie de actividades para celebrar el s\u00e1bado 15 de octubre. Habr\u00e1 un &#8230; <a title=\"El Complejo Udaondo festeja su aniversario con m\u00fasica en vivo\u00a0\" class=\"read-more\" href=\"https:\/\/www.hoymercedes.com.ar\/principal\/2022\/10\/14\/el-complejo-udaondo-festeja-su-aniversario-con-musica-en-vivo\/\" aria-label=\"Leer m\u00e1s sobre El Complejo Udaondo festeja su aniversario con m\u00fasica en vivo\u00a0\">Leer m\u00e1s<\/a><\/p>\n","protected":false},"author":1,"featured_media":133947,"comment_status":"closed","ping_status":"open","sticky":false,"template":"","format":"standard","meta":{"_monsterinsights_skip_tracking":false,"_monsterinsights_sitenote_active":false,"_monsterinsights_sitenote_note":"","_monsterinsights_sitenote_category":0,"jetpack_post_was_ever_published":false,"_jetpack_newsletter_access":"","_jetpack_dont_email_post_to_subs":false,"_jetpack_newsletter_tier_id":0,"_jetpack_memberships_contains_paywalled_content":false,"_jetpack_memberships_contains_paid_content":false,"footnotes":"","jetpack_publicize_message":"","jetpack_publicize_feature_enabled":true,"jetpack_social_post_already_shared":true,"jetpack_social_options":{"image_generator_settings":{"template":"highway","default_image_id":0,"font":"","enabled":false},"version":2},"_wpas_customize_per_network":false},"categories":[201],"tags":[7805],"class_list":["post-154087","post","type-post","status-publish","format-standard","has-post-thumbnail","hentry","category-lujan-2","tag-cultura","generate-columns","tablet-grid-50","mobile-grid-100","grid-parent","grid-50"],"jetpack_publicize_connections":[],"jetpack_featured_media_url":"https:\/\/www.hoymercedes.com.ar\/principal\/wp-content\/uploads\/2021\/07\/23-udaondo-logo.png","wps_subtitle":"","jetpack_sharing_enabled":true,"_links":{"self":[{"href":"https:\/\/www.hoymercedes.com.ar\/principal\/wp-json\/wp\/v2\/posts\/154087","targetHints":{"allow":["GET"]}}],"collection":[{"href":"https:\/\/www.hoymercedes.com.ar\/principal\/wp-json\/wp\/v2\/posts"}],"about":[{"href":"https:\/\/www.hoymercedes.com.ar\/principal\/wp-json\/wp\/v2\/types\/post"}],"author":[{"embeddable":true,"href":"https:\/\/www.hoymercedes.com.ar\/principal\/wp-json\/wp\/v2\/users\/1"}],"replies":[{"embeddable":true,"href":"https:\/\/www.hoymercedes.com.ar\/principal\/wp-json\/wp\/v2\/comments?post=154087"}],"version-history":[{"count":0,"href":"https:\/\/www.hoymercedes.com.ar\/principal\/wp-json\/wp\/v2\/posts\/154087\/revisions"}],"wp:featuredmedia":[{"embeddable":true,"href":"https:\/\/www.hoymercedes.com.ar\/principal\/wp-json\/wp\/v2\/media\/133947"}],"wp:attachment":[{"href":"https:\/\/www.hoymercedes.com.ar\/principal\/wp-json\/wp\/v2\/media?parent=154087"}],"wp:term":[{"taxonomy":"category","embeddable":true,"href":"https:\/\/www.hoymercedes.com.ar\/principal\/wp-json\/wp\/v2\/categories?post=154087"},{"taxonomy":"post_tag","embeddable":true,"href":"https:\/\/www.hoymercedes.com.ar\/principal\/wp-json\/wp\/v2\/tags?post=154087"}],"curies":[{"name":"wp","href":"https:\/\/api.w.org\/{rel}","templated":true}]}}