{"id":154104,"date":"2022-10-14T09:56:03","date_gmt":"2022-10-14T12:56:03","guid":{"rendered":"https:\/\/www.hoymercedes.com.ar\/principal\/?p=154104"},"modified":"2022-10-14T09:56:06","modified_gmt":"2022-10-14T12:56:06","slug":"aprehendieron-a-cuatro-mecheros-por-hurto-a-comercios","status":"publish","type":"post","link":"https:\/\/www.hoymercedes.com.ar\/principal\/2022\/10\/14\/aprehendieron-a-cuatro-mecheros-por-hurto-a-comercios\/","title":{"rendered":"Aprehendieron a cuatro mecheros por hurto a comercios"},"content":{"rendered":"\n<p>En la jornada del mi\u00e9rcoles 12 del corriente, fueron aprehendidas cuatro personas vinculadas al hurto de elementos en locales comerciales de la localidad de Mercedes bajo la modalidad conocida como \u201cmecheros\u201d. <\/p>\n\n\n\n<p>Vale destacar que fueron interceptados al retirarse de un local de ropa de calle 14 entre 17 y 19, a la que ya hab\u00edan atracado la semana anterior, y tambi\u00e9n hab\u00edan sustra\u00eddo un celular en un comercio del rubro papelera d\u00edas pasados.<\/p>\n\n\n\n<p>De acuerdo a lo que pudo conocerse, tras el alerta al 911 personal policial de esta ciudad logr\u00f3 interceptarlos a la salida de un local. Tras ello tom\u00f3 intervenci\u00f3n la Unidad Funcional de Instrucci\u00f3n N.\u00ba 2 del Departamento Judicial Mercedes, a cargo del dr. Sebasti\u00e1n Villalba que imparti\u00f3 las directivas del caso.<\/p>\n\n\n\n<p>Tras reunir una serie de elementos, para el fiscal existen indicios respecto de que las personas aprehendidas conformar\u00edan una asociaci\u00f3n il\u00edcita dedicada a la comisi\u00f3n de il\u00edcitos del tipo hurto cometidos bajo la modalidad denominada \u201cmechera\u201d en la localidad de Mercedes. <\/p>\n\n\n\n<p>Seg\u00fan se ha podido determinar, los mismos llegaban a la localidad en un autom\u00f3vil Chevrolet Agile y tras seleccionar los objetivos ingresaban y utilizaban diferentes maniobras para distraer a quienes se encontraban atendiendo para hacerse de diferente mercader\u00eda o elementos de valor. Tras ello se retiraban del lugar.<\/p>\n\n\n\n<p>Al menos se les atribuyen 3 hechos cometidos hasta el momento: el ocurrido el 4 de octubre donde 3 de los imputados en horas del mediod\u00eda ingresaron a un local comercial del rubro \u201cpapelera\u201d ubicado en avenida 29 entre 44 y 46 donde tras distraer a la v\u00edctima sustrajeron un tel\u00e9fono celular. <\/p>\n\n\n\n<p>Otro hecho ocurrido en la misma jornada en un comercio del rubro shopping de avenida 17 y 14 donde utilizando la modalidad antes mencionada sustrajeron tres bolsones de mercader\u00eda.<\/p>\n\n\n\n<p>En tanto el pasado 12 de octubre, en horas de la tarde, retornaron al mismo comercio y comenzaron a realizar todo tipo de preguntas sobre la mercader\u00eda exhibida a los empleados a los fines de distraerlos. Sin embargo, tras lo ocurrido d\u00edas pasados los trabajadores estaban en alerta. Al percatarse de ello, o que presumiblemente los hubieran reconocido, comenzaron a dejar el lugar y regresar al autom\u00f3vil. <\/p>\n\n\n\n<p>Para ese entonces, personal policial de la comisar\u00eda local, que hab\u00eda sido alertado de la presencia del Chevrolet Agile, logr\u00f3 la aprehensi\u00f3n de las cuatro personas.<br>Los imputados (una mujer de 32 a\u00f1os y dos hombres de 33 oriundos de Moreno, y uno de 32 a\u00f1os oriundo de Ciudadela) comparecieron ante el agente fiscal en el marco de la audiencia de declaraci\u00f3n en los t\u00e9rminos del art. 308 del C\u00f3digo Procesal Penal en la jornada de este jueves.<br>Fue por los delitos de \u201cHurto reiterado &#8211; 2 hechos -, Hurto en tentativa y Asociaci\u00f3n il\u00edcita\u201d e hicieron uso de su derecho de negarse a declarar.<\/p>\n\n\n\n<p>Fuente: Ministerio P\u00fablico Fiscal Depto. Judicial Mercedes<\/p>\n","protected":false},"excerpt":{"rendered":"<p>En la jornada del mi\u00e9rcoles 12 del corriente, fueron aprehendidas cuatro personas vinculadas al hurto de elementos en locales comerciales de la localidad de Mercedes bajo la modalidad conocida como \u201cmecheros\u201d. <\/p>\n","protected":false},"author":1,"featured_media":127982,"comment_status":"closed","ping_status":"open","sticky":false,"template":"","format":"standard","meta":{"_monsterinsights_skip_tracking":false,"_monsterinsights_sitenote_active":false,"_monsterinsights_sitenote_note":"","_monsterinsights_sitenote_category":0,"jetpack_post_was_ever_published":false,"_jetpack_newsletter_access":"","_jetpack_dont_email_post_to_subs":false,"_jetpack_newsletter_tier_id":0,"_jetpack_memberships_contains_paywalled_content":false,"_jetpack_memberships_contains_paid_content":false,"footnotes":"","jetpack_publicize_message":"","jetpack_publicize_feature_enabled":true,"jetpack_social_post_already_shared":true,"jetpack_social_options":{"image_generator_settings":{"template":"highway","default_image_id":0,"font":"","enabled":false},"version":2},"_wpas_customize_per_network":false},"categories":[85],"tags":[],"class_list":["post-154104","post","type-post","status-publish","format-standard","has-post-thumbnail","hentry","category-policial","generate-columns","tablet-grid-50","mobile-grid-100","grid-parent","grid-50"],"jetpack_publicize_connections":[],"jetpack_featured_media_url":"https:\/\/www.hoymercedes.com.ar\/principal\/wp-content\/uploads\/2021\/04\/PoliciaComual.jpg","wps_subtitle":"","jetpack_sharing_enabled":true,"_links":{"self":[{"href":"https:\/\/www.hoymercedes.com.ar\/principal\/wp-json\/wp\/v2\/posts\/154104","targetHints":{"allow":["GET"]}}],"collection":[{"href":"https:\/\/www.hoymercedes.com.ar\/principal\/wp-json\/wp\/v2\/posts"}],"about":[{"href":"https:\/\/www.hoymercedes.com.ar\/principal\/wp-json\/wp\/v2\/types\/post"}],"author":[{"embeddable":true,"href":"https:\/\/www.hoymercedes.com.ar\/principal\/wp-json\/wp\/v2\/users\/1"}],"replies":[{"embeddable":true,"href":"https:\/\/www.hoymercedes.com.ar\/principal\/wp-json\/wp\/v2\/comments?post=154104"}],"version-history":[{"count":0,"href":"https:\/\/www.hoymercedes.com.ar\/principal\/wp-json\/wp\/v2\/posts\/154104\/revisions"}],"wp:featuredmedia":[{"embeddable":true,"href":"https:\/\/www.hoymercedes.com.ar\/principal\/wp-json\/wp\/v2\/media\/127982"}],"wp:attachment":[{"href":"https:\/\/www.hoymercedes.com.ar\/principal\/wp-json\/wp\/v2\/media?parent=154104"}],"wp:term":[{"taxonomy":"category","embeddable":true,"href":"https:\/\/www.hoymercedes.com.ar\/principal\/wp-json\/wp\/v2\/categories?post=154104"},{"taxonomy":"post_tag","embeddable":true,"href":"https:\/\/www.hoymercedes.com.ar\/principal\/wp-json\/wp\/v2\/tags?post=154104"}],"curies":[{"name":"wp","href":"https:\/\/api.w.org\/{rel}","templated":true}]}}