{"id":154199,"date":"2022-10-17T11:47:26","date_gmt":"2022-10-17T14:47:26","guid":{"rendered":"https:\/\/www.hoymercedes.com.ar\/principal\/?p=154199"},"modified":"2022-10-17T11:47:27","modified_gmt":"2022-10-17T14:47:27","slug":"remedios-para-la-patria-en-el-belgraniano","status":"publish","type":"post","link":"https:\/\/www.hoymercedes.com.ar\/principal\/2022\/10\/17\/remedios-para-la-patria-en-el-belgraniano\/","title":{"rendered":"\u201cRemedios para la Patria\u201d en el Belgraniano"},"content":{"rendered":"\n<p>Continuando con la agenda de actividades previstas para este a\u00f1o por los miembros del Instituto Belgraniano de Mercedes, el pr\u00f3ximo s\u00e1bado 22 de octubre tendr\u00e1 lugar el unipersonal de teatro \u201cRemedios para la Patria\u201d protagonizado por la actriz y docente de teatro, Gabriela Lorusso.\u00a0\u00a0<\/p>\n\n\n<div class=\"wp-block-image\">\n<figure class=\"aligncenter size-full\"><img loading=\"lazy\" decoding=\"async\" width=\"800\" height=\"566\" data-attachment-id=\"154200\" data-permalink=\"https:\/\/www.hoymercedes.com.ar\/principal\/2022\/10\/17\/remedios-para-la-patria-en-el-belgraniano\/unipersonal-g-lorusso\/#main\" data-orig-file=\"https:\/\/www.hoymercedes.com.ar\/principal\/wp-content\/uploads\/2022\/10\/unipersonal-G.-Lorusso.png\" data-orig-size=\"800,566\" data-comments-opened=\"0\" data-image-meta=\"{&quot;aperture&quot;:&quot;0&quot;,&quot;credit&quot;:&quot;&quot;,&quot;camera&quot;:&quot;&quot;,&quot;caption&quot;:&quot;&quot;,&quot;created_timestamp&quot;:&quot;0&quot;,&quot;copyright&quot;:&quot;&quot;,&quot;focal_length&quot;:&quot;0&quot;,&quot;iso&quot;:&quot;0&quot;,&quot;shutter_speed&quot;:&quot;0&quot;,&quot;title&quot;:&quot;&quot;,&quot;orientation&quot;:&quot;0&quot;}\" data-image-title=\"unipersonal G. Lorusso\" data-image-description=\"\" data-image-caption=\"\" data-large-file=\"https:\/\/www.hoymercedes.com.ar\/principal\/wp-content\/uploads\/2022\/10\/unipersonal-G.-Lorusso.png\" src=\"https:\/\/www.hoymercedes.com.ar\/principal\/wp-content\/uploads\/2022\/10\/unipersonal-G.-Lorusso.png\" alt=\"\" class=\"wp-image-154200\" srcset=\"https:\/\/www.hoymercedes.com.ar\/principal\/wp-content\/uploads\/2022\/10\/unipersonal-G.-Lorusso.png 800w, https:\/\/www.hoymercedes.com.ar\/principal\/wp-content\/uploads\/2022\/10\/unipersonal-G.-Lorusso-630x446.png 630w, https:\/\/www.hoymercedes.com.ar\/principal\/wp-content\/uploads\/2022\/10\/unipersonal-G.-Lorusso-150x106.png 150w, https:\/\/www.hoymercedes.com.ar\/principal\/wp-content\/uploads\/2022\/10\/unipersonal-G.-Lorusso-120x85.png 120w\" sizes=\"auto, (max-width: 800px) 100vw, 800px\" \/><\/figure>\n<\/div>\n\n\n<p>Gabriela homenajea de este modo a quien fuera una mujer como tantas de aquellas desconocidas participantes de las luchas por la independencia argentina, la de la negra o \u201cparda\u201d, Mar\u00eda Remedios del Valle, recordando su sacrificio y sufrida vida familiar siguiendo los ideales propiciados por Manuel Belgrano hechos que le valieron el cargo de capitana y la denominaci\u00f3n de \u201cMadre de la Patria\u201d.&nbsp;<\/p>\n\n\n\n<p>El Instituto desea de esta forma recordar a los afrodescendientes, esclavos y libertos, que participaron en el nacimiento de nuestra naci\u00f3n, habida cuenta que en honor a Mar\u00eda Remedios fue establecido el 8 de noviembre (d\u00eda de su fallecimiento en 1847, con casi 80 a\u00f1os) como \u201cD\u00eda Nacional de los Afroargentinos y de la cultura afro\u201d, seg\u00fan la Ley N\u00b0 26852 de 2013.&nbsp;<\/p>\n\n\n\n<p>El unipersonal tendr\u00e1 lugar el s\u00e1bado 22 a las 16:30, en la sede del instituto, calle 12 N\u00b0 339, casi esquina 15, con entrada libre y gratuita.&nbsp;&nbsp;<\/p>\n","protected":false},"excerpt":{"rendered":"<p>El pr\u00f3ximo s\u00e1bado 22 de octubre, el Instituto Belgraniano presenta a Gabriela Lorusso con el unipersonal \u201cRemedios para la Patria\u201d <\/p>\n","protected":false},"author":1,"featured_media":154201,"comment_status":"closed","ping_status":"open","sticky":false,"template":"","format":"standard","meta":{"_monsterinsights_skip_tracking":false,"_monsterinsights_sitenote_active":false,"_monsterinsights_sitenote_note":"","_monsterinsights_sitenote_category":0,"jetpack_post_was_ever_published":false,"_jetpack_newsletter_access":"","_jetpack_dont_email_post_to_subs":false,"_jetpack_newsletter_tier_id":0,"_jetpack_memberships_contains_paywalled_content":false,"_jetpack_memberships_contains_paid_content":false,"footnotes":"","jetpack_publicize_message":"","jetpack_publicize_feature_enabled":true,"jetpack_social_post_already_shared":true,"jetpack_social_options":{"image_generator_settings":{"template":"highway","default_image_id":0,"font":"","enabled":false},"version":2},"_wpas_customize_per_network":false},"categories":[104],"tags":[7805],"class_list":["post-154199","post","type-post","status-publish","format-standard","has-post-thumbnail","hentry","category-cultura","tag-cultura","generate-columns","tablet-grid-50","mobile-grid-100","grid-parent","grid-50"],"jetpack_publicize_connections":[],"jetpack_featured_media_url":"https:\/\/www.hoymercedes.com.ar\/principal\/wp-content\/uploads\/2022\/10\/remedios-del-valle-4.jpg","wps_subtitle":"","jetpack_sharing_enabled":true,"_links":{"self":[{"href":"https:\/\/www.hoymercedes.com.ar\/principal\/wp-json\/wp\/v2\/posts\/154199","targetHints":{"allow":["GET"]}}],"collection":[{"href":"https:\/\/www.hoymercedes.com.ar\/principal\/wp-json\/wp\/v2\/posts"}],"about":[{"href":"https:\/\/www.hoymercedes.com.ar\/principal\/wp-json\/wp\/v2\/types\/post"}],"author":[{"embeddable":true,"href":"https:\/\/www.hoymercedes.com.ar\/principal\/wp-json\/wp\/v2\/users\/1"}],"replies":[{"embeddable":true,"href":"https:\/\/www.hoymercedes.com.ar\/principal\/wp-json\/wp\/v2\/comments?post=154199"}],"version-history":[{"count":0,"href":"https:\/\/www.hoymercedes.com.ar\/principal\/wp-json\/wp\/v2\/posts\/154199\/revisions"}],"wp:featuredmedia":[{"embeddable":true,"href":"https:\/\/www.hoymercedes.com.ar\/principal\/wp-json\/wp\/v2\/media\/154201"}],"wp:attachment":[{"href":"https:\/\/www.hoymercedes.com.ar\/principal\/wp-json\/wp\/v2\/media?parent=154199"}],"wp:term":[{"taxonomy":"category","embeddable":true,"href":"https:\/\/www.hoymercedes.com.ar\/principal\/wp-json\/wp\/v2\/categories?post=154199"},{"taxonomy":"post_tag","embeddable":true,"href":"https:\/\/www.hoymercedes.com.ar\/principal\/wp-json\/wp\/v2\/tags?post=154199"}],"curies":[{"name":"wp","href":"https:\/\/api.w.org\/{rel}","templated":true}]}}