{"id":154205,"date":"2022-10-17T17:17:00","date_gmt":"2022-10-17T20:17:00","guid":{"rendered":"https:\/\/www.hoymercedes.com.ar\/principal\/?p=154205"},"modified":"2022-10-17T21:07:12","modified_gmt":"2022-10-18T00:07:12","slug":"homenajearte-con-danza-y-pintura","status":"publish","type":"post","link":"https:\/\/www.hoymercedes.com.ar\/principal\/2022\/10\/17\/homenajearte-con-danza-y-pintura\/","title":{"rendered":"HomenajeArte con danza y pintura"},"content":{"rendered":"\n<p>El jueves se realiz\u00f3 una nueva muestra del ciclo \u201cHomenajeArte\u201d. La danza de la mano de \u201cTete\u201d Betancourt , mientras que Sebasti\u00e1n Bocca llev\u00f3 sus obras para deleitar a los presentes.<\/p>\n\n\n\n<figure class=\"wp-block-embed is-type-video is-provider-youtube wp-block-embed-youtube wp-embed-aspect-16-9 wp-has-aspect-ratio\"><div class=\"wp-block-embed__wrapper\">\n<span class=\"embed-youtube\" style=\"text-align:center; display: block;\"><iframe loading=\"lazy\" class=\"youtube-player\" width=\"1200\" height=\"675\" src=\"https:\/\/www.youtube.com\/embed\/fG44LJ8WEHw?version=3&#038;rel=1&#038;showsearch=0&#038;showinfo=1&#038;iv_load_policy=1&#038;fs=1&#038;hl=es-ES&#038;autohide=2&#038;wmode=transparent\" allowfullscreen=\"true\" style=\"border:0;\" sandbox=\"allow-scripts allow-same-origin allow-popups allow-presentation allow-popups-to-escape-sandbox\"><\/iframe><\/span>\n<\/div><\/figure>\n\n\n\n<p>El pasado jueves en el recinto del HCD se llev\u00f3 a cabo un nuevo encuentro bajo el ciclo \u201cHomenajeArte\u201d el cual busca reconocer a los artistas de la ciudad por su destacada trayectoria.<\/p>\n\n\n\n<p>Como es habitual, la presidenta del cuerpo Evangelina Cabral le dio la bienvenida a los presentes y remarc\u00f3 que \u201cdesde que asum\u00ed el rol de presidenta tuve como objetivo abrir el espacio a la comunidad y que sea disfrutado y concurrido para que los vecinos de Mercedes puedan conocer este lugar tan lindo que tenemos, el cual en sus or\u00edgenes estuvo dedicado a la celebraci\u00f3n y al encuentro\u201d.<\/p>\n\n\n\n<p>En esta ocasi\u00f3n, una de las homenajeadas fue la docente, bailarina profesional y artista Stella Maris Betancur Yaneselli, m\u00e1s conocida como \u201cTete\u201d.<\/p>\n\n\n\n<p>Entre otras cosas, ella es la creadora de la primera y \u00fanica Escuela Municipal de Danzas Nativas \u201cEstrella del Sur\u201d, habiendo presentado para esto un Proyecto Educativo en Arte en el a\u00f1o 2003, el cual fue visto y analizado en el a\u00f1o 2010 por el entonces coordinador de talleres y luego director de cultura Gerardo \u201cPiqui\u201d Caballero y aprobado por unanimidad por el cuerpo del Concejo deliberante y ejecutivo en funci\u00f3n de ese a\u00f1o. Convirti\u00e9ndose as\u00ed en la escuela o Ballets oficial que representa a Mercedes en nuestras fiestas Nacionales, eventos institucionales y en todo el pa\u00eds.<\/p>\n\n\n\n<p>Como parte del espect\u00e1culo, su cuerpo de baile fue el encargado de abrir la celebraci\u00f3n de la noche deleitando a la gran cantidad de asistentes que se acercaron al recinto.<\/p>\n\n\n\n<p>\u201cEsta es una danza sure\u00f1a que se bail\u00f3 en el segundo gobierno de Rosas y como no es muy bailada en el \u00e1mbito folcl\u00f3rico mercedino, nosotros la estrenamos el a\u00f1o pasado en la fiesta de la tradici\u00f3n y quisimos volver a mostr\u00e1dselas hoy ac\u00e1\u201d remarc\u00f3 \u201cTete\u201d.<\/p>\n\n\n\n<p>Luego, fue el turno del segundo homenajeado de la noche. Convocado por Evangelina Cabral que fue conduciendo el homenaje, el artista y arquitecto Sebasti\u00e1n Bocca tom\u00f3 el centro de la escena y fue contando parte de su experiencia personal junto al arte y el dibujo.<\/p>\n\n\n\n<p>\u201cEl arte para mi es todo. Lo conoc\u00ed desde muy chico, disfrutaba con las t\u00e9mperas y los l\u00e1pices de colores. Siempre est\u00e1 el tema del disfrute y la plenitud que me produce mucha alegr\u00eda\u201d comenz\u00f3 diciendo.<\/p>\n\n\n\n<p>Consultado por Evangelina, Sebasti\u00e1n manifest\u00f3 que \u201ccon el tema de la pandemia empec\u00e9 con la t\u00e9cnica del bol\u00edgrafo azul que es un m\u00e9todo bastante econ\u00f3mico\u201d. De todos modos aclar\u00f3 que \u201csoy muy detallista, trato de llegar al realismo, en mis obras hay parte de retratos, otra de collage, despu\u00e9s trabajo mucho tambi\u00e9n con s\u00edmbolos como un realismo m\u00e1gico\u201d.<\/p>\n\n\n\n<p>\u201cLa verdad es que esta t\u00e9cnica me encant\u00f3 porque yo ven\u00eda trabajando todo el tema del \u00f3leo y el l\u00e1piz negro. Sobretodo tambi\u00e9n a lo que apunta mi arte que estoy tratando de llegar a que el retrato no quede solamente como retrato, sino que ese retrato tenga alma, expresi\u00f3n, vida, que se pueda comunicar\u201d agreg\u00f3 el artista.<\/p>\n\n\n\n<p>Mientras se fueron exhibiendo algunas de sus obras mediante un proyector, m\u00e1s otro tanto exhibidas en atriles por el recinto, Bocca detall\u00f3 que su profesi\u00f3n siempre fue la de arquitecto, re descubriendo su veta art\u00edstica siendo mayor con el recuerdo de ese ni\u00f1o que jugaba con las t\u00e9mperas y los l\u00e1pices de colores.<\/p>\n\n\n\n<p>\u201cMe dediqu\u00e9 muy tarde al arte y siempre remarco que nunca es tarde. A mi me ha ayudado machismo. En esas situaciones adversas de la vida es como que siempre recurro al pincel o al l\u00e1piz, la verdad es que fue un camino interesant\u00edsimo porque me abri\u00f3 las puertas a lugares inesperados en la vida, de poder concretar y que nunca habr\u00eda pensado que sea posible poder realizarlos. Estoy muy contento con esa trayectoria que tuve no solo ac\u00e1 sino en otros lugares donde poder compartir mi arte\u201d manifest\u00f3.<\/p>\n\n\n\n<p>Entre el 2019 y el 2022 particip\u00f3 de varios concursos y muestras culturales llevando sus obras a todas partes del mundo. Sin dudas, Italia parece ser uno de sus destinos favoritos dado que recorri\u00f3 ciudades como Roma, Mil\u00e1n, Venecia, Treviglio, entre otras. En Europa tambi\u00e9n logr\u00f3 exponer en una las ferias m\u00e1s importantes con sede en Par\u00eds.<\/p>\n\n\n\n<p>En tanto, en Mercedes ya tuvo su presentaci\u00f3n en el Club El Progreso con \u201cLa Vidriera\u201d en el 2019, la cual volvi\u00f3 a exhibirla en el 2021 junto a \u201cOx\u00edgeno\u201d. En el marco de la semana de las artes que se dio hace unos d\u00edas, dio un taller de retrato en la Escuela de Arte, develando as\u00ed su rol como docente.<\/p>\n\n\n\n<p>Colaboraci\u00f3n: Mariano Oyarz\u00fa<\/p>\n","protected":false},"excerpt":{"rendered":"<p>El jueves se realiz\u00f3 una nueva muestra del ciclo \u201cHomenajeArte\u201d. a danza de la mano de \u201cTete\u201d Betancourt , mientras que Sebasti\u00e1n Bocca llev\u00f3 sus obras para deleitar a los presentes.<\/p>\n","protected":false},"author":1,"featured_media":154224,"comment_status":"closed","ping_status":"open","sticky":false,"template":"","format":"standard","meta":{"_monsterinsights_skip_tracking":false,"_monsterinsights_sitenote_active":false,"_monsterinsights_sitenote_note":"","_monsterinsights_sitenote_category":0,"jetpack_post_was_ever_published":false,"_jetpack_newsletter_access":"","_jetpack_dont_email_post_to_subs":false,"_jetpack_newsletter_tier_id":0,"_jetpack_memberships_contains_paywalled_content":false,"_jetpack_memberships_contains_paid_content":false,"footnotes":"","jetpack_publicize_message":"","jetpack_publicize_feature_enabled":true,"jetpack_social_post_already_shared":true,"jetpack_social_options":{"image_generator_settings":{"template":"highway","default_image_id":0,"font":"","enabled":false},"version":2},"_wpas_customize_per_network":false},"categories":[18286],"tags":[7805],"class_list":["post-154205","post","type-post","status-publish","format-standard","has-post-thumbnail","hentry","category-hcd-mercedes","tag-cultura","generate-columns","tablet-grid-50","mobile-grid-100","grid-parent","grid-50"],"jetpack_publicize_connections":[],"jetpack_featured_media_url":"https:\/\/www.hoymercedes.com.ar\/principal\/wp-content\/uploads\/2022\/10\/arte-2-scaled-1.jpg","wps_subtitle":"","jetpack_sharing_enabled":true,"_links":{"self":[{"href":"https:\/\/www.hoymercedes.com.ar\/principal\/wp-json\/wp\/v2\/posts\/154205","targetHints":{"allow":["GET"]}}],"collection":[{"href":"https:\/\/www.hoymercedes.com.ar\/principal\/wp-json\/wp\/v2\/posts"}],"about":[{"href":"https:\/\/www.hoymercedes.com.ar\/principal\/wp-json\/wp\/v2\/types\/post"}],"author":[{"embeddable":true,"href":"https:\/\/www.hoymercedes.com.ar\/principal\/wp-json\/wp\/v2\/users\/1"}],"replies":[{"embeddable":true,"href":"https:\/\/www.hoymercedes.com.ar\/principal\/wp-json\/wp\/v2\/comments?post=154205"}],"version-history":[{"count":0,"href":"https:\/\/www.hoymercedes.com.ar\/principal\/wp-json\/wp\/v2\/posts\/154205\/revisions"}],"wp:featuredmedia":[{"embeddable":true,"href":"https:\/\/www.hoymercedes.com.ar\/principal\/wp-json\/wp\/v2\/media\/154224"}],"wp:attachment":[{"href":"https:\/\/www.hoymercedes.com.ar\/principal\/wp-json\/wp\/v2\/media?parent=154205"}],"wp:term":[{"taxonomy":"category","embeddable":true,"href":"https:\/\/www.hoymercedes.com.ar\/principal\/wp-json\/wp\/v2\/categories?post=154205"},{"taxonomy":"post_tag","embeddable":true,"href":"https:\/\/www.hoymercedes.com.ar\/principal\/wp-json\/wp\/v2\/tags?post=154205"}],"curies":[{"name":"wp","href":"https:\/\/api.w.org\/{rel}","templated":true}]}}