{"id":154244,"date":"2022-10-18T09:49:00","date_gmt":"2022-10-18T12:49:00","guid":{"rendered":"https:\/\/www.hoymercedes.com.ar\/principal\/?p=154244"},"modified":"2022-10-18T09:48:37","modified_gmt":"2022-10-18T12:48:37","slug":"invitan-a-participar-de-taller-de-danza-y-percusion","status":"publish","type":"post","link":"https:\/\/www.hoymercedes.com.ar\/principal\/2022\/10\/18\/invitan-a-participar-de-taller-de-danza-y-percusion\/","title":{"rendered":"Invitan a participar de taller de danza y percusi\u00f3n"},"content":{"rendered":"\n<p>A partir de este 24 de octubre comenzar\u00e1 un nuevo Curso de Danza y Percusi\u00f3n impulsado desde la Casa de la Mujer, G\u00e9nero y Diversidad de la Municipalidad de Mercedes. Se llevar\u00e1 adelante todos los lunes de 17:30 a 19:30 horas, en el ex Instituto Unzu\u00e9, cuya inscripci\u00f3n ya est\u00e1 abierta.<\/p>\n\n\n\n<p>Desde la Casa de la Mujer, Ana de Cunto se\u00f1al\u00f3 \u201chace rato que ven\u00edamos con ganas y la idea de poder habilitar un espacio de danza y fruto de un intenso laburo logramos conformar un equipo conformado por dos mujeres, ambas con much\u00edsima experiencia, tanto en la danza como en la percusi\u00f3n\u201d y a\u00f1adi\u00f3 \u201cno hace falta conocer o tener experiencia previa, s\u00ed ganas de aprender y pasar un buen rato, porque sabemos que la danza y la m\u00fasica en s\u00ed, generan efectos sumamente positivos en las personas\u201d.<\/p>\n\n\n\n<p>\u201cLa idea es poder seguir abriendo espacios donde se puedan generar momentos de encuentro y la m\u00fasica une, ya est\u00e1 sumamente comprobado, lo vemos en cada festival y cada fiesta popular que se organiza desde la Municipalidad, donde la m\u00fasica y el baile son dos elementos claves para fortalecer, aunar y encontrarse\u201d indic\u00f3.<\/p>\n\n\n\n<p>Asimismo, de Cunto manifest\u00f3 \u201cestamos muy contentas con esta propuesta que se suma a las que ya se vienen desarrollando\u201d y apunt\u00f3 \u201cante cualquier duda pueden contactarse con nosotras a trav\u00e9s de las redes sociales (Instagram o Facebook) o se pueden acercar a la Casa de la Mujer, G\u00e9nero y Diversidad, de lunes a viernes de 08:00 a 14:00 horas y consultar personalmente\u201d.<\/p>\n\n\n\n<p>Fuente: Prensa Municipal<\/p>\n","protected":false},"excerpt":{"rendered":"<p>A partir de este 24 de octubre comenzar\u00e1 un nuevo Curso de Danza y Percusi\u00f3n impulsado desde la Casa de la Mujer, G\u00e9nero y Diversidad de la Municipalidad de Mercedes<\/p>\n","protected":false},"author":1,"featured_media":154248,"comment_status":"closed","ping_status":"open","sticky":false,"template":"","format":"standard","meta":{"_monsterinsights_skip_tracking":false,"_monsterinsights_sitenote_active":false,"_monsterinsights_sitenote_note":"","_monsterinsights_sitenote_category":0,"jetpack_post_was_ever_published":false,"_jetpack_newsletter_access":"","_jetpack_dont_email_post_to_subs":false,"_jetpack_newsletter_tier_id":0,"_jetpack_memberships_contains_paywalled_content":false,"_jetpack_memberships_contains_paid_content":false,"footnotes":"","jetpack_publicize_message":"","jetpack_publicize_feature_enabled":true,"jetpack_social_post_already_shared":true,"jetpack_social_options":{"image_generator_settings":{"template":"highway","default_image_id":0,"font":"","enabled":false},"version":2},"_wpas_customize_per_network":false},"categories":[30],"tags":[7805,244],"class_list":["post-154244","post","type-post","status-publish","format-standard","has-post-thumbnail","hentry","category-municipio","tag-cultura","tag-municipio-2","generate-columns","tablet-grid-50","mobile-grid-100","grid-parent","grid-50"],"jetpack_publicize_connections":[],"jetpack_featured_media_url":"https:\/\/www.hoymercedes.com.ar\/principal\/wp-content\/uploads\/2022\/10\/Para-afiche-de-Carla.jpg","wps_subtitle":"","jetpack_sharing_enabled":true,"_links":{"self":[{"href":"https:\/\/www.hoymercedes.com.ar\/principal\/wp-json\/wp\/v2\/posts\/154244","targetHints":{"allow":["GET"]}}],"collection":[{"href":"https:\/\/www.hoymercedes.com.ar\/principal\/wp-json\/wp\/v2\/posts"}],"about":[{"href":"https:\/\/www.hoymercedes.com.ar\/principal\/wp-json\/wp\/v2\/types\/post"}],"author":[{"embeddable":true,"href":"https:\/\/www.hoymercedes.com.ar\/principal\/wp-json\/wp\/v2\/users\/1"}],"replies":[{"embeddable":true,"href":"https:\/\/www.hoymercedes.com.ar\/principal\/wp-json\/wp\/v2\/comments?post=154244"}],"version-history":[{"count":0,"href":"https:\/\/www.hoymercedes.com.ar\/principal\/wp-json\/wp\/v2\/posts\/154244\/revisions"}],"wp:featuredmedia":[{"embeddable":true,"href":"https:\/\/www.hoymercedes.com.ar\/principal\/wp-json\/wp\/v2\/media\/154248"}],"wp:attachment":[{"href":"https:\/\/www.hoymercedes.com.ar\/principal\/wp-json\/wp\/v2\/media?parent=154244"}],"wp:term":[{"taxonomy":"category","embeddable":true,"href":"https:\/\/www.hoymercedes.com.ar\/principal\/wp-json\/wp\/v2\/categories?post=154244"},{"taxonomy":"post_tag","embeddable":true,"href":"https:\/\/www.hoymercedes.com.ar\/principal\/wp-json\/wp\/v2\/tags?post=154244"}],"curies":[{"name":"wp","href":"https:\/\/api.w.org\/{rel}","templated":true}]}}