{"id":154255,"date":"2022-10-18T12:24:00","date_gmt":"2022-10-18T15:24:00","guid":{"rendered":"https:\/\/www.hoymercedes.com.ar\/principal\/?p=154255"},"modified":"2022-10-18T10:28:00","modified_gmt":"2022-10-18T13:28:00","slug":"equitacion-camila-andres-gano-y-va-por-el-federal","status":"publish","type":"post","link":"https:\/\/www.hoymercedes.com.ar\/principal\/2022\/10\/18\/equitacion-camila-andres-gano-y-va-por-el-federal\/","title":{"rendered":"Equitaci\u00f3n: Camila Andr\u00e9s gan\u00f3 y va por el federal\u00a0"},"content":{"rendered":"\n<p>En la Secci\u00f3n H\u00edpica de la Sociedad Rural Mercedes se hizo presente en el Concurso H\u00edpico Inter Clubes Oficial, final del Campeonato de Salto Zona Noroeste 2022, desarrollada en el Campo Chico Country Club.\u00a0\u00a0<\/p>\n\n\n<div class=\"wp-block-image\">\n<figure class=\"aligncenter size-full\"><img loading=\"lazy\" decoding=\"async\" width=\"800\" height=\"533\" data-attachment-id=\"154221\" data-permalink=\"https:\/\/www.hoymercedes.com.ar\/principal\/2022\/10\/17\/futbol-senior-40-con-la-segunda-ronda-en-la-mira\/equitacion-rural-1710\/#main\" data-orig-file=\"https:\/\/www.hoymercedes.com.ar\/principal\/wp-content\/uploads\/2022\/10\/equitacion-rural-1710.jpeg\" data-orig-size=\"800,533\" data-comments-opened=\"0\" data-image-meta=\"{&quot;aperture&quot;:&quot;0&quot;,&quot;credit&quot;:&quot;&quot;,&quot;camera&quot;:&quot;&quot;,&quot;caption&quot;:&quot;&quot;,&quot;created_timestamp&quot;:&quot;1666036402&quot;,&quot;copyright&quot;:&quot;&quot;,&quot;focal_length&quot;:&quot;0&quot;,&quot;iso&quot;:&quot;0&quot;,&quot;shutter_speed&quot;:&quot;0&quot;,&quot;title&quot;:&quot;&quot;,&quot;orientation&quot;:&quot;1&quot;}\" data-image-title=\"equitacion rural 1710\" data-image-description=\"\" data-image-caption=\"\" data-large-file=\"https:\/\/www.hoymercedes.com.ar\/principal\/wp-content\/uploads\/2022\/10\/equitacion-rural-1710.jpeg\" src=\"https:\/\/www.hoymercedes.com.ar\/principal\/wp-content\/uploads\/2022\/10\/equitacion-rural-1710.jpeg\" alt=\"\" class=\"wp-image-154221\" srcset=\"https:\/\/www.hoymercedes.com.ar\/principal\/wp-content\/uploads\/2022\/10\/equitacion-rural-1710.jpeg 800w, https:\/\/www.hoymercedes.com.ar\/principal\/wp-content\/uploads\/2022\/10\/equitacion-rural-1710-630x420.jpeg 630w, https:\/\/www.hoymercedes.com.ar\/principal\/wp-content\/uploads\/2022\/10\/equitacion-rural-1710-150x100.jpeg 150w, https:\/\/www.hoymercedes.com.ar\/principal\/wp-content\/uploads\/2022\/10\/equitacion-rural-1710-700x465.jpeg 700w\" sizes=\"auto, (max-width: 800px) 100vw, 800px\" \/><\/figure>\n<\/div>\n\n\n<p>Dicho evento, organizado por la Federaci\u00f3n Ecuestre Argentina, formaba parte de las pruebas de selecci\u00f3n para la participaci\u00f3n en el XXVII Campeonato Federal a desarrollarse en Mar del Plata.&nbsp;<\/p>\n\n\n\n<p>En representaci\u00f3n de la Secci\u00f3n H\u00edpica de la Sociedad Rural Mercedes participaron las amazonas Ana Testa con Roi Atlantic en Escuela Mayor, y Camila Andr\u00e9s con Dartagnan en Escuela Menor, acompa\u00f1adas de su instructora, Soledad Carranza.&nbsp;&nbsp;<\/p>\n\n\n\n<p>La amazona Camila Andr\u00e9s sin puntos en contra y excelentes tiempos, gan\u00f3 la prueba de 60 cm y se ubic\u00f3 en el 4to puesto en 70 cm.&nbsp;&nbsp;<\/p>\n\n\n\n<p>Finalizada las pruebas, se supo que por la sumatoria de puntos a lo largo del a\u00f1o, la mercedina Camila Andr\u00e9s result\u00f3 campeona Zona Noroeste De Salto en Categor\u00eda Escuela Menor junto a su caballo Dartagnan. Este campeonato la habilita para poder participar en el campeonato federal que reunir\u00e1 a los mejores binomios de cada zona en Mar del Plata a fin del corriente mes.&nbsp;<\/p>\n\n\n\n<p>Colaboraci\u00f3n: Mariano Oyarz\u00fa<\/p>\n","protected":false},"excerpt":{"rendered":"<p>Equitaci\u00f3n: Camila Andr\u00e9s gan\u00f3 y va por el federal. En la Secci\u00f3n H\u00edpica de la Sociedad Rural Mercedes se realiz\u00f3 el Concurso H\u00edpico Inter Clubes Oficial,\u00a0 <\/p>\n","protected":false},"author":1,"featured_media":154221,"comment_status":"closed","ping_status":"open","sticky":false,"template":"","format":"standard","meta":{"_monsterinsights_skip_tracking":false,"_monsterinsights_sitenote_active":false,"_monsterinsights_sitenote_note":"","_monsterinsights_sitenote_category":0,"jetpack_post_was_ever_published":false,"_jetpack_newsletter_access":"","_jetpack_dont_email_post_to_subs":false,"_jetpack_newsletter_tier_id":0,"_jetpack_memberships_contains_paywalled_content":false,"_jetpack_memberships_contains_paid_content":false,"footnotes":"","jetpack_publicize_message":"","jetpack_publicize_feature_enabled":true,"jetpack_social_post_already_shared":true,"jetpack_social_options":{"image_generator_settings":{"template":"highway","default_image_id":0,"font":"","enabled":false},"version":2},"_wpas_customize_per_network":false},"categories":[21],"tags":[204],"class_list":["post-154255","post","type-post","status-publish","format-standard","has-post-thumbnail","hentry","category-deportes","tag-deportes-2","generate-columns","tablet-grid-50","mobile-grid-100","grid-parent","grid-50"],"jetpack_publicize_connections":[],"jetpack_featured_media_url":"https:\/\/www.hoymercedes.com.ar\/principal\/wp-content\/uploads\/2022\/10\/equitacion-rural-1710.jpeg","wps_subtitle":"","jetpack_sharing_enabled":true,"_links":{"self":[{"href":"https:\/\/www.hoymercedes.com.ar\/principal\/wp-json\/wp\/v2\/posts\/154255","targetHints":{"allow":["GET"]}}],"collection":[{"href":"https:\/\/www.hoymercedes.com.ar\/principal\/wp-json\/wp\/v2\/posts"}],"about":[{"href":"https:\/\/www.hoymercedes.com.ar\/principal\/wp-json\/wp\/v2\/types\/post"}],"author":[{"embeddable":true,"href":"https:\/\/www.hoymercedes.com.ar\/principal\/wp-json\/wp\/v2\/users\/1"}],"replies":[{"embeddable":true,"href":"https:\/\/www.hoymercedes.com.ar\/principal\/wp-json\/wp\/v2\/comments?post=154255"}],"version-history":[{"count":0,"href":"https:\/\/www.hoymercedes.com.ar\/principal\/wp-json\/wp\/v2\/posts\/154255\/revisions"}],"wp:featuredmedia":[{"embeddable":true,"href":"https:\/\/www.hoymercedes.com.ar\/principal\/wp-json\/wp\/v2\/media\/154221"}],"wp:attachment":[{"href":"https:\/\/www.hoymercedes.com.ar\/principal\/wp-json\/wp\/v2\/media?parent=154255"}],"wp:term":[{"taxonomy":"category","embeddable":true,"href":"https:\/\/www.hoymercedes.com.ar\/principal\/wp-json\/wp\/v2\/categories?post=154255"},{"taxonomy":"post_tag","embeddable":true,"href":"https:\/\/www.hoymercedes.com.ar\/principal\/wp-json\/wp\/v2\/tags?post=154255"}],"curies":[{"name":"wp","href":"https:\/\/api.w.org\/{rel}","templated":true}]}}