{"id":154276,"date":"2022-10-19T10:50:00","date_gmt":"2022-10-19T13:50:00","guid":{"rendered":"https:\/\/www.hoymercedes.com.ar\/principal\/?p=154276"},"modified":"2022-10-19T15:14:36","modified_gmt":"2022-10-19T18:14:36","slug":"de-los-trabajos-antiguos-presentacion-de-libro-y-exposicion-de-dibujos-de-carlos-moreno-en-el-udaondo","status":"publish","type":"post","link":"https:\/\/www.hoymercedes.com.ar\/principal\/2022\/10\/19\/de-los-trabajos-antiguos-presentacion-de-libro-y-exposicion-de-dibujos-de-carlos-moreno-en-el-udaondo\/","title":{"rendered":"\u00abDe los trabajos antiguos\u00bb: presentaci\u00f3n de libro y exposici\u00f3n de dibujos de Carlos Moreno en el Udaondo"},"content":{"rendered":"\n<p><strong><em>Ser\u00e1 el viernes 21 de octubre en el Museo dependiente del Instituto Cultural de la Provincia. El libro y la muestra indagan en los sistemas constructivos y las actividades laborales coloniales del siglo XIX.\u00a0<\/em>\u00a0<\/strong><\/p>\n\n\n<div class=\"wp-block-image\">\n<figure class=\"aligncenter size-full\"><img loading=\"lazy\" decoding=\"async\" width=\"800\" height=\"560\" data-attachment-id=\"154277\" data-permalink=\"https:\/\/www.hoymercedes.com.ar\/principal\/2022\/10\/19\/de-los-trabajos-antiguos-presentacion-de-libro-y-exposicion-de-dibujos-de-carlos-moreno-en-el-udaondo\/tahona-moreno\/#main\" data-orig-file=\"https:\/\/www.hoymercedes.com.ar\/principal\/wp-content\/uploads\/2022\/10\/tahona-moreno.jpg\" data-orig-size=\"800,560\" data-comments-opened=\"0\" data-image-meta=\"{&quot;aperture&quot;:&quot;0&quot;,&quot;credit&quot;:&quot;&quot;,&quot;camera&quot;:&quot;&quot;,&quot;caption&quot;:&quot;&quot;,&quot;created_timestamp&quot;:&quot;0&quot;,&quot;copyright&quot;:&quot;&quot;,&quot;focal_length&quot;:&quot;0&quot;,&quot;iso&quot;:&quot;0&quot;,&quot;shutter_speed&quot;:&quot;0&quot;,&quot;title&quot;:&quot;&quot;,&quot;orientation&quot;:&quot;0&quot;}\" data-image-title=\"tahona moreno\" data-image-description=\"\" data-image-caption=\"\" data-large-file=\"https:\/\/www.hoymercedes.com.ar\/principal\/wp-content\/uploads\/2022\/10\/tahona-moreno.jpg\" src=\"https:\/\/www.hoymercedes.com.ar\/principal\/wp-content\/uploads\/2022\/10\/tahona-moreno.jpg\" alt=\"\" class=\"wp-image-154277\" srcset=\"https:\/\/www.hoymercedes.com.ar\/principal\/wp-content\/uploads\/2022\/10\/tahona-moreno.jpg 800w, https:\/\/www.hoymercedes.com.ar\/principal\/wp-content\/uploads\/2022\/10\/tahona-moreno-630x441.jpg 630w, https:\/\/www.hoymercedes.com.ar\/principal\/wp-content\/uploads\/2022\/10\/tahona-moreno-150x105.jpg 150w, https:\/\/www.hoymercedes.com.ar\/principal\/wp-content\/uploads\/2022\/10\/tahona-moreno-120x85.jpg 120w\" sizes=\"auto, (max-width: 800px) 100vw, 800px\" \/><\/figure>\n<\/div>\n\n\n<p>El <strong>Instituto Cultural de la Provincia de Buenos Aires<\/strong> invita a la presentaci\u00f3n de la charla <strong>\u201cDe los trabajos antiguos\u201d, de Carlos Moreno<\/strong>, en conjunto con su exposici\u00f3n de dibujos y acuarelas, a realizarse el viernes 21 de octubre a las 16:00 en el Sal\u00f3n Cultural del <strong>Complejo Museogr\u00e1fico Provincial Enrique Udaondo de Luj\u00e1n<\/strong>. La entrada es libre y gratuita.&nbsp;<\/p>\n\n\n\n<p>Con motivo de su libro \u201cApuntes sobre los sistemas constructivos\u201d, el arquitecto Carlos Moreno disertar\u00e1 sobre los diversos sistemas constructivos del patrimonio arquitect\u00f3nico, especialmente en los monumentos nacionales, aportando reflexiones sobre la importancia que las antiguas formas de construir tienen para nuestra memoria e identidad regionales. Adem\u00e1s, analizar\u00e1 c\u00f3mo cada sistema constructivo es consecuencia de una historia compleja en relaci\u00f3n a la cultura que le dio forma.&nbsp;&nbsp;Tambi\u00e9n, estar\u00e1n expuestos sus dibujos y acuarelas, en las que retrata las actividades laborales y oficios coloniales del siglo XIX.&nbsp;<\/p>\n\n\n\n<p>Carlos Moreno es arquitecto egresado de la UBA en 1967. Adem\u00e1s de contar con una larga trayectoria como docente e investigador, realiza numerosas actividades orientadas a la preservaci\u00f3n del patrimonio. Ha dictado cursos y seminarios en diversas instituciones de todo el pa\u00eds y ha formado parte de instituciones como la Comisi\u00f3n Nacional de Museos, Monumentos y lugares Hist\u00f3ricos, el Instituto Belgraniano y el Instituto de Estudios Hist\u00f3ricos de la Manzana de las luces, entre otros.&nbsp;<\/p>\n\n\n\n<p>Entre sus obras se destacan: \u00abLa casa y sus cosas\u00bb, \u00abDe las viejas tapias y ladrillos\u00bb, \u00abPatrimonio rural bonaerense\u00bb, \u00abDel mercado a la pulper\u00eda\u00bb, \u00abPatrimonio de la producci\u00f3n rural\u00bb y \u00abDep\u00f3sitos, almacenes y tiendas\u00bb.&nbsp;<\/p>\n\n\n\n<p>Carlos Moreno es arquitecto egresado de la UBA en 1967. Adem\u00e1s de contar con una larga trayectoria como docente e investigador, realiza numerosas actividades orientadas a la preservaci\u00f3n del patrimonio. Ha dictado cursos y seminarios en diversas instituciones de todo el pa\u00eds y ha formado parte de instituciones como la Comisi\u00f3n Nacional de Museos, Monumentos y lugares Hist\u00f3ricos, el Instituto Belgraniano y el Instituto de Estudios Hist\u00f3ricos de la Manzana de las luces, entre otros.&nbsp;<\/p>\n","protected":false},"excerpt":{"rendered":"<p>Ser\u00e1 el viernes 21 de octubre en el Museo dependiente del Instituto Cultural de la Provincia. El libro y la &#8230; <a title=\"\u00abDe los trabajos antiguos\u00bb: presentaci\u00f3n de libro y exposici\u00f3n de dibujos de Carlos Moreno en el Udaondo\" class=\"read-more\" href=\"https:\/\/www.hoymercedes.com.ar\/principal\/2022\/10\/19\/de-los-trabajos-antiguos-presentacion-de-libro-y-exposicion-de-dibujos-de-carlos-moreno-en-el-udaondo\/\" aria-label=\"Leer m\u00e1s sobre \u00abDe los trabajos antiguos\u00bb: presentaci\u00f3n de libro y exposici\u00f3n de dibujos de Carlos Moreno en el Udaondo\">Leer m\u00e1s<\/a><\/p>\n","protected":false},"author":1,"featured_media":154277,"comment_status":"closed","ping_status":"open","sticky":false,"template":"","format":"standard","meta":{"_monsterinsights_skip_tracking":false,"_monsterinsights_sitenote_active":false,"_monsterinsights_sitenote_note":"","_monsterinsights_sitenote_category":0,"jetpack_post_was_ever_published":false,"_jetpack_newsletter_access":"","_jetpack_dont_email_post_to_subs":false,"_jetpack_newsletter_tier_id":0,"_jetpack_memberships_contains_paywalled_content":false,"_jetpack_memberships_contains_paid_content":false,"footnotes":"","jetpack_publicize_message":"","jetpack_publicize_feature_enabled":true,"jetpack_social_post_already_shared":true,"jetpack_social_options":{"image_generator_settings":{"template":"highway","default_image_id":0,"font":"","enabled":false},"version":2},"_wpas_customize_per_network":false},"categories":[201],"tags":[7805],"class_list":["post-154276","post","type-post","status-publish","format-standard","has-post-thumbnail","hentry","category-lujan-2","tag-cultura","generate-columns","tablet-grid-50","mobile-grid-100","grid-parent","grid-50"],"jetpack_publicize_connections":[],"jetpack_featured_media_url":"https:\/\/www.hoymercedes.com.ar\/principal\/wp-content\/uploads\/2022\/10\/tahona-moreno.jpg","wps_subtitle":"","jetpack_sharing_enabled":true,"_links":{"self":[{"href":"https:\/\/www.hoymercedes.com.ar\/principal\/wp-json\/wp\/v2\/posts\/154276","targetHints":{"allow":["GET"]}}],"collection":[{"href":"https:\/\/www.hoymercedes.com.ar\/principal\/wp-json\/wp\/v2\/posts"}],"about":[{"href":"https:\/\/www.hoymercedes.com.ar\/principal\/wp-json\/wp\/v2\/types\/post"}],"author":[{"embeddable":true,"href":"https:\/\/www.hoymercedes.com.ar\/principal\/wp-json\/wp\/v2\/users\/1"}],"replies":[{"embeddable":true,"href":"https:\/\/www.hoymercedes.com.ar\/principal\/wp-json\/wp\/v2\/comments?post=154276"}],"version-history":[{"count":0,"href":"https:\/\/www.hoymercedes.com.ar\/principal\/wp-json\/wp\/v2\/posts\/154276\/revisions"}],"wp:featuredmedia":[{"embeddable":true,"href":"https:\/\/www.hoymercedes.com.ar\/principal\/wp-json\/wp\/v2\/media\/154277"}],"wp:attachment":[{"href":"https:\/\/www.hoymercedes.com.ar\/principal\/wp-json\/wp\/v2\/media?parent=154276"}],"wp:term":[{"taxonomy":"category","embeddable":true,"href":"https:\/\/www.hoymercedes.com.ar\/principal\/wp-json\/wp\/v2\/categories?post=154276"},{"taxonomy":"post_tag","embeddable":true,"href":"https:\/\/www.hoymercedes.com.ar\/principal\/wp-json\/wp\/v2\/tags?post=154276"}],"curies":[{"name":"wp","href":"https:\/\/api.w.org\/{rel}","templated":true}]}}