{"id":154296,"date":"2022-10-19T16:59:00","date_gmt":"2022-10-19T19:59:00","guid":{"rendered":"https:\/\/www.hoymercedes.com.ar\/principal\/?p=154296"},"modified":"2022-10-19T15:47:44","modified_gmt":"2022-10-19T18:47:44","slug":"sujeto-apunalo-a-otro-en-la-via-publica-y-fue-aprehendido-por-homicidio","status":"publish","type":"post","link":"https:\/\/www.hoymercedes.com.ar\/principal\/2022\/10\/19\/sujeto-apunalo-a-otro-en-la-via-publica-y-fue-aprehendido-por-homicidio\/","title":{"rendered":"Sujeto apu\u00f1al\u00f3 a otro en la v\u00eda p\u00fablica y fue aprehendido por homicidio"},"content":{"rendered":"\n<p>En la jornada del pasado s\u00e1bado, en horas de la madrugada, un sujeto apu\u00f1al\u00f3 a otro en la v\u00eda p\u00fablica y se dio a la fuga. La v\u00edctima, un hombre de 43 a\u00f1os, oriundo de Chacabuco, falleci\u00f3 en el lugar. El homicida ya se encuentra a disposici\u00f3n de la Justicia.\u00a0<\/p>\n\n\n\n<p>De acuerdo a lo que pudo conocerse, un sujeto &#8211; a ra\u00edz de un conflicto previo originado en una discusi\u00f3n de tr\u00e1nsito que hab\u00eda ocurrido instantes antes en la v\u00eda p\u00fablica &#8211; se encontr\u00f3 con la v\u00edctima Luis Alberto Casco Rodas en la calle Misiones de la localidad de Salto. All\u00ed detuvo su marcha, descendi\u00f3 de la bicicleta en la que circulaba y tom\u00f3 una cuchilla del interior de su mochila. <\/p>\n\n\n\n<p>La v\u00edctima, tambi\u00e9n descendi\u00f3 de su autom\u00f3vil y comenzaron una pelea donde fue lesionada con un puntazo a la altura del pecho y qued\u00f3 tendida en medio de la calle. Mientras la v\u00edctima agonizaba, el imputado guard\u00f3 la cuchilla, se subi\u00f3 nuevamente a su bicicleta y se dirigi\u00f3 a su domicilio.\u00a0<\/p>\n\n\n\n<p>Tras un llamado al 911 personal policial y de emergencias llegaron al lugar pero el vecino herido ya se encontraba fallecido. A ra\u00edz de ello tom\u00f3 intervenci\u00f3n la Unidad Funcional de Instrucci\u00f3n N.\u00ba 2 del Departamento Judicial Mercedes a cargo del Dr. Sebasti\u00e1n Villalba, en conjunto con la Ayudant\u00eda Fiscal de la localidad, impartiendo las directivas del caso. Es as\u00ed que tambi\u00e9n se orden\u00f3 la intervenci\u00f3n de Polic\u00eda Cient\u00edfica Mercedes y Delegaci\u00f3n Departamental de Investigaci\u00f3n de Luj\u00e1n y dem\u00e1s diligencias de rigor.&nbsp;<\/p>\n\n\n\n<p>Tras recabar diversos elementos se logr\u00f3 dar con el paradero del imputado y aprehenderlo. Adem\u00e1s, el fiscal orden\u00f3 &#8211; en el marco de las facultades que le son propias &#8211; un allanamiento fiscal en el domicilio de este sujeto donde se encontraron elementos vinculados al hecho (la bicicleta en la que se movilizaba, una gorra, cuchilla y prendas de vestir que coinciden con las que llevaba al momento de cometer el il\u00edcito).&nbsp;<\/p>\n\n\n\n<p>El imputado (un hombre de 48 a\u00f1os, oriundo de Chaco domiciliado en Salto) compareci\u00f3 ante el agente Fiscal en el marco de la audiencia de declaraci\u00f3n en los t\u00e9rminos del art. 308 del C\u00f3digo Procesal Penal en la jornada del lunes 17. Fue por el delito de \u00abHomicidio simple\u201d y no hizo uso de su derecho a negarse a declarar. Tras ello, desde la Fiscal\u00eda se solicit\u00f3 ante el Juzgado de Garant\u00edas N\u00b0 1, avalar las actuaciones y convertir la aprehensi\u00f3n en detenci\u00f3n.\u00a0<\/p>\n\n\n\n<p>Fuente: Ministerio P\u00fablico Fiscal &#8211; Depto Judicial Mercedes<\/p>\n","protected":false},"excerpt":{"rendered":"<p>En la jornada del pasado s\u00e1bado, en horas de la madrugada, un sujeto apu\u00f1al\u00f3 a otro en la v\u00eda p\u00fablica y se dio a la fuga. La v\u00edctima, un hombre de 43 a\u00f1os, oriundo de Chacabuco, falleci\u00f3 en el lugar. El homicida ya se encuentra a disposici\u00f3n de la Justicia. (Foto de Archivo)<\/p>\n","protected":false},"author":1,"featured_media":151531,"comment_status":"closed","ping_status":"open","sticky":false,"template":"","format":"standard","meta":{"_monsterinsights_skip_tracking":false,"_monsterinsights_sitenote_active":false,"_monsterinsights_sitenote_note":"","_monsterinsights_sitenote_category":0,"jetpack_post_was_ever_published":false,"_jetpack_newsletter_access":"","_jetpack_dont_email_post_to_subs":false,"_jetpack_newsletter_tier_id":0,"_jetpack_memberships_contains_paywalled_content":false,"_jetpack_memberships_contains_paid_content":false,"footnotes":"","jetpack_publicize_message":"","jetpack_publicize_feature_enabled":true,"jetpack_social_post_already_shared":true,"jetpack_social_options":{"image_generator_settings":{"template":"highway","default_image_id":0,"font":"","enabled":false},"version":2},"_wpas_customize_per_network":false},"categories":[85],"tags":[],"class_list":["post-154296","post","type-post","status-publish","format-standard","has-post-thumbnail","hentry","category-policial","generate-columns","tablet-grid-50","mobile-grid-100","grid-parent","grid-50"],"jetpack_publicize_connections":[],"jetpack_featured_media_url":"https:\/\/www.hoymercedes.com.ar\/principal\/wp-content\/uploads\/2022\/08\/Comisaria-Salto.jpg","wps_subtitle":"","jetpack_sharing_enabled":true,"_links":{"self":[{"href":"https:\/\/www.hoymercedes.com.ar\/principal\/wp-json\/wp\/v2\/posts\/154296","targetHints":{"allow":["GET"]}}],"collection":[{"href":"https:\/\/www.hoymercedes.com.ar\/principal\/wp-json\/wp\/v2\/posts"}],"about":[{"href":"https:\/\/www.hoymercedes.com.ar\/principal\/wp-json\/wp\/v2\/types\/post"}],"author":[{"embeddable":true,"href":"https:\/\/www.hoymercedes.com.ar\/principal\/wp-json\/wp\/v2\/users\/1"}],"replies":[{"embeddable":true,"href":"https:\/\/www.hoymercedes.com.ar\/principal\/wp-json\/wp\/v2\/comments?post=154296"}],"version-history":[{"count":0,"href":"https:\/\/www.hoymercedes.com.ar\/principal\/wp-json\/wp\/v2\/posts\/154296\/revisions"}],"wp:featuredmedia":[{"embeddable":true,"href":"https:\/\/www.hoymercedes.com.ar\/principal\/wp-json\/wp\/v2\/media\/151531"}],"wp:attachment":[{"href":"https:\/\/www.hoymercedes.com.ar\/principal\/wp-json\/wp\/v2\/media?parent=154296"}],"wp:term":[{"taxonomy":"category","embeddable":true,"href":"https:\/\/www.hoymercedes.com.ar\/principal\/wp-json\/wp\/v2\/categories?post=154296"},{"taxonomy":"post_tag","embeddable":true,"href":"https:\/\/www.hoymercedes.com.ar\/principal\/wp-json\/wp\/v2\/tags?post=154296"}],"curies":[{"name":"wp","href":"https:\/\/api.w.org\/{rel}","templated":true}]}}