{"id":154515,"date":"2022-10-23T21:56:08","date_gmt":"2022-10-24T00:56:08","guid":{"rendered":"https:\/\/www.hoymercedes.com.ar\/principal\/?p=154515"},"modified":"2022-10-23T21:56:11","modified_gmt":"2022-10-24T00:56:11","slug":"lujan-millonario-y-arriesgado-robo-en-distribuidora-diarco","status":"publish","type":"post","link":"https:\/\/www.hoymercedes.com.ar\/principal\/2022\/10\/23\/lujan-millonario-y-arriesgado-robo-en-distribuidora-diarco\/","title":{"rendered":"Luj\u00e1n: Millonario y arriesgado robo en distribuidora Diarco"},"content":{"rendered":"\n<figure class=\"wp-block-image size-large\"><img loading=\"lazy\" decoding=\"async\" width=\"1024\" height=\"852\" data-attachment-id=\"154516\" data-permalink=\"https:\/\/www.hoymercedes.com.ar\/principal\/2022\/10\/23\/lujan-millonario-y-arriesgado-robo-en-distribuidora-diarco\/robo-diarco-lujan\/#main\" data-orig-file=\"https:\/\/www.hoymercedes.com.ar\/principal\/wp-content\/uploads\/2022\/10\/Robo-Diarco-Lujan.jpg\" data-orig-size=\"2000,1665\" data-comments-opened=\"0\" data-image-meta=\"{&quot;aperture&quot;:&quot;0&quot;,&quot;credit&quot;:&quot;&quot;,&quot;camera&quot;:&quot;&quot;,&quot;caption&quot;:&quot;&quot;,&quot;created_timestamp&quot;:&quot;0&quot;,&quot;copyright&quot;:&quot;&quot;,&quot;focal_length&quot;:&quot;0&quot;,&quot;iso&quot;:&quot;0&quot;,&quot;shutter_speed&quot;:&quot;0&quot;,&quot;title&quot;:&quot;&quot;,&quot;orientation&quot;:&quot;0&quot;}\" data-image-title=\"Robo-Diarco-Lujan\" data-image-description=\"\" data-image-caption=\"\" data-large-file=\"https:\/\/www.hoymercedes.com.ar\/principal\/wp-content\/uploads\/2022\/10\/Robo-Diarco-Lujan-1024x852.jpg\" src=\"https:\/\/www.hoymercedes.com.ar\/principal\/wp-content\/uploads\/2022\/10\/Robo-Diarco-Lujan-1024x852.jpg\" alt=\"\" class=\"wp-image-154516\" srcset=\"https:\/\/www.hoymercedes.com.ar\/principal\/wp-content\/uploads\/2022\/10\/Robo-Diarco-Lujan-1024x852.jpg 1024w, https:\/\/www.hoymercedes.com.ar\/principal\/wp-content\/uploads\/2022\/10\/Robo-Diarco-Lujan-630x524.jpg 630w, https:\/\/www.hoymercedes.com.ar\/principal\/wp-content\/uploads\/2022\/10\/Robo-Diarco-Lujan-150x125.jpg 150w, https:\/\/www.hoymercedes.com.ar\/principal\/wp-content\/uploads\/2022\/10\/Robo-Diarco-Lujan-1536x1279.jpg 1536w, https:\/\/www.hoymercedes.com.ar\/principal\/wp-content\/uploads\/2022\/10\/Robo-Diarco-Lujan.jpg 2000w\" sizes=\"auto, (max-width: 1024px) 100vw, 1024px\" \/><\/figure>\n\n\n\n<p>Se estima se robaron alrededor de 9 millones de pesos. Fuer tras lograr ingresar por el techo y violentar las cajas fuertes de la distribuidora ubicada en ruta nacional n\u00ba5 en el Partido de Luj\u00e1n. Los investigadores estiman que fue muy planificado por c\u00f3mo lograron el enorme bot\u00edn<\/p>\n\n\n\n<p>El hecho se descubri\u00f3 en la ma\u00f1ana de este domingo tras el s\u00e1bado con gran cantidad de ventas.<\/p>\n\n\n\n<p>Todo indica fue en horas de la madrugada y tras abrir un espacio del techo se puo concretar el gran atraco.<\/p>\n\n\n\n<p>Por lo complejo y fino del robo se estima fueron varias las horas de trabajo de los delincuentes y seguramente contando con herramientas mec\u00e1nicas dado el acero de las cajas fuertes.<\/p>\n\n\n\n<p>Medios lujanenes confirman que no hab\u00eda personal de seguridad y una alarma que no funcion\u00f3 e incluso se dio que el s\u00e1bado el cami\u00f3n de caudales que retira la recaudaci\u00f3n no pas\u00f3.<\/p>\n","protected":false},"excerpt":{"rendered":"<p>Se estima se robaron alrededor de 9 millones de pesos. Fuer tras lograr ingresar por el techo y violentar las &#8230; <a title=\"Luj\u00e1n: Millonario y arriesgado robo en distribuidora Diarco\" class=\"read-more\" href=\"https:\/\/www.hoymercedes.com.ar\/principal\/2022\/10\/23\/lujan-millonario-y-arriesgado-robo-en-distribuidora-diarco\/\" aria-label=\"Leer m\u00e1s sobre Luj\u00e1n: Millonario y arriesgado robo en distribuidora Diarco\">Leer m\u00e1s<\/a><\/p>\n","protected":false},"author":1,"featured_media":154516,"comment_status":"closed","ping_status":"open","sticky":false,"template":"","format":"standard","meta":{"_monsterinsights_skip_tracking":false,"_monsterinsights_sitenote_active":false,"_monsterinsights_sitenote_note":"","_monsterinsights_sitenote_category":0,"jetpack_post_was_ever_published":false,"_jetpack_newsletter_access":"","_jetpack_dont_email_post_to_subs":false,"_jetpack_newsletter_tier_id":0,"_jetpack_memberships_contains_paywalled_content":false,"_jetpack_memberships_contains_paid_content":false,"footnotes":"","jetpack_publicize_message":"","jetpack_publicize_feature_enabled":true,"jetpack_social_post_already_shared":true,"jetpack_social_options":{"image_generator_settings":{"template":"highway","default_image_id":0,"font":"","enabled":false},"version":2},"_wpas_customize_per_network":false},"categories":[85],"tags":[9088,18524,18523],"class_list":["post-154515","post","type-post","status-publish","format-standard","has-post-thumbnail","hentry","category-policial","tag-inseguridad-lujan","tag-robo-en-diarco-jauregui","tag-robo-en-lujan-2","generate-columns","tablet-grid-50","mobile-grid-100","grid-parent","grid-50"],"jetpack_publicize_connections":[],"jetpack_featured_media_url":"https:\/\/www.hoymercedes.com.ar\/principal\/wp-content\/uploads\/2022\/10\/Robo-Diarco-Lujan.jpg","wps_subtitle":"Impactante robo","jetpack_sharing_enabled":true,"_links":{"self":[{"href":"https:\/\/www.hoymercedes.com.ar\/principal\/wp-json\/wp\/v2\/posts\/154515","targetHints":{"allow":["GET"]}}],"collection":[{"href":"https:\/\/www.hoymercedes.com.ar\/principal\/wp-json\/wp\/v2\/posts"}],"about":[{"href":"https:\/\/www.hoymercedes.com.ar\/principal\/wp-json\/wp\/v2\/types\/post"}],"author":[{"embeddable":true,"href":"https:\/\/www.hoymercedes.com.ar\/principal\/wp-json\/wp\/v2\/users\/1"}],"replies":[{"embeddable":true,"href":"https:\/\/www.hoymercedes.com.ar\/principal\/wp-json\/wp\/v2\/comments?post=154515"}],"version-history":[{"count":0,"href":"https:\/\/www.hoymercedes.com.ar\/principal\/wp-json\/wp\/v2\/posts\/154515\/revisions"}],"wp:featuredmedia":[{"embeddable":true,"href":"https:\/\/www.hoymercedes.com.ar\/principal\/wp-json\/wp\/v2\/media\/154516"}],"wp:attachment":[{"href":"https:\/\/www.hoymercedes.com.ar\/principal\/wp-json\/wp\/v2\/media?parent=154515"}],"wp:term":[{"taxonomy":"category","embeddable":true,"href":"https:\/\/www.hoymercedes.com.ar\/principal\/wp-json\/wp\/v2\/categories?post=154515"},{"taxonomy":"post_tag","embeddable":true,"href":"https:\/\/www.hoymercedes.com.ar\/principal\/wp-json\/wp\/v2\/tags?post=154515"}],"curies":[{"name":"wp","href":"https:\/\/api.w.org\/{rel}","templated":true}]}}