{"id":154564,"date":"2022-10-24T14:01:00","date_gmt":"2022-10-24T17:01:00","guid":{"rendered":"https:\/\/www.hoymercedes.com.ar\/principal\/?p=154564"},"modified":"2022-10-24T11:12:06","modified_gmt":"2022-10-24T14:12:06","slug":"en-el-hcd-presentaron-libro-sobre-raul-alfonsin","status":"publish","type":"post","link":"https:\/\/www.hoymercedes.com.ar\/principal\/2022\/10\/24\/en-el-hcd-presentaron-libro-sobre-raul-alfonsin\/","title":{"rendered":"En el HCD: Presentaron libro sobre Ra\u00fal Alfons\u00edn\u00a0"},"content":{"rendered":"\n<p><em>Estuvo presente su compilador Juan Antonio Portesi junto a Oscar Albini y Cecilia Campos que relataron algunas de las vivencias durante los a\u00f1os de gobierno de Alfons\u00edn. Las coordinadoras del evento fueron Lel\u00e9 Falabella y Alejandra Repetto. <\/em><\/p>\n\n\n<div class=\"wp-block-image\">\n<figure class=\"aligncenter size-full\"><img loading=\"lazy\" decoding=\"async\" width=\"800\" height=\"451\" data-attachment-id=\"154565\" data-permalink=\"https:\/\/www.hoymercedes.com.ar\/principal\/2022\/10\/24\/en-el-hcd-presentaron-libro-sobre-raul-alfonsin\/alfonsin-libro1\/#main\" data-orig-file=\"https:\/\/www.hoymercedes.com.ar\/principal\/wp-content\/uploads\/2022\/10\/Alfonsin-libro1.jpg\" data-orig-size=\"800,451\" data-comments-opened=\"0\" data-image-meta=\"{&quot;aperture&quot;:&quot;0&quot;,&quot;credit&quot;:&quot;&quot;,&quot;camera&quot;:&quot;&quot;,&quot;caption&quot;:&quot;&quot;,&quot;created_timestamp&quot;:&quot;0&quot;,&quot;copyright&quot;:&quot;&quot;,&quot;focal_length&quot;:&quot;0&quot;,&quot;iso&quot;:&quot;0&quot;,&quot;shutter_speed&quot;:&quot;0&quot;,&quot;title&quot;:&quot;&quot;,&quot;orientation&quot;:&quot;0&quot;}\" data-image-title=\"Alfonsin libro1\" data-image-description=\"\" data-image-caption=\"\" data-large-file=\"https:\/\/www.hoymercedes.com.ar\/principal\/wp-content\/uploads\/2022\/10\/Alfonsin-libro1.jpg\" src=\"https:\/\/www.hoymercedes.com.ar\/principal\/wp-content\/uploads\/2022\/10\/Alfonsin-libro1.jpg\" alt=\"\" class=\"wp-image-154565\" srcset=\"https:\/\/www.hoymercedes.com.ar\/principal\/wp-content\/uploads\/2022\/10\/Alfonsin-libro1.jpg 800w, https:\/\/www.hoymercedes.com.ar\/principal\/wp-content\/uploads\/2022\/10\/Alfonsin-libro1-630x355.jpg 630w, https:\/\/www.hoymercedes.com.ar\/principal\/wp-content\/uploads\/2022\/10\/Alfonsin-libro1-150x85.jpg 150w\" sizes=\"auto, (max-width: 800px) 100vw, 800px\" \/><\/figure>\n<\/div>\n\n\n<p>El pasado martes por la noche en el recinto del Concejo Deliberante de Mercedes se llev\u00f3 a cabo la presentaci\u00f3n del libro \u201cRa\u00fal Alfons\u00edn, visto por sus contempor\u00e1neos\u201d el cual rescata a visi\u00f3n de hombres y mujeres allegados a la pol\u00edtica donde narran sus vivencias en torno a la figura del ex presidente.&nbsp;<\/p>\n\n\n\n<p>Este compendio de relatos fue realizado por el mercedino Juan Antonio Portesi quien supo ser ministro de gobierno en la provincia de Buenos Aires durante el mandato alfonsinita.&nbsp;<\/p>\n\n\n\n<p>Sin embargo, el libro cont\u00f3 con la participaci\u00f3n de importantes figuras como el ex presidente uruguayo Julio Mar\u00eda Sanguinetti, Graciela Fern\u00e1ndez Meijide, el polit\u00f3logo Vicente Palermo, la historiadora Mar\u00eda S\u00e1enz Quesada, el ex subdirector de La Naci\u00f3n Jos\u00e9 Claudio Escribano, el ex ministro Horacio Jaunarena y el ex secretario general del PSOE espa\u00f1ol Joaqu\u00edn Almunia, entre otros.&nbsp;<\/p>\n\n\n\n<p>Este compendio de relatos sobre la figura del ex presidente ya hab\u00eda tenido su presentaci\u00f3n en el Teatro General San Mart\u00edn de la Ciudad de Buenos Aires junto a Luis Brandoni y la abogada Roc\u00edo Alconada Alfons\u00edn, nieta del dirigente radical.&nbsp;<br>Ahora, para la presentaci\u00f3n local en el recinto del HCD, los mercedinos Oscar Albini, Cecilia Campos y Juan Portesi dejaron algunas palabras para los presentes sobre las experiencias volcadas en las p\u00e1ginas del libro.&nbsp;<\/p>\n\n\n\n<p>El p\u00fablico fue recibido por la presidenta del cuerpo Evangelina Cabral, quien luego le dio paso a Alejandra Repetto y Alicia \u201cLele\u201d Falabella que fueron moderando la presentaci\u00f3n.\u00a0<\/p>\n\n\n<div class=\"wp-block-image\">\n<figure class=\"aligncenter size-full\"><img loading=\"lazy\" decoding=\"async\" width=\"844\" height=\"480\" data-attachment-id=\"154566\" data-permalink=\"https:\/\/www.hoymercedes.com.ar\/principal\/2022\/10\/24\/en-el-hcd-presentaron-libro-sobre-raul-alfonsin\/alfonsin-libro\/#main\" data-orig-file=\"https:\/\/www.hoymercedes.com.ar\/principal\/wp-content\/uploads\/2022\/10\/Alfonsin-libro.jpg\" data-orig-size=\"844,480\" data-comments-opened=\"0\" data-image-meta=\"{&quot;aperture&quot;:&quot;0&quot;,&quot;credit&quot;:&quot;&quot;,&quot;camera&quot;:&quot;&quot;,&quot;caption&quot;:&quot;&quot;,&quot;created_timestamp&quot;:&quot;0&quot;,&quot;copyright&quot;:&quot;&quot;,&quot;focal_length&quot;:&quot;0&quot;,&quot;iso&quot;:&quot;0&quot;,&quot;shutter_speed&quot;:&quot;0&quot;,&quot;title&quot;:&quot;&quot;,&quot;orientation&quot;:&quot;0&quot;}\" data-image-title=\"Alfonsin libro\" data-image-description=\"\" data-image-caption=\"\" data-large-file=\"https:\/\/www.hoymercedes.com.ar\/principal\/wp-content\/uploads\/2022\/10\/Alfonsin-libro.jpg\" src=\"https:\/\/www.hoymercedes.com.ar\/principal\/wp-content\/uploads\/2022\/10\/Alfonsin-libro.jpg\" alt=\"\" class=\"wp-image-154566\" srcset=\"https:\/\/www.hoymercedes.com.ar\/principal\/wp-content\/uploads\/2022\/10\/Alfonsin-libro.jpg 844w, https:\/\/www.hoymercedes.com.ar\/principal\/wp-content\/uploads\/2022\/10\/Alfonsin-libro-630x358.jpg 630w, https:\/\/www.hoymercedes.com.ar\/principal\/wp-content\/uploads\/2022\/10\/Alfonsin-libro-150x85.jpg 150w\" sizes=\"auto, (max-width: 844px) 100vw, 844px\" \/><\/figure>\n<\/div>\n\n\n<p><strong>Hacia el futuro<\/strong>&nbsp;<\/p>\n\n\n\n<p>A modo introductorio, Alejandra Repetto dejo una rese\u00f1a de lo que este libro busca entre sus p\u00e1ginas.&nbsp;<\/p>\n\n\n\n<p>\u201cDe alguna manera nos preguntamos, \u00bfPor qu\u00e9 recordar a Alfons\u00edn en nuestro tiempo? Estos trabajos apuntan hacia el futuro, hacia un porvenir, donde se recuperen valores esenciales que no hace tanto el pueblo argentino hizo suyo como lo son el de la democracia, de la palabra, el funcionamiento adecuado del estado de derecho, de la dignidad, honestidad de idoneidad en el beneficio de la funci\u00f3n p\u00fablica\u201d mencion\u00f3&nbsp;<\/p>\n\n\n\n<p>Por otra parte, manifest\u00f3 que \u201cla propuesta de editar este libro surgi\u00f3 de un grupo de militantes radicales, pero como el prop\u00f3sito no es seguir una bander\u00eda pol\u00edtica sino recordad y conmemorar, el pretexto fue enriquecido con aportes ajenos al radicalismo, as\u00ed entre todos nos dan una referencia veraz de otros tiempos d\u00f3nde las cosas fueron distintas y mejores\u201d.&nbsp;<\/p>\n\n\n\n<p>Luego, les dio paso a los autores presentes (Albini, Campos y Portesi), que uno a uno fueron comentando algunas de sus experiencias en el recuerdo de la figura de Ra\u00fal Alfons\u00edn.&nbsp;<\/p>\n\n\n\n<p><strong>El testimonio de los mercedinos<\/strong>&nbsp;<\/p>\n\n\n\n<p>Si bien en el recinto del HCD hab\u00eda tres de los escritores que se sumaron a la propuesta, lo cierto es que el libro \u201cRa\u00fal Alfons\u00edn, visto por sus contempor\u00e1neos\u201d reuni\u00f3 a m\u00e1s representantes locales que fueron mencionados en la presentaci\u00f3n.&nbsp;<\/p>\n\n\n\n<p>El principal fue \u201cJuancho\u201d Portessi, \u201choy compilador, ayer correligionario\u201d seg\u00fan lo describieron y \u201cque comparti\u00f3 ideales y camin\u00f3 junto a Alfons\u00edn en la gesti\u00f3n p\u00fablica como ministro de gobierno de la provincia de Buenos Aires\u201d.&nbsp;<\/p>\n\n\n\n<p>Cecilia Campos, m\u00e9dica militante \u201cque abraz\u00f3 la causa cuando se iniciaba en la profesi\u00f3n\u201d.&nbsp; Oscar Albini que en plena juventud \u201csinti\u00f3 que Ra\u00fal Alfons\u00edn daba respuestas a sus expectativas de futuro\u201d. Javier Echart, que en su proyecto de tesis doctoral \u201crevisa la relaci\u00f3n&nbsp; entre democracia y rep\u00fablica seg\u00fan la mirada y praxis del ex presidente\u201d. Antonio Lapolla, docente y rector de la universidad de Luj\u00e1n, relat\u00f3 \u201csus vivencias de Alfons\u00edn desde los claustros universitarios\u201d&nbsp;<\/p>\n\n\n\n<p>En tanto \u201cTito\u201d San Mart\u00edn, ex juez miembro de la Suprema Corte de Justicia de la provincia de Buenos Aires, \u201crelata sus experiencias desde el \u00e1mbito judicial, durante el gobierno de Alfons\u00edn\u201d.\u00a0<\/p>\n\n\n\n<p>Por Mariano Oyarz\u00fa<\/p>\n\n\n<div class=\"wp-block-image\">\n<figure class=\"aligncenter size-full\"><img loading=\"lazy\" decoding=\"async\" width=\"800\" height=\"533\" data-attachment-id=\"154554\" data-permalink=\"https:\/\/www.hoymercedes.com.ar\/principal\/2022\/10\/24\/con-j-c-smith-increible-show-de-blues-en-el-teatro\/libro-alfonsin-24\/#main\" data-orig-file=\"https:\/\/www.hoymercedes.com.ar\/principal\/wp-content\/uploads\/2022\/10\/libro-alfonsin-24.jpeg\" data-orig-size=\"800,533\" data-comments-opened=\"0\" data-image-meta=\"{&quot;aperture&quot;:&quot;0&quot;,&quot;credit&quot;:&quot;&quot;,&quot;camera&quot;:&quot;&quot;,&quot;caption&quot;:&quot;&quot;,&quot;created_timestamp&quot;:&quot;0&quot;,&quot;copyright&quot;:&quot;&quot;,&quot;focal_length&quot;:&quot;0&quot;,&quot;iso&quot;:&quot;0&quot;,&quot;shutter_speed&quot;:&quot;0&quot;,&quot;title&quot;:&quot;&quot;,&quot;orientation&quot;:&quot;0&quot;}\" data-image-title=\"libro alfonsin 24\" data-image-description=\"\" data-image-caption=\"\" data-large-file=\"https:\/\/www.hoymercedes.com.ar\/principal\/wp-content\/uploads\/2022\/10\/libro-alfonsin-24.jpeg\" src=\"https:\/\/www.hoymercedes.com.ar\/principal\/wp-content\/uploads\/2022\/10\/libro-alfonsin-24.jpeg\" alt=\"\" class=\"wp-image-154554\" srcset=\"https:\/\/www.hoymercedes.com.ar\/principal\/wp-content\/uploads\/2022\/10\/libro-alfonsin-24.jpeg 800w, https:\/\/www.hoymercedes.com.ar\/principal\/wp-content\/uploads\/2022\/10\/libro-alfonsin-24-630x420.jpeg 630w, https:\/\/www.hoymercedes.com.ar\/principal\/wp-content\/uploads\/2022\/10\/libro-alfonsin-24-150x100.jpeg 150w, https:\/\/www.hoymercedes.com.ar\/principal\/wp-content\/uploads\/2022\/10\/libro-alfonsin-24-700x465.jpeg 700w\" sizes=\"auto, (max-width: 800px) 100vw, 800px\" \/><\/figure>\n<\/div>","protected":false},"excerpt":{"rendered":"<p>Estuvo presente su compilador Juan Antonio Portesi junto a Oscar Albini y Cecilia Campos que relataron algunas de las vivencias durante los a\u00f1os de gobierno de Alfons\u00edn. Las coordinadoras del evento fueron Lel\u00e9 Falabella y Alejandra Repetto.<br \/>\n Por Mariano Oyarz\u00fa<\/p>\n","protected":false},"author":1,"featured_media":154566,"comment_status":"closed","ping_status":"open","sticky":false,"template":"","format":"standard","meta":{"_monsterinsights_skip_tracking":false,"_monsterinsights_sitenote_active":false,"_monsterinsights_sitenote_note":"","_monsterinsights_sitenote_category":0,"jetpack_post_was_ever_published":false,"_jetpack_newsletter_access":"","_jetpack_dont_email_post_to_subs":false,"_jetpack_newsletter_tier_id":0,"_jetpack_memberships_contains_paywalled_content":false,"_jetpack_memberships_contains_paid_content":false,"footnotes":"","jetpack_publicize_message":"","jetpack_publicize_feature_enabled":true,"jetpack_social_post_already_shared":true,"jetpack_social_options":{"image_generator_settings":{"template":"highway","default_image_id":0,"font":"","enabled":false},"version":2},"_wpas_customize_per_network":false},"categories":[104,5],"tags":[7805,5319],"class_list":["post-154564","post","type-post","status-publish","format-standard","has-post-thumbnail","hentry","category-cultura","category-politica","tag-cultura","tag-politica-2","generate-columns","tablet-grid-50","mobile-grid-100","grid-parent","grid-50"],"jetpack_publicize_connections":[],"jetpack_featured_media_url":"https:\/\/www.hoymercedes.com.ar\/principal\/wp-content\/uploads\/2022\/10\/Alfonsin-libro.jpg","wps_subtitle":"El pasado martes ","jetpack_sharing_enabled":true,"_links":{"self":[{"href":"https:\/\/www.hoymercedes.com.ar\/principal\/wp-json\/wp\/v2\/posts\/154564","targetHints":{"allow":["GET"]}}],"collection":[{"href":"https:\/\/www.hoymercedes.com.ar\/principal\/wp-json\/wp\/v2\/posts"}],"about":[{"href":"https:\/\/www.hoymercedes.com.ar\/principal\/wp-json\/wp\/v2\/types\/post"}],"author":[{"embeddable":true,"href":"https:\/\/www.hoymercedes.com.ar\/principal\/wp-json\/wp\/v2\/users\/1"}],"replies":[{"embeddable":true,"href":"https:\/\/www.hoymercedes.com.ar\/principal\/wp-json\/wp\/v2\/comments?post=154564"}],"version-history":[{"count":0,"href":"https:\/\/www.hoymercedes.com.ar\/principal\/wp-json\/wp\/v2\/posts\/154564\/revisions"}],"wp:featuredmedia":[{"embeddable":true,"href":"https:\/\/www.hoymercedes.com.ar\/principal\/wp-json\/wp\/v2\/media\/154566"}],"wp:attachment":[{"href":"https:\/\/www.hoymercedes.com.ar\/principal\/wp-json\/wp\/v2\/media?parent=154564"}],"wp:term":[{"taxonomy":"category","embeddable":true,"href":"https:\/\/www.hoymercedes.com.ar\/principal\/wp-json\/wp\/v2\/categories?post=154564"},{"taxonomy":"post_tag","embeddable":true,"href":"https:\/\/www.hoymercedes.com.ar\/principal\/wp-json\/wp\/v2\/tags?post=154564"}],"curies":[{"name":"wp","href":"https:\/\/api.w.org\/{rel}","templated":true}]}}