{"id":154618,"date":"2022-10-26T07:22:00","date_gmt":"2022-10-26T10:22:00","guid":{"rendered":"https:\/\/www.hoymercedes.com.ar\/principal\/?p=154618"},"modified":"2022-10-26T07:35:28","modified_gmt":"2022-10-26T10:35:28","slug":"giles-forcejeo-maniatados-e-importante-robo","status":"publish","type":"post","link":"https:\/\/www.hoymercedes.com.ar\/principal\/2022\/10\/26\/giles-forcejeo-maniatados-e-importante-robo\/","title":{"rendered":"Giles: forcejeo, maniatados e importante robo"},"content":{"rendered":"\n<p>Recae en la justicia mercedina el robo que padeci\u00f3 una familia en <strong>San Andr\u00e9s de Giles<\/strong> en horas del mediod\u00eda de pasado lunes mientras se encontraban almorzando. Fueron maniatados en el lavadero de la casa. Un miembro de la familia que lleg\u00f3 mientras se consumaba el acto delictivo forceje\u00f3 con los delincuentes. Finalmente consumaron el<strong> robo y huyeron.<\/strong><\/p>\n\n\n\n<p>Seg\u00fan se supo desde la vecina ciudad de <strong>Giles<\/strong> la justicia investiga si fue un robo planificado o al voleo.<\/p>\n\n\n\n<p>Eran dos hombres de alrededor de 40 a\u00f1os de edad que lograron huir, sin embargo, quedaron registrados por c\u00e1maras privadas cercanas al lugar del atraco, en <strong>Guevara y Rawson.<\/strong><\/p>\n\n\n\n<p>Estaban armados. Se llevaron d<strong> d\u00f3lares, joyas, dinero en efectivo y una computadora port\u00e1til<\/strong>. <\/p>\n","protected":false},"excerpt":{"rendered":"<p>Recae en la justicia mercedina el robo que padeci\u00f3 una familia en San Andr\u00e9s de Giles en horas del mediod\u00eda &#8230; <a title=\"Giles: forcejeo, maniatados e importante robo\" class=\"read-more\" href=\"https:\/\/www.hoymercedes.com.ar\/principal\/2022\/10\/26\/giles-forcejeo-maniatados-e-importante-robo\/\" aria-label=\"Leer m\u00e1s sobre Giles: forcejeo, maniatados e importante robo\">Leer m\u00e1s<\/a><\/p>\n","protected":false},"author":1,"featured_media":125642,"comment_status":"closed","ping_status":"open","sticky":false,"template":"","format":"standard","meta":{"_monsterinsights_skip_tracking":false,"_monsterinsights_sitenote_active":false,"_monsterinsights_sitenote_note":"","_monsterinsights_sitenote_category":0,"jetpack_post_was_ever_published":false,"_jetpack_newsletter_access":"","_jetpack_dont_email_post_to_subs":false,"_jetpack_newsletter_tier_id":0,"_jetpack_memberships_contains_paywalled_content":false,"_jetpack_memberships_contains_paid_content":false,"footnotes":"","jetpack_publicize_message":"","jetpack_publicize_feature_enabled":true,"jetpack_social_post_already_shared":false,"jetpack_social_options":{"image_generator_settings":{"template":"highway","default_image_id":0,"font":"","enabled":false},"version":2},"_wpas_customize_per_network":false},"categories":[85],"tags":[18529,2123],"class_list":["post-154618","post","type-post","status-publish","format-standard","has-post-thumbnail","hentry","category-policial","tag-robo-en-giles","tag-san-andres-de-giles","generate-columns","tablet-grid-50","mobile-grid-100","grid-parent","grid-50"],"jetpack_publicize_connections":[],"jetpack_featured_media_url":"https:\/\/www.hoymercedes.com.ar\/principal\/wp-content\/uploads\/2021\/03\/02-movil-policia.jpg","wps_subtitle":"Delincuencia","jetpack_sharing_enabled":true,"_links":{"self":[{"href":"https:\/\/www.hoymercedes.com.ar\/principal\/wp-json\/wp\/v2\/posts\/154618","targetHints":{"allow":["GET"]}}],"collection":[{"href":"https:\/\/www.hoymercedes.com.ar\/principal\/wp-json\/wp\/v2\/posts"}],"about":[{"href":"https:\/\/www.hoymercedes.com.ar\/principal\/wp-json\/wp\/v2\/types\/post"}],"author":[{"embeddable":true,"href":"https:\/\/www.hoymercedes.com.ar\/principal\/wp-json\/wp\/v2\/users\/1"}],"replies":[{"embeddable":true,"href":"https:\/\/www.hoymercedes.com.ar\/principal\/wp-json\/wp\/v2\/comments?post=154618"}],"version-history":[{"count":0,"href":"https:\/\/www.hoymercedes.com.ar\/principal\/wp-json\/wp\/v2\/posts\/154618\/revisions"}],"wp:featuredmedia":[{"embeddable":true,"href":"https:\/\/www.hoymercedes.com.ar\/principal\/wp-json\/wp\/v2\/media\/125642"}],"wp:attachment":[{"href":"https:\/\/www.hoymercedes.com.ar\/principal\/wp-json\/wp\/v2\/media?parent=154618"}],"wp:term":[{"taxonomy":"category","embeddable":true,"href":"https:\/\/www.hoymercedes.com.ar\/principal\/wp-json\/wp\/v2\/categories?post=154618"},{"taxonomy":"post_tag","embeddable":true,"href":"https:\/\/www.hoymercedes.com.ar\/principal\/wp-json\/wp\/v2\/tags?post=154618"}],"curies":[{"name":"wp","href":"https:\/\/api.w.org\/{rel}","templated":true}]}}