{"id":154654,"date":"2022-10-26T15:14:01","date_gmt":"2022-10-26T18:14:01","guid":{"rendered":"https:\/\/www.hoymercedes.com.ar\/principal\/?p=154654"},"modified":"2022-10-26T15:21:53","modified_gmt":"2022-10-26T18:21:53","slug":"sade-mercedes-participo-de-homenaje-a-alfonsina-storni","status":"publish","type":"post","link":"https:\/\/www.hoymercedes.com.ar\/principal\/2022\/10\/26\/sade-mercedes-participo-de-homenaje-a-alfonsina-storni\/","title":{"rendered":"SADE Mercedes particip\u00f3 de homenaje a Alfonsina Storni"},"content":{"rendered":"\n<p>Mercedes-SADE Internacional inform\u00f3 que sus integrantes participaron de un encuentro con\u00a0Juramento \u00c9tico\u00a0de m\u00e1s de 20 escritores provenientes de todo el pa\u00eds, en el sitio donde la gran poeta Alfonsina Storni \u00abse dej\u00f3 llevar por el mar\u00bb en 1938. <\/p>\n\n\n\n<p>En Mar del Plata, se llev\u00f3 a cabo por segunda vez consecutiva el homenaje internacional en el sitio donde se alza la talla art\u00edstica de Alfonsina, frente al mar, en Playa La Perla. <\/p>\n\n\n\n<p>Luego del Juramento se pas\u00f3 a la casa que habit\u00f3 Alfonsina en sus \u00faltimas horas, donde el mercedino Jorge Citr\u00e1ngolo Casal hizo entrega a la poeta coordinadora del evento, la escritora marplatense Argelia D\u00edaz, un recuerdo del escudo de Mercedes. <\/p>\n\n\n\n<p>\u00abEl evento se inscribe en los anales de la historia de la literatura argentina con trascendencia mundial. Todo fue coronado con aplausos y aceptaci\u00f3n de gran p\u00fablico presente en la playa consideranto que era un fin de semana apropiado para estos acontecimientos culturales\u00bb, contaron desde Mercedes-SADE. <\/p>\n\n\n<div class=\"wp-block-image\">\n<figure class=\"aligncenter size-full\"><img loading=\"lazy\" decoding=\"async\" width=\"800\" height=\"534\" data-attachment-id=\"154655\" data-permalink=\"https:\/\/www.hoymercedes.com.ar\/principal\/2022\/10\/26\/sade-mercedes-participo-de-homenaje-a-alfonsina-storni\/20221022_123637\/#main\" data-orig-file=\"https:\/\/www.hoymercedes.com.ar\/principal\/wp-content\/uploads\/2022\/10\/20221022_123637.jpg\" data-orig-size=\"800,534\" data-comments-opened=\"0\" data-image-meta=\"{&quot;aperture&quot;:&quot;0&quot;,&quot;credit&quot;:&quot;&quot;,&quot;camera&quot;:&quot;&quot;,&quot;caption&quot;:&quot;&quot;,&quot;created_timestamp&quot;:&quot;1666442197&quot;,&quot;copyright&quot;:&quot;&quot;,&quot;focal_length&quot;:&quot;0&quot;,&quot;iso&quot;:&quot;0&quot;,&quot;shutter_speed&quot;:&quot;0&quot;,&quot;title&quot;:&quot;&quot;,&quot;orientation&quot;:&quot;1&quot;}\" data-image-title=\"20221022_123637\" data-image-description=\"\" data-image-caption=\"\" data-large-file=\"https:\/\/www.hoymercedes.com.ar\/principal\/wp-content\/uploads\/2022\/10\/20221022_123637.jpg\" src=\"https:\/\/www.hoymercedes.com.ar\/principal\/wp-content\/uploads\/2022\/10\/20221022_123637.jpg\" alt=\"\" class=\"wp-image-154655\" srcset=\"https:\/\/www.hoymercedes.com.ar\/principal\/wp-content\/uploads\/2022\/10\/20221022_123637.jpg 800w, https:\/\/www.hoymercedes.com.ar\/principal\/wp-content\/uploads\/2022\/10\/20221022_123637-630x421.jpg 630w, https:\/\/www.hoymercedes.com.ar\/principal\/wp-content\/uploads\/2022\/10\/20221022_123637-150x100.jpg 150w\" sizes=\"auto, (max-width: 800px) 100vw, 800px\" \/><\/figure>\n<\/div>","protected":false},"excerpt":{"rendered":"<p>Mercedes-SADE Internacional inform\u00f3 que sus integrantes participaron de un encuentro con\u00a0Juramento \u00c9tico\u00a0de m\u00e1s de 20 escritores provenientes de todo el pa\u00eds, en el sitio donde la gran poeta Alfonsina Storni \u00abse dej\u00f3 llevar por el mar\u00bb en 1938. <\/p>\n","protected":false},"author":1,"featured_media":154655,"comment_status":"closed","ping_status":"open","sticky":false,"template":"","format":"standard","meta":{"_monsterinsights_skip_tracking":false,"_monsterinsights_sitenote_active":false,"_monsterinsights_sitenote_note":"","_monsterinsights_sitenote_category":0,"jetpack_post_was_ever_published":false,"_jetpack_newsletter_access":"","_jetpack_dont_email_post_to_subs":false,"_jetpack_newsletter_tier_id":0,"_jetpack_memberships_contains_paywalled_content":false,"_jetpack_memberships_contains_paid_content":false,"footnotes":"","jetpack_publicize_message":"","jetpack_publicize_feature_enabled":true,"jetpack_social_post_already_shared":true,"jetpack_social_options":{"image_generator_settings":{"template":"highway","default_image_id":0,"font":"","enabled":false},"version":2},"_wpas_customize_per_network":false},"categories":[104],"tags":[7805],"class_list":["post-154654","post","type-post","status-publish","format-standard","has-post-thumbnail","hentry","category-cultura","tag-cultura","generate-columns","tablet-grid-50","mobile-grid-100","grid-parent","grid-50"],"jetpack_publicize_connections":[],"jetpack_featured_media_url":"https:\/\/www.hoymercedes.com.ar\/principal\/wp-content\/uploads\/2022\/10\/20221022_123637.jpg","wps_subtitle":"","jetpack_sharing_enabled":true,"_links":{"self":[{"href":"https:\/\/www.hoymercedes.com.ar\/principal\/wp-json\/wp\/v2\/posts\/154654","targetHints":{"allow":["GET"]}}],"collection":[{"href":"https:\/\/www.hoymercedes.com.ar\/principal\/wp-json\/wp\/v2\/posts"}],"about":[{"href":"https:\/\/www.hoymercedes.com.ar\/principal\/wp-json\/wp\/v2\/types\/post"}],"author":[{"embeddable":true,"href":"https:\/\/www.hoymercedes.com.ar\/principal\/wp-json\/wp\/v2\/users\/1"}],"replies":[{"embeddable":true,"href":"https:\/\/www.hoymercedes.com.ar\/principal\/wp-json\/wp\/v2\/comments?post=154654"}],"version-history":[{"count":0,"href":"https:\/\/www.hoymercedes.com.ar\/principal\/wp-json\/wp\/v2\/posts\/154654\/revisions"}],"wp:featuredmedia":[{"embeddable":true,"href":"https:\/\/www.hoymercedes.com.ar\/principal\/wp-json\/wp\/v2\/media\/154655"}],"wp:attachment":[{"href":"https:\/\/www.hoymercedes.com.ar\/principal\/wp-json\/wp\/v2\/media?parent=154654"}],"wp:term":[{"taxonomy":"category","embeddable":true,"href":"https:\/\/www.hoymercedes.com.ar\/principal\/wp-json\/wp\/v2\/categories?post=154654"},{"taxonomy":"post_tag","embeddable":true,"href":"https:\/\/www.hoymercedes.com.ar\/principal\/wp-json\/wp\/v2\/tags?post=154654"}],"curies":[{"name":"wp","href":"https:\/\/api.w.org\/{rel}","templated":true}]}}