{"id":154657,"date":"2022-10-26T14:14:00","date_gmt":"2022-10-26T17:14:00","guid":{"rendered":"https:\/\/www.hoymercedes.com.ar\/principal\/?p=154657"},"modified":"2022-10-26T15:19:55","modified_gmt":"2022-10-26T18:19:55","slug":"vandalismo-en-una-escuela-deberan-reparar-los-danos","status":"publish","type":"post","link":"https:\/\/www.hoymercedes.com.ar\/principal\/2022\/10\/26\/vandalismo-en-una-escuela-deberan-reparar-los-danos\/","title":{"rendered":"Vandalismo en una escuela: deber\u00e1n reparar los da\u00f1os"},"content":{"rendered":"\n<p>En la jornada del 24 de octubre, en horas de la ma\u00f1ana, representantes de la Escuela Primaria N\u00b0 8 &#8211; ubicada en calles Mart\u00ednez entre Aubain y Espa\u00f1a &#8211; de la ciudad de San Antonio de Areco\u00a0 debieron concurrir a estamento policial a radicar una denuncia dado que durante el fin de semana, autores desconocidos, hab\u00edan provocado actos de vandalismos en la entidad.\u00a0\u00a0<\/p>\n\n\n\n<p>De acuerdo a lo que pudo conocerse, hab\u00edan arrojado pintura, huevos, agua, entre otros elementos por todo el edificio y una importante cantidad de muebles, libros y elementos varios propiedad de la instituci\u00f3n estaban rotos y manchados. Tambi\u00e9n da\u00f1aron una impresora multifunci\u00f3n y elementos de inform\u00e1tica, vitales para el funcionamiento de la instituci\u00f3n. En tanto, no se constat\u00f3 faltantes en el establecimiento.&nbsp;<\/p>\n\n\n\n<p>Ello fue comunicado a la Unidad Funcional de Instrucci\u00f3n de Menores N\u00ba 8 del Departamento Judicial Mercedes y la Ayudant\u00eda Fiscal de la localidad y se instruyeron actuaciones por el delito de \u201cDa\u00f1o agravado\u201d. Tras reunir una serie de declaraciones y averiguaciones mediante diversos elementos que se sumaban a la investigaci\u00f3n se logr\u00f3 determinar la autor\u00eda de los hechos, siendo que se trataba de menores de edad.\u00a0<\/p>\n\n\n\n<p>En la jornada de este martes, en la sede de la Ayudant\u00eda Fiscal de San Antonio de Areco, se logr\u00f3 el compromiso de parte de las familias de los involucrados de reparar \u00edntegramente el da\u00f1o causado, realizar\u00e1n la limpieza total y reacondicionamiento de la instituci\u00f3n, reparar\u00e1n y repondr\u00e1n los da\u00f1os a elementos del establecimiento y dem\u00e1s da\u00f1os constatados bajo apercibimiento de su posible ejecuci\u00f3n judicial ante el no cumplimiento.&nbsp;<\/p>\n","protected":false},"excerpt":{"rendered":"<p>Durante el fin de semana, menores de edad provocaron actos de vandalismos en una escuela primaria.\u00a0A mdo de condena, deber\u00e1n reparar los da\u00f1os. <\/p>\n","protected":false},"author":1,"featured_media":125642,"comment_status":"closed","ping_status":"open","sticky":false,"template":"","format":"standard","meta":{"_monsterinsights_skip_tracking":false,"_monsterinsights_sitenote_active":false,"_monsterinsights_sitenote_note":"","_monsterinsights_sitenote_category":0,"jetpack_post_was_ever_published":false,"_jetpack_newsletter_access":"","_jetpack_dont_email_post_to_subs":false,"_jetpack_newsletter_tier_id":0,"_jetpack_memberships_contains_paywalled_content":false,"_jetpack_memberships_contains_paid_content":false,"footnotes":"","jetpack_publicize_message":"","jetpack_publicize_feature_enabled":true,"jetpack_social_post_already_shared":true,"jetpack_social_options":{"image_generator_settings":{"template":"highway","default_image_id":0,"font":"","enabled":false},"version":2},"_wpas_customize_per_network":false},"categories":[85],"tags":[],"class_list":["post-154657","post","type-post","status-publish","format-standard","has-post-thumbnail","hentry","category-policial","generate-columns","tablet-grid-50","mobile-grid-100","grid-parent","grid-50"],"jetpack_publicize_connections":[],"jetpack_featured_media_url":"https:\/\/www.hoymercedes.com.ar\/principal\/wp-content\/uploads\/2021\/03\/02-movil-policia.jpg","wps_subtitle":"","jetpack_sharing_enabled":true,"_links":{"self":[{"href":"https:\/\/www.hoymercedes.com.ar\/principal\/wp-json\/wp\/v2\/posts\/154657","targetHints":{"allow":["GET"]}}],"collection":[{"href":"https:\/\/www.hoymercedes.com.ar\/principal\/wp-json\/wp\/v2\/posts"}],"about":[{"href":"https:\/\/www.hoymercedes.com.ar\/principal\/wp-json\/wp\/v2\/types\/post"}],"author":[{"embeddable":true,"href":"https:\/\/www.hoymercedes.com.ar\/principal\/wp-json\/wp\/v2\/users\/1"}],"replies":[{"embeddable":true,"href":"https:\/\/www.hoymercedes.com.ar\/principal\/wp-json\/wp\/v2\/comments?post=154657"}],"version-history":[{"count":0,"href":"https:\/\/www.hoymercedes.com.ar\/principal\/wp-json\/wp\/v2\/posts\/154657\/revisions"}],"wp:featuredmedia":[{"embeddable":true,"href":"https:\/\/www.hoymercedes.com.ar\/principal\/wp-json\/wp\/v2\/media\/125642"}],"wp:attachment":[{"href":"https:\/\/www.hoymercedes.com.ar\/principal\/wp-json\/wp\/v2\/media?parent=154657"}],"wp:term":[{"taxonomy":"category","embeddable":true,"href":"https:\/\/www.hoymercedes.com.ar\/principal\/wp-json\/wp\/v2\/categories?post=154657"},{"taxonomy":"post_tag","embeddable":true,"href":"https:\/\/www.hoymercedes.com.ar\/principal\/wp-json\/wp\/v2\/tags?post=154657"}],"curies":[{"name":"wp","href":"https:\/\/api.w.org\/{rel}","templated":true}]}}