{"id":154668,"date":"2022-10-27T12:21:55","date_gmt":"2022-10-27T15:21:55","guid":{"rendered":"https:\/\/www.hoymercedes.com.ar\/principal\/?p=154668"},"modified":"2022-10-27T12:21:56","modified_gmt":"2022-10-27T15:21:56","slug":"aprehenden-a-dos-hombre-por-hurto","status":"publish","type":"post","link":"https:\/\/www.hoymercedes.com.ar\/principal\/2022\/10\/27\/aprehenden-a-dos-hombre-por-hurto\/","title":{"rendered":"Aprehenden a dos hombre por hurto"},"content":{"rendered":"\n<p>Desde el \u00e1rea de Seguridad del Municipio de Mercedes informan que en diferentes operativos de la Polic\u00eda Comunal Mercedes, se procedi\u00f3 a la aprehensi\u00f3n de dos individuos masculinos.<\/p>\n\n\n\n<p>El primero de ellos, de 18 a\u00f1os de edad, fue identificado en calle 18 entre 47 y 49, quien se movilizaba en una motocicleta marca Yamaha Crypton 110 c.c, el cual pose\u00eda pedido de secuestro activo por haber sido hurtado el mes pasado.<\/p>\n\n\n\n<p>En tanto, el segundo es un masculino de 22 a\u00f1os, quien circulaba en motovehiculo marca Motomel 150 cc., el cual posee motor con numeraci\u00f3n suprimida. Fue identificado en calle 10 entre 55 y 57 <\/p>\n\n\n\n<p>En ambos casos, los sujetos quedaron a disposici\u00f3n de la UFI 3 del Ministerio Fiscal del Departamento Judicial Mercedes. .<\/p>\n\n\n\n<figure class=\"wp-block-gallery has-nested-images columns-2 is-cropped wp-block-gallery-1 is-layout-flex wp-block-gallery-is-layout-flex\">\n<figure class=\"wp-block-image size-large\"><img loading=\"lazy\" decoding=\"async\" width=\"1081\" height=\"1076\" data-attachment-id=\"154673\" data-permalink=\"https:\/\/www.hoymercedes.com.ar\/principal\/2022\/10\/27\/aprehenden-a-dos-hombre-por-hurto\/poli-1-3\/#main\" data-orig-file=\"https:\/\/www.hoymercedes.com.ar\/principal\/wp-content\/uploads\/2022\/10\/poli-1.jpg\" data-orig-size=\"1081,1076\" data-comments-opened=\"0\" data-image-meta=\"{&quot;aperture&quot;:&quot;0&quot;,&quot;credit&quot;:&quot;&quot;,&quot;camera&quot;:&quot;&quot;,&quot;caption&quot;:&quot;&quot;,&quot;created_timestamp&quot;:&quot;0&quot;,&quot;copyright&quot;:&quot;&quot;,&quot;focal_length&quot;:&quot;0&quot;,&quot;iso&quot;:&quot;0&quot;,&quot;shutter_speed&quot;:&quot;0&quot;,&quot;title&quot;:&quot;&quot;,&quot;orientation&quot;:&quot;0&quot;}\" data-image-title=\"poli 1\" data-image-description=\"\" data-image-caption=\"\" data-large-file=\"https:\/\/www.hoymercedes.com.ar\/principal\/wp-content\/uploads\/2022\/10\/poli-1-1024x1019.jpg\" data-id=\"154673\" src=\"https:\/\/www.hoymercedes.com.ar\/principal\/wp-content\/uploads\/2022\/10\/poli-1.jpg\" alt=\"\" class=\"wp-image-154673\" srcset=\"https:\/\/www.hoymercedes.com.ar\/principal\/wp-content\/uploads\/2022\/10\/poli-1.jpg 1081w, https:\/\/www.hoymercedes.com.ar\/principal\/wp-content\/uploads\/2022\/10\/poli-1-623x620.jpg 623w, https:\/\/www.hoymercedes.com.ar\/principal\/wp-content\/uploads\/2022\/10\/poli-1-1024x1019.jpg 1024w, https:\/\/www.hoymercedes.com.ar\/principal\/wp-content\/uploads\/2022\/10\/poli-1-150x150.jpg 150w\" sizes=\"auto, (max-width: 1081px) 100vw, 1081px\" \/><\/figure>\n\n\n\n<figure class=\"wp-block-image size-large\"><img loading=\"lazy\" decoding=\"async\" width=\"1076\" height=\"1076\" data-attachment-id=\"154672\" data-permalink=\"https:\/\/www.hoymercedes.com.ar\/principal\/2022\/10\/27\/aprehenden-a-dos-hombre-por-hurto\/poli-2-2\/#main\" data-orig-file=\"https:\/\/www.hoymercedes.com.ar\/principal\/wp-content\/uploads\/2022\/10\/poli-2.jpg\" data-orig-size=\"1076,1076\" data-comments-opened=\"0\" data-image-meta=\"{&quot;aperture&quot;:&quot;0&quot;,&quot;credit&quot;:&quot;&quot;,&quot;camera&quot;:&quot;&quot;,&quot;caption&quot;:&quot;&quot;,&quot;created_timestamp&quot;:&quot;0&quot;,&quot;copyright&quot;:&quot;&quot;,&quot;focal_length&quot;:&quot;0&quot;,&quot;iso&quot;:&quot;0&quot;,&quot;shutter_speed&quot;:&quot;0&quot;,&quot;title&quot;:&quot;&quot;,&quot;orientation&quot;:&quot;0&quot;}\" data-image-title=\"poli 2\" data-image-description=\"\" data-image-caption=\"\" data-large-file=\"https:\/\/www.hoymercedes.com.ar\/principal\/wp-content\/uploads\/2022\/10\/poli-2-1024x1024.jpg\" data-id=\"154672\" src=\"https:\/\/www.hoymercedes.com.ar\/principal\/wp-content\/uploads\/2022\/10\/poli-2.jpg\" alt=\"\" class=\"wp-image-154672\" srcset=\"https:\/\/www.hoymercedes.com.ar\/principal\/wp-content\/uploads\/2022\/10\/poli-2.jpg 1076w, https:\/\/www.hoymercedes.com.ar\/principal\/wp-content\/uploads\/2022\/10\/poli-2-620x620.jpg 620w, https:\/\/www.hoymercedes.com.ar\/principal\/wp-content\/uploads\/2022\/10\/poli-2-1024x1024.jpg 1024w, https:\/\/www.hoymercedes.com.ar\/principal\/wp-content\/uploads\/2022\/10\/poli-2-150x150.jpg 150w\" sizes=\"auto, (max-width: 1076px) 100vw, 1076px\" \/><\/figure>\n\n\n\n<figure class=\"wp-block-image size-large\"><img loading=\"lazy\" decoding=\"async\" width=\"1076\" height=\"1076\" data-attachment-id=\"154671\" data-permalink=\"https:\/\/www.hoymercedes.com.ar\/principal\/2022\/10\/27\/aprehenden-a-dos-hombre-por-hurto\/poli-3-2\/#main\" data-orig-file=\"https:\/\/www.hoymercedes.com.ar\/principal\/wp-content\/uploads\/2022\/10\/poli-3.jpg\" data-orig-size=\"1076,1076\" data-comments-opened=\"0\" data-image-meta=\"{&quot;aperture&quot;:&quot;0&quot;,&quot;credit&quot;:&quot;&quot;,&quot;camera&quot;:&quot;&quot;,&quot;caption&quot;:&quot;&quot;,&quot;created_timestamp&quot;:&quot;0&quot;,&quot;copyright&quot;:&quot;&quot;,&quot;focal_length&quot;:&quot;0&quot;,&quot;iso&quot;:&quot;0&quot;,&quot;shutter_speed&quot;:&quot;0&quot;,&quot;title&quot;:&quot;&quot;,&quot;orientation&quot;:&quot;0&quot;}\" data-image-title=\"poli 3\" data-image-description=\"\" data-image-caption=\"\" data-large-file=\"https:\/\/www.hoymercedes.com.ar\/principal\/wp-content\/uploads\/2022\/10\/poli-3-1024x1024.jpg\" data-id=\"154671\" src=\"https:\/\/www.hoymercedes.com.ar\/principal\/wp-content\/uploads\/2022\/10\/poli-3.jpg\" alt=\"\" class=\"wp-image-154671\" srcset=\"https:\/\/www.hoymercedes.com.ar\/principal\/wp-content\/uploads\/2022\/10\/poli-3.jpg 1076w, https:\/\/www.hoymercedes.com.ar\/principal\/wp-content\/uploads\/2022\/10\/poli-3-620x620.jpg 620w, https:\/\/www.hoymercedes.com.ar\/principal\/wp-content\/uploads\/2022\/10\/poli-3-1024x1024.jpg 1024w, https:\/\/www.hoymercedes.com.ar\/principal\/wp-content\/uploads\/2022\/10\/poli-3-150x150.jpg 150w\" sizes=\"auto, (max-width: 1076px) 100vw, 1076px\" \/><\/figure>\n\n\n\n<figure class=\"wp-block-image size-large\"><img loading=\"lazy\" decoding=\"async\" width=\"1076\" height=\"1076\" data-attachment-id=\"154670\" data-permalink=\"https:\/\/www.hoymercedes.com.ar\/principal\/2022\/10\/27\/aprehenden-a-dos-hombre-por-hurto\/poli-4-2\/#main\" data-orig-file=\"https:\/\/www.hoymercedes.com.ar\/principal\/wp-content\/uploads\/2022\/10\/poli-4.jpg\" data-orig-size=\"1076,1076\" data-comments-opened=\"0\" data-image-meta=\"{&quot;aperture&quot;:&quot;0&quot;,&quot;credit&quot;:&quot;&quot;,&quot;camera&quot;:&quot;&quot;,&quot;caption&quot;:&quot;&quot;,&quot;created_timestamp&quot;:&quot;0&quot;,&quot;copyright&quot;:&quot;&quot;,&quot;focal_length&quot;:&quot;0&quot;,&quot;iso&quot;:&quot;0&quot;,&quot;shutter_speed&quot;:&quot;0&quot;,&quot;title&quot;:&quot;&quot;,&quot;orientation&quot;:&quot;0&quot;}\" data-image-title=\"poli 4\" data-image-description=\"\" data-image-caption=\"\" data-large-file=\"https:\/\/www.hoymercedes.com.ar\/principal\/wp-content\/uploads\/2022\/10\/poli-4-1024x1024.jpg\" data-id=\"154670\" src=\"https:\/\/www.hoymercedes.com.ar\/principal\/wp-content\/uploads\/2022\/10\/poli-4.jpg\" alt=\"\" class=\"wp-image-154670\" srcset=\"https:\/\/www.hoymercedes.com.ar\/principal\/wp-content\/uploads\/2022\/10\/poli-4.jpg 1076w, https:\/\/www.hoymercedes.com.ar\/principal\/wp-content\/uploads\/2022\/10\/poli-4-620x620.jpg 620w, https:\/\/www.hoymercedes.com.ar\/principal\/wp-content\/uploads\/2022\/10\/poli-4-1024x1024.jpg 1024w, https:\/\/www.hoymercedes.com.ar\/principal\/wp-content\/uploads\/2022\/10\/poli-4-150x150.jpg 150w\" sizes=\"auto, (max-width: 1076px) 100vw, 1076px\" \/><\/figure>\n<\/figure>\n","protected":false},"excerpt":{"rendered":"<p>Desde el \u00e1rea de Seguridad del Municipio de Mercedes informan que en diferentes operativos de la Polic\u00eda Comunal Mercedes, se procedi\u00f3 a la aprehensi\u00f3n de dos individuos masculinos.<\/p>\n","protected":false},"author":1,"featured_media":154670,"comment_status":"closed","ping_status":"open","sticky":false,"template":"","format":"standard","meta":{"_monsterinsights_skip_tracking":false,"_monsterinsights_sitenote_active":false,"_monsterinsights_sitenote_note":"","_monsterinsights_sitenote_category":0,"jetpack_post_was_ever_published":false,"_jetpack_newsletter_access":"","_jetpack_dont_email_post_to_subs":false,"_jetpack_newsletter_tier_id":0,"_jetpack_memberships_contains_paywalled_content":false,"_jetpack_memberships_contains_paid_content":false,"footnotes":"","jetpack_publicize_message":"","jetpack_publicize_feature_enabled":true,"jetpack_social_post_already_shared":true,"jetpack_social_options":{"image_generator_settings":{"template":"highway","default_image_id":0,"font":"","enabled":false},"version":2},"_wpas_customize_per_network":false},"categories":[85],"tags":[],"class_list":["post-154668","post","type-post","status-publish","format-standard","has-post-thumbnail","hentry","category-policial","generate-columns","tablet-grid-50","mobile-grid-100","grid-parent","grid-50"],"jetpack_publicize_connections":[],"jetpack_featured_media_url":"https:\/\/www.hoymercedes.com.ar\/principal\/wp-content\/uploads\/2022\/10\/poli-4.jpg","wps_subtitle":"","jetpack_sharing_enabled":true,"_links":{"self":[{"href":"https:\/\/www.hoymercedes.com.ar\/principal\/wp-json\/wp\/v2\/posts\/154668","targetHints":{"allow":["GET"]}}],"collection":[{"href":"https:\/\/www.hoymercedes.com.ar\/principal\/wp-json\/wp\/v2\/posts"}],"about":[{"href":"https:\/\/www.hoymercedes.com.ar\/principal\/wp-json\/wp\/v2\/types\/post"}],"author":[{"embeddable":true,"href":"https:\/\/www.hoymercedes.com.ar\/principal\/wp-json\/wp\/v2\/users\/1"}],"replies":[{"embeddable":true,"href":"https:\/\/www.hoymercedes.com.ar\/principal\/wp-json\/wp\/v2\/comments?post=154668"}],"version-history":[{"count":0,"href":"https:\/\/www.hoymercedes.com.ar\/principal\/wp-json\/wp\/v2\/posts\/154668\/revisions"}],"wp:featuredmedia":[{"embeddable":true,"href":"https:\/\/www.hoymercedes.com.ar\/principal\/wp-json\/wp\/v2\/media\/154670"}],"wp:attachment":[{"href":"https:\/\/www.hoymercedes.com.ar\/principal\/wp-json\/wp\/v2\/media?parent=154668"}],"wp:term":[{"taxonomy":"category","embeddable":true,"href":"https:\/\/www.hoymercedes.com.ar\/principal\/wp-json\/wp\/v2\/categories?post=154668"},{"taxonomy":"post_tag","embeddable":true,"href":"https:\/\/www.hoymercedes.com.ar\/principal\/wp-json\/wp\/v2\/tags?post=154668"}],"curies":[{"name":"wp","href":"https:\/\/api.w.org\/{rel}","templated":true}]}}