{"id":154675,"date":"2022-10-27T19:56:10","date_gmt":"2022-10-27T22:56:10","guid":{"rendered":"https:\/\/www.hoymercedes.com.ar\/principal\/?p=154675"},"modified":"2022-10-27T19:56:13","modified_gmt":"2022-10-27T22:56:13","slug":"el-viernes-es-el-ultimo-dia-para-presentar-las-pinturas-en-el-salon-de-abogados","status":"publish","type":"post","link":"https:\/\/www.hoymercedes.com.ar\/principal\/2022\/10\/27\/el-viernes-es-el-ultimo-dia-para-presentar-las-pinturas-en-el-salon-de-abogados\/","title":{"rendered":"El viernes es el \u00faltimo d\u00eda para presentar las pinturas en el Sal\u00f3n de Abogados"},"content":{"rendered":"\n<p>Hasta este viernes 28 se reciben obras para el Sal\u00f3n de Pintura del Colegio de Abogados de Mercedes. Desde el lunes, la secretar\u00eda de la instituci\u00f3n que re\u00fane a los abogados est\u00e1 recepcionando los cuadros que participar\u00e1n de la selecci\u00f3n para la muestra que celebrar\u00e1 los 40 a\u00f1os del Sal\u00f3n. <\/p>\n\n\n\n<p>Este s\u00e1bado 29 de octubre actuar\u00e1n los jurados de admisi\u00f3n para la muestra y adjudicaci\u00f3n de los premios, entre los que se destaca el primer premio adquisici\u00f3n.\u00a0Ese mismo d\u00eda se conocer\u00e1n a los ganadores y seleccionados que recibir\u00e1n sus distinciones en el marco de la inauguraci\u00f3n el d\u00eda s\u00e1bado 5 de noviembre. <\/p>\n\n\n\n<p>Los jurados a cargo de la selecci\u00f3n y premiaci\u00f3n son Ana Mar\u00eda Battistozzi, destacada curadora y cr\u00edtica de arte, Ana Mar\u00eda Aldaburu, de larga experiencia&nbsp; en el Centro Cultural Recoleta y otros espacios culturales de la ciudad de Buenos Aires, y Juan Carlos Fern\u00e1ndez Bravo, artista pl\u00e1stico formado en la Escuela Prilidiano Pueyrred\u00f3n y merecedor de varias distinciones, entre ellas en el Sal\u00f3n Nacional de Artes Visuales&nbsp;<\/p>\n","protected":false},"excerpt":{"rendered":"<p>Hasta este viernes 28 se reciben obras para el Sal\u00f3n de Pintura del Colegio de Abogados de Mercedes. El s\u00e1bado actuar\u00e1 el jurado que seleccionar\u00e1 las obras y a los ganadores en los 40 a\u00f1os del Sal\u00f3n. <\/p>\n","protected":false},"author":1,"featured_media":153768,"comment_status":"closed","ping_status":"open","sticky":false,"template":"","format":"standard","meta":{"_monsterinsights_skip_tracking":false,"_monsterinsights_sitenote_active":false,"_monsterinsights_sitenote_note":"","_monsterinsights_sitenote_category":0,"jetpack_post_was_ever_published":false,"_jetpack_newsletter_access":"","_jetpack_dont_email_post_to_subs":false,"_jetpack_newsletter_tier_id":0,"_jetpack_memberships_contains_paywalled_content":false,"_jetpack_memberships_contains_paid_content":false,"footnotes":"","jetpack_publicize_message":"","jetpack_publicize_feature_enabled":true,"jetpack_social_post_already_shared":true,"jetpack_social_options":{"image_generator_settings":{"template":"highway","default_image_id":0,"font":"","enabled":false},"version":2},"_wpas_customize_per_network":false},"categories":[104],"tags":[7805],"class_list":["post-154675","post","type-post","status-publish","format-standard","has-post-thumbnail","hentry","category-cultura","tag-cultura","generate-columns","tablet-grid-50","mobile-grid-100","grid-parent","grid-50"],"jetpack_publicize_connections":[],"jetpack_featured_media_url":"https:\/\/www.hoymercedes.com.ar\/principal\/wp-content\/uploads\/2022\/10\/pintura-abogados.png","wps_subtitle":"","jetpack_sharing_enabled":true,"_links":{"self":[{"href":"https:\/\/www.hoymercedes.com.ar\/principal\/wp-json\/wp\/v2\/posts\/154675","targetHints":{"allow":["GET"]}}],"collection":[{"href":"https:\/\/www.hoymercedes.com.ar\/principal\/wp-json\/wp\/v2\/posts"}],"about":[{"href":"https:\/\/www.hoymercedes.com.ar\/principal\/wp-json\/wp\/v2\/types\/post"}],"author":[{"embeddable":true,"href":"https:\/\/www.hoymercedes.com.ar\/principal\/wp-json\/wp\/v2\/users\/1"}],"replies":[{"embeddable":true,"href":"https:\/\/www.hoymercedes.com.ar\/principal\/wp-json\/wp\/v2\/comments?post=154675"}],"version-history":[{"count":0,"href":"https:\/\/www.hoymercedes.com.ar\/principal\/wp-json\/wp\/v2\/posts\/154675\/revisions"}],"wp:featuredmedia":[{"embeddable":true,"href":"https:\/\/www.hoymercedes.com.ar\/principal\/wp-json\/wp\/v2\/media\/153768"}],"wp:attachment":[{"href":"https:\/\/www.hoymercedes.com.ar\/principal\/wp-json\/wp\/v2\/media?parent=154675"}],"wp:term":[{"taxonomy":"category","embeddable":true,"href":"https:\/\/www.hoymercedes.com.ar\/principal\/wp-json\/wp\/v2\/categories?post=154675"},{"taxonomy":"post_tag","embeddable":true,"href":"https:\/\/www.hoymercedes.com.ar\/principal\/wp-json\/wp\/v2\/tags?post=154675"}],"curies":[{"name":"wp","href":"https:\/\/api.w.org\/{rel}","templated":true}]}}