{"id":154706,"date":"2022-10-28T16:01:44","date_gmt":"2022-10-28T19:01:44","guid":{"rendered":"https:\/\/www.hoymercedes.com.ar\/principal\/?p=154706"},"modified":"2022-10-28T16:01:57","modified_gmt":"2022-10-28T19:01:57","slug":"suspenden-gala-lirica-a-beneficio","status":"publish","type":"post","link":"https:\/\/www.hoymercedes.com.ar\/principal\/2022\/10\/28\/suspenden-gala-lirica-a-beneficio\/","title":{"rendered":"Suspenden gala l\u00edrica a beneficio"},"content":{"rendered":"\n<p>Desde el Centro de Egresados del Colegio Nacional avisaron que \u00abpor razones de fuerza mayor, se ha suspendido la Gala L\u00edrica a beneficio de LALCEC que Pro Arte Mercedes hab\u00eda programado para el s\u00e1bado 29 de octubre\u00bb. As\u00edmismo destacan que en pr\u00f3ximos d\u00edas informar\u00e1n la nueva fecha del evento que se ver\u00e1 reprogramado. <\/p>\n\n\n<div class=\"wp-block-image\">\n<figure class=\"aligncenter size-large\"><img loading=\"lazy\" decoding=\"async\" width=\"576\" height=\"1024\" data-attachment-id=\"154707\" data-permalink=\"https:\/\/www.hoymercedes.com.ar\/principal\/2022\/10\/28\/suspenden-gala-lirica-a-beneficio\/whatsapp-image-2022-10-28-at-15-53-21\/#main\" data-orig-file=\"https:\/\/www.hoymercedes.com.ar\/principal\/wp-content\/uploads\/2022\/10\/WhatsApp-Image-2022-10-28-at-15.53.21-e1666983666604.jpeg\" data-orig-size=\"450,800\" data-comments-opened=\"0\" data-image-meta=\"{&quot;aperture&quot;:&quot;0&quot;,&quot;credit&quot;:&quot;&quot;,&quot;camera&quot;:&quot;&quot;,&quot;caption&quot;:&quot;&quot;,&quot;created_timestamp&quot;:&quot;0&quot;,&quot;copyright&quot;:&quot;&quot;,&quot;focal_length&quot;:&quot;0&quot;,&quot;iso&quot;:&quot;0&quot;,&quot;shutter_speed&quot;:&quot;0&quot;,&quot;title&quot;:&quot;&quot;,&quot;orientation&quot;:&quot;0&quot;}\" data-image-title=\"WhatsApp Image 2022-10-28 at 15.53.21\" data-image-description=\"\" data-image-caption=\"\" data-large-file=\"https:\/\/www.hoymercedes.com.ar\/principal\/wp-content\/uploads\/2022\/10\/WhatsApp-Image-2022-10-28-at-15.53.21-576x1024.jpeg\" src=\"https:\/\/www.hoymercedes.com.ar\/principal\/wp-content\/uploads\/2022\/10\/WhatsApp-Image-2022-10-28-at-15.53.21-576x1024.jpeg\" alt=\"\" class=\"wp-image-154707\"\/><\/figure>\n<\/div>","protected":false},"excerpt":{"rendered":"<p>Desde el Centro de Egresados del Colegio Nacional avisaron que \u00abpor razones de fuerza mayor, se ha suspendido la Gala &#8230; <a title=\"Suspenden gala l\u00edrica a beneficio\" class=\"read-more\" href=\"https:\/\/www.hoymercedes.com.ar\/principal\/2022\/10\/28\/suspenden-gala-lirica-a-beneficio\/\" aria-label=\"Leer m\u00e1s sobre Suspenden gala l\u00edrica a beneficio\">Leer m\u00e1s<\/a><\/p>\n","protected":false},"author":1,"featured_media":154707,"comment_status":"closed","ping_status":"open","sticky":false,"template":"","format":"standard","meta":{"_monsterinsights_skip_tracking":false,"_monsterinsights_sitenote_active":false,"_monsterinsights_sitenote_note":"","_monsterinsights_sitenote_category":0,"jetpack_post_was_ever_published":false,"_jetpack_newsletter_access":"","_jetpack_dont_email_post_to_subs":false,"_jetpack_newsletter_tier_id":0,"_jetpack_memberships_contains_paywalled_content":false,"_jetpack_memberships_contains_paid_content":false,"footnotes":"","jetpack_publicize_message":"","jetpack_publicize_feature_enabled":true,"jetpack_social_post_already_shared":true,"jetpack_social_options":{"image_generator_settings":{"template":"highway","default_image_id":0,"font":"","enabled":false},"version":2},"_wpas_customize_per_network":false},"categories":[104],"tags":[7805],"class_list":["post-154706","post","type-post","status-publish","format-standard","has-post-thumbnail","hentry","category-cultura","tag-cultura","generate-columns","tablet-grid-50","mobile-grid-100","grid-parent","grid-50"],"jetpack_publicize_connections":[],"jetpack_featured_media_url":"https:\/\/www.hoymercedes.com.ar\/principal\/wp-content\/uploads\/2022\/10\/WhatsApp-Image-2022-10-28-at-15.53.21-e1666983666604.jpeg","wps_subtitle":"","jetpack_sharing_enabled":true,"_links":{"self":[{"href":"https:\/\/www.hoymercedes.com.ar\/principal\/wp-json\/wp\/v2\/posts\/154706","targetHints":{"allow":["GET"]}}],"collection":[{"href":"https:\/\/www.hoymercedes.com.ar\/principal\/wp-json\/wp\/v2\/posts"}],"about":[{"href":"https:\/\/www.hoymercedes.com.ar\/principal\/wp-json\/wp\/v2\/types\/post"}],"author":[{"embeddable":true,"href":"https:\/\/www.hoymercedes.com.ar\/principal\/wp-json\/wp\/v2\/users\/1"}],"replies":[{"embeddable":true,"href":"https:\/\/www.hoymercedes.com.ar\/principal\/wp-json\/wp\/v2\/comments?post=154706"}],"version-history":[{"count":0,"href":"https:\/\/www.hoymercedes.com.ar\/principal\/wp-json\/wp\/v2\/posts\/154706\/revisions"}],"wp:featuredmedia":[{"embeddable":true,"href":"https:\/\/www.hoymercedes.com.ar\/principal\/wp-json\/wp\/v2\/media\/154707"}],"wp:attachment":[{"href":"https:\/\/www.hoymercedes.com.ar\/principal\/wp-json\/wp\/v2\/media?parent=154706"}],"wp:term":[{"taxonomy":"category","embeddable":true,"href":"https:\/\/www.hoymercedes.com.ar\/principal\/wp-json\/wp\/v2\/categories?post=154706"},{"taxonomy":"post_tag","embeddable":true,"href":"https:\/\/www.hoymercedes.com.ar\/principal\/wp-json\/wp\/v2\/tags?post=154706"}],"curies":[{"name":"wp","href":"https:\/\/api.w.org\/{rel}","templated":true}]}}