{"id":154720,"date":"2022-10-29T07:38:00","date_gmt":"2022-10-29T10:38:00","guid":{"rendered":"https:\/\/www.hoymercedes.com.ar\/principal\/?p=154720"},"modified":"2022-10-29T08:14:47","modified_gmt":"2022-10-29T11:14:47","slug":"capacitacion-a-jerarquias-policiales-y-judiciales-sobre-cannabis-medicinal","status":"publish","type":"post","link":"https:\/\/www.hoymercedes.com.ar\/principal\/2022\/10\/29\/capacitacion-a-jerarquias-policiales-y-judiciales-sobre-cannabis-medicinal\/","title":{"rendered":"Capacitaci\u00f3n a jerarqu\u00edas policiales y judiciales sobre \u00abCannabis Medicinal\u00bb"},"content":{"rendered":"\n<figure class=\"wp-block-image size-full\"><img loading=\"lazy\" decoding=\"async\" width=\"1024\" height=\"768\" data-attachment-id=\"154721\" data-permalink=\"https:\/\/www.hoymercedes.com.ar\/principal\/2022\/10\/29\/capacitacion-a-jerarquias-policiales-y-judiciales-sobre-cannabis-medicinal\/photo_2022-10-28_11-49-03-2\/#main\" data-orig-file=\"https:\/\/www.hoymercedes.com.ar\/principal\/wp-content\/uploads\/2022\/10\/photo_2022-10-28_11-49-03-2.jpg\" data-orig-size=\"1024,768\" data-comments-opened=\"0\" data-image-meta=\"{&quot;aperture&quot;:&quot;0&quot;,&quot;credit&quot;:&quot;&quot;,&quot;camera&quot;:&quot;&quot;,&quot;caption&quot;:&quot;&quot;,&quot;created_timestamp&quot;:&quot;0&quot;,&quot;copyright&quot;:&quot;&quot;,&quot;focal_length&quot;:&quot;0&quot;,&quot;iso&quot;:&quot;0&quot;,&quot;shutter_speed&quot;:&quot;0&quot;,&quot;title&quot;:&quot;&quot;,&quot;orientation&quot;:&quot;0&quot;}\" data-image-title=\"photo_2022-10-28_11-49-03-2\" data-image-description=\"\" data-image-caption=\"\" data-large-file=\"https:\/\/www.hoymercedes.com.ar\/principal\/wp-content\/uploads\/2022\/10\/photo_2022-10-28_11-49-03-2.jpg\" src=\"https:\/\/www.hoymercedes.com.ar\/principal\/wp-content\/uploads\/2022\/10\/photo_2022-10-28_11-49-03-2.jpg\" alt=\"\" class=\"wp-image-154721\" srcset=\"https:\/\/www.hoymercedes.com.ar\/principal\/wp-content\/uploads\/2022\/10\/photo_2022-10-28_11-49-03-2.jpg 1024w, https:\/\/www.hoymercedes.com.ar\/principal\/wp-content\/uploads\/2022\/10\/photo_2022-10-28_11-49-03-2-630x473.jpg 630w, https:\/\/www.hoymercedes.com.ar\/principal\/wp-content\/uploads\/2022\/10\/photo_2022-10-28_11-49-03-2-150x113.jpg 150w\" sizes=\"auto, (max-width: 1024px) 100vw, 1024px\" \/><\/figure>\n\n\n\n<p>Con amplia participaci\u00f3n se concret\u00f3 la capacitaci\u00f3n \u201cIntervenciones policiales en materia de Cannabis Medicinal y sus derivados\u201d organizada entre los Ministerios de Seguridad y Justicia y Derechos Humanos de la Provincia y la coordinaci\u00f3n de la Secretar\u00eda de Seguridad de la Municipalidad de Mercedes. \u201cEstamos muy agradecidos por el compromiso de las y los integrantes de las fuerzas de seguridad participantes\u201d dijo Gonzalo Anselmo y destac\u00f3 que \u201cla capacitaci\u00f3n y la formaci\u00f3n constante redunda, fuertemente, en una mejor prestaci\u00f3n de servicios a la comunidad\u201d.<\/p>\n\n\n\n<p>La capacitaci\u00f3n tuvo como objeto presentar orientaciones con el fin de promover mejores competencias en los agentes de la Polic\u00eda de la Provincia de Buenos Aires para una correcta actuaci\u00f3n ante intervenciones que involucren situaciones de uso medicinal, terap\u00e9utico y\/o paliativo del dolor de la planta de cannabis y sus derivados.<\/p>\n\n\n\n<p>As\u00ed tambi\u00e9n se propuso abordar el derecho a la salud que implica el uso medicinal de la planta de Cannabis, la comprobaci\u00f3n de la habilitaci\u00f3n de las personas involucradas por el Reprocann y la notificaci\u00f3n de presuntos il\u00edcitos a la autoridad judicial correspondientes.<\/p>\n\n\n\n<figure class=\"wp-block-image size-full\"><img loading=\"lazy\" decoding=\"async\" width=\"1024\" height=\"768\" data-attachment-id=\"154722\" data-permalink=\"https:\/\/www.hoymercedes.com.ar\/principal\/2022\/10\/29\/capacitacion-a-jerarquias-policiales-y-judiciales-sobre-cannabis-medicinal\/photo_2022-10-28_11-49-03\/#main\" data-orig-file=\"https:\/\/www.hoymercedes.com.ar\/principal\/wp-content\/uploads\/2022\/10\/photo_2022-10-28_11-49-03.jpg\" data-orig-size=\"1024,768\" data-comments-opened=\"0\" data-image-meta=\"{&quot;aperture&quot;:&quot;0&quot;,&quot;credit&quot;:&quot;&quot;,&quot;camera&quot;:&quot;&quot;,&quot;caption&quot;:&quot;&quot;,&quot;created_timestamp&quot;:&quot;0&quot;,&quot;copyright&quot;:&quot;&quot;,&quot;focal_length&quot;:&quot;0&quot;,&quot;iso&quot;:&quot;0&quot;,&quot;shutter_speed&quot;:&quot;0&quot;,&quot;title&quot;:&quot;&quot;,&quot;orientation&quot;:&quot;0&quot;}\" data-image-title=\"photo_2022-10-28_11-49-03\" data-image-description=\"\" data-image-caption=\"\" data-large-file=\"https:\/\/www.hoymercedes.com.ar\/principal\/wp-content\/uploads\/2022\/10\/photo_2022-10-28_11-49-03.jpg\" src=\"https:\/\/www.hoymercedes.com.ar\/principal\/wp-content\/uploads\/2022\/10\/photo_2022-10-28_11-49-03.jpg\" alt=\"\" class=\"wp-image-154722\" srcset=\"https:\/\/www.hoymercedes.com.ar\/principal\/wp-content\/uploads\/2022\/10\/photo_2022-10-28_11-49-03.jpg 1024w, https:\/\/www.hoymercedes.com.ar\/principal\/wp-content\/uploads\/2022\/10\/photo_2022-10-28_11-49-03-630x473.jpg 630w, https:\/\/www.hoymercedes.com.ar\/principal\/wp-content\/uploads\/2022\/10\/photo_2022-10-28_11-49-03-150x113.jpg 150w\" sizes=\"auto, (max-width: 1024px) 100vw, 1024px\" \/><\/figure>\n\n\n\n<p>Participaron equipos de la secretar\u00eda de seguridad, jefaturas e integrantes de los comandos de calle, estaciones comunales, delegaciones, comisar\u00edas como as\u00ed tambi\u00e9n funcionarios muy importantes del poder judicial Provincial y Federal.<\/p>\n\n\n\n<p>Hubo panelistas especialmente convocados para la ocasi\u00f3n, siendo la Dra. Victoria Baca Paunero, Defensora Oficial Criminal y Correccional del Departamento Judicial de Lomas de Zamora, la Dra. Luc\u00eda Fasciglione, Directora de lucha contra la Narcocriminalidad, Ministerio de Justicia y Derechos Humanos de la PBA y el Dr. Leandro Mazza, Director Provincial de fiscalizaci\u00f3n y control AMBA Norte 1 del Ministerio de Seguridad.<\/p>\n\n\n\n<p>\u201cNuevamente gracias a las y los panelistas por invitarnos y compartirnos a adquirir m\u00e1s saberes respectos a temas de actualidad, convocantes, y sumamente importantes\u201d dijo Gonzalo Anselmo, secretario de seguridad y remarc\u00f3 \u201cel intendente Ustarroz siempre expone el concepto de ciudad educadora, y es, ni m\u00e1s ni menos, que esto, es desde todas las instituciones y \u00e1reas de gesti\u00f3n involucrarnos, comprometernos con los procesos de ense\u00f1anza y aprendizaje en beneficio, en definitiva, de nuestro pueblo\u201d afirm\u00f3 el funcionario.<\/p>\n\n\n\n<p>Info: Seguridad<\/p>\n","protected":false},"excerpt":{"rendered":"<p>Con amplia participaci\u00f3n se concret\u00f3 la capacitaci\u00f3n \u201cIntervenciones policiales en materia de Cannabis Medicinal y sus derivados\u201d organizada entre los &#8230; <a title=\"Capacitaci\u00f3n a jerarqu\u00edas policiales y judiciales sobre \u00abCannabis Medicinal\u00bb\" class=\"read-more\" href=\"https:\/\/www.hoymercedes.com.ar\/principal\/2022\/10\/29\/capacitacion-a-jerarquias-policiales-y-judiciales-sobre-cannabis-medicinal\/\" aria-label=\"Leer m\u00e1s sobre Capacitaci\u00f3n a jerarqu\u00edas policiales y judiciales sobre \u00abCannabis Medicinal\u00bb\">Leer m\u00e1s<\/a><\/p>\n","protected":false},"author":1,"featured_media":154722,"comment_status":"closed","ping_status":"open","sticky":false,"template":"","format":"standard","meta":{"_monsterinsights_skip_tracking":false,"_monsterinsights_sitenote_active":false,"_monsterinsights_sitenote_note":"","_monsterinsights_sitenote_category":0,"jetpack_post_was_ever_published":false,"_jetpack_newsletter_access":"","_jetpack_dont_email_post_to_subs":false,"_jetpack_newsletter_tier_id":0,"_jetpack_memberships_contains_paywalled_content":false,"_jetpack_memberships_contains_paid_content":false,"footnotes":"","jetpack_publicize_message":"","jetpack_publicize_feature_enabled":true,"jetpack_social_post_already_shared":false,"jetpack_social_options":{"image_generator_settings":{"template":"highway","default_image_id":0,"font":"","enabled":false},"version":2},"_wpas_customize_per_network":false},"categories":[85],"tags":[17481,677,18532],"class_list":["post-154720","post","type-post","status-publish","format-standard","has-post-thumbnail","hentry","category-policial","tag-anselmo","tag-justicia-mercedes","tag-sguridad","generate-columns","tablet-grid-50","mobile-grid-100","grid-parent","grid-50"],"jetpack_publicize_connections":[],"jetpack_featured_media_url":"https:\/\/www.hoymercedes.com.ar\/principal\/wp-content\/uploads\/2022\/10\/photo_2022-10-28_11-49-03.jpg","wps_subtitle":"Capacitaci\u00f3n e instituciones","jetpack_sharing_enabled":true,"_links":{"self":[{"href":"https:\/\/www.hoymercedes.com.ar\/principal\/wp-json\/wp\/v2\/posts\/154720","targetHints":{"allow":["GET"]}}],"collection":[{"href":"https:\/\/www.hoymercedes.com.ar\/principal\/wp-json\/wp\/v2\/posts"}],"about":[{"href":"https:\/\/www.hoymercedes.com.ar\/principal\/wp-json\/wp\/v2\/types\/post"}],"author":[{"embeddable":true,"href":"https:\/\/www.hoymercedes.com.ar\/principal\/wp-json\/wp\/v2\/users\/1"}],"replies":[{"embeddable":true,"href":"https:\/\/www.hoymercedes.com.ar\/principal\/wp-json\/wp\/v2\/comments?post=154720"}],"version-history":[{"count":0,"href":"https:\/\/www.hoymercedes.com.ar\/principal\/wp-json\/wp\/v2\/posts\/154720\/revisions"}],"wp:featuredmedia":[{"embeddable":true,"href":"https:\/\/www.hoymercedes.com.ar\/principal\/wp-json\/wp\/v2\/media\/154722"}],"wp:attachment":[{"href":"https:\/\/www.hoymercedes.com.ar\/principal\/wp-json\/wp\/v2\/media?parent=154720"}],"wp:term":[{"taxonomy":"category","embeddable":true,"href":"https:\/\/www.hoymercedes.com.ar\/principal\/wp-json\/wp\/v2\/categories?post=154720"},{"taxonomy":"post_tag","embeddable":true,"href":"https:\/\/www.hoymercedes.com.ar\/principal\/wp-json\/wp\/v2\/tags?post=154720"}],"curies":[{"name":"wp","href":"https:\/\/api.w.org\/{rel}","templated":true}]}}