{"id":154750,"date":"2022-10-29T14:38:00","date_gmt":"2022-10-29T17:38:00","guid":{"rendered":"https:\/\/www.hoymercedes.com.ar\/principal\/?p=154750"},"modified":"2022-10-29T12:43:50","modified_gmt":"2022-10-29T15:43:50","slug":"la-cem-participo-de-la-cumbre-pyme-en-mar-del-plata","status":"publish","type":"post","link":"https:\/\/www.hoymercedes.com.ar\/principal\/2022\/10\/29\/la-cem-participo-de-la-cumbre-pyme-en-mar-del-plata\/","title":{"rendered":"La CEM particip\u00f3 de la cumbre pyme en Mar del Plata"},"content":{"rendered":"\n<p><strong><em>Ariel Pietrucha y Natalia Facciolo estuvieron en el Encuentro Federal Pyme. De la reuni\u00f3n que fue organizada por la CAME y FEBA participaron alrededor de 300 empresarios pymes<\/em><\/strong>. <\/p>\n\n\n<div class=\"wp-block-image\">\n<figure class=\"aligncenter size-full\"><img loading=\"lazy\" decoding=\"async\" width=\"800\" height=\"600\" data-attachment-id=\"154747\" data-permalink=\"https:\/\/www.hoymercedes.com.ar\/principal\/2022\/10\/30\/recomendaciones-para-planificar-un-viaje-al-exterior-con-mascotas\/cem-mdq-1\/#main\" data-orig-file=\"https:\/\/www.hoymercedes.com.ar\/principal\/wp-content\/uploads\/2022\/10\/CEM-mdq-1.jpeg\" data-orig-size=\"800,600\" data-comments-opened=\"0\" data-image-meta=\"{&quot;aperture&quot;:&quot;0&quot;,&quot;credit&quot;:&quot;&quot;,&quot;camera&quot;:&quot;&quot;,&quot;caption&quot;:&quot;&quot;,&quot;created_timestamp&quot;:&quot;0&quot;,&quot;copyright&quot;:&quot;&quot;,&quot;focal_length&quot;:&quot;0&quot;,&quot;iso&quot;:&quot;0&quot;,&quot;shutter_speed&quot;:&quot;0&quot;,&quot;title&quot;:&quot;&quot;,&quot;orientation&quot;:&quot;0&quot;}\" data-image-title=\"CEM mdq 1\" data-image-description=\"\" data-image-caption=\"\" data-large-file=\"https:\/\/www.hoymercedes.com.ar\/principal\/wp-content\/uploads\/2022\/10\/CEM-mdq-1.jpeg\" src=\"https:\/\/www.hoymercedes.com.ar\/principal\/wp-content\/uploads\/2022\/10\/CEM-mdq-1.jpeg\" alt=\"\" class=\"wp-image-154747\" srcset=\"https:\/\/www.hoymercedes.com.ar\/principal\/wp-content\/uploads\/2022\/10\/CEM-mdq-1.jpeg 800w, https:\/\/www.hoymercedes.com.ar\/principal\/wp-content\/uploads\/2022\/10\/CEM-mdq-1-630x473.jpeg 630w, https:\/\/www.hoymercedes.com.ar\/principal\/wp-content\/uploads\/2022\/10\/CEM-mdq-1-150x113.jpeg 150w\" sizes=\"auto, (max-width: 800px) 100vw, 800px\" \/><\/figure>\n<\/div>\n\n\n<p>La C\u00e1mara Econ\u00f3mica Mercedes particip\u00f3 con varios referentes del Encuentro Federal Pyme, de la CAME, que se realiz\u00f3 en Mar del Plata. La Confederaci\u00f3n Argentina de la Mediana Empresa (CAME) realiz\u00f3 en la ciudad de Mar del Plata una importante cumbre pyme y encuentro empresarial. Coorganizaron la Federaci\u00f3n Econ\u00f3mica de la Provincia de Buenos Aires (FEBA), con el apoyo de la Uni\u00f3n del Comercio, la Industria y la Producci\u00f3n de Mar del Plata (UCIP).<\/p>\n\n\n\n<p>Las actividades se dieron en el Hotel Provincial de la ciudad balnearia, participaron alrededor de 300 empresarios pymes, y adem\u00e1s de los dirigentes de las entidades organizadoras e incluso el gobernador Axel Kicillof estuvieron tambi\u00e9n presentes en el cierre el ministro de Producci\u00f3n, Ciencia e Innovaci\u00f3n Tecnol\u00f3gica de la Provincia de Buenos Aires, Augusto Costa; el presidente de la Federaci\u00f3n Econ\u00f3mica de la Provincia de Buenos Aires (FEBA) y vicepresidente 1\u00b0 de CAME, Alberto Kahale y el secretario general de CAME, Ricardo Diab.<\/p>\n\n\n\n<p>Entre los mercedinos se pudo ver a Ariel Pietrucha, gerente de la CEM y consejero titular de CAME y a Natalia Facciolo, coordinadora de la Subcomisi\u00f3n de Mujeres CEM y secretaria adjunta de Mujeres CAME. <\/p>\n\n\n<div class=\"wp-block-image\">\n<figure class=\"aligncenter size-full\"><img loading=\"lazy\" decoding=\"async\" width=\"800\" height=\"534\" data-attachment-id=\"154746\" data-permalink=\"https:\/\/www.hoymercedes.com.ar\/principal\/2022\/10\/30\/recomendaciones-para-planificar-un-viaje-al-exterior-con-mascotas\/cem-mdq-2\/#main\" data-orig-file=\"https:\/\/www.hoymercedes.com.ar\/principal\/wp-content\/uploads\/2022\/10\/CEM-mdq-2.jpeg\" data-orig-size=\"800,534\" data-comments-opened=\"0\" data-image-meta=\"{&quot;aperture&quot;:&quot;0&quot;,&quot;credit&quot;:&quot;&quot;,&quot;camera&quot;:&quot;&quot;,&quot;caption&quot;:&quot;&quot;,&quot;created_timestamp&quot;:&quot;1667042021&quot;,&quot;copyright&quot;:&quot;&quot;,&quot;focal_length&quot;:&quot;0&quot;,&quot;iso&quot;:&quot;0&quot;,&quot;shutter_speed&quot;:&quot;0&quot;,&quot;title&quot;:&quot;&quot;,&quot;orientation&quot;:&quot;1&quot;}\" data-image-title=\"CEM mdq 2\" data-image-description=\"\" data-image-caption=\"\" data-large-file=\"https:\/\/www.hoymercedes.com.ar\/principal\/wp-content\/uploads\/2022\/10\/CEM-mdq-2.jpeg\" src=\"https:\/\/www.hoymercedes.com.ar\/principal\/wp-content\/uploads\/2022\/10\/CEM-mdq-2.jpeg\" alt=\"\" class=\"wp-image-154746\" srcset=\"https:\/\/www.hoymercedes.com.ar\/principal\/wp-content\/uploads\/2022\/10\/CEM-mdq-2.jpeg 800w, https:\/\/www.hoymercedes.com.ar\/principal\/wp-content\/uploads\/2022\/10\/CEM-mdq-2-630x421.jpeg 630w, https:\/\/www.hoymercedes.com.ar\/principal\/wp-content\/uploads\/2022\/10\/CEM-mdq-2-150x100.jpeg 150w\" sizes=\"auto, (max-width: 800px) 100vw, 800px\" \/><\/figure>\n<\/div>","protected":false},"excerpt":{"rendered":"<p>Los representantes de la C\u00e1mara Econ\u00f3mica Mercedina Ariel Pietrucha y Natalia Facciolo estuvieron en el Encuentro Federal Pyme. De la reuni\u00f3n que fue organizada por la CAME y FEBA participaron alrededor de 300 empresarios pymes. <\/p>\n","protected":false},"author":1,"featured_media":154746,"comment_status":"closed","ping_status":"open","sticky":false,"template":"","format":"standard","meta":{"_monsterinsights_skip_tracking":false,"_monsterinsights_sitenote_active":false,"_monsterinsights_sitenote_note":"","_monsterinsights_sitenote_category":0,"jetpack_post_was_ever_published":false,"_jetpack_newsletter_access":"","_jetpack_dont_email_post_to_subs":false,"_jetpack_newsletter_tier_id":0,"_jetpack_memberships_contains_paywalled_content":false,"_jetpack_memberships_contains_paid_content":false,"footnotes":"","jetpack_publicize_message":"","jetpack_publicize_feature_enabled":true,"jetpack_social_post_already_shared":true,"jetpack_social_options":{"image_generator_settings":{"template":"highway","default_image_id":0,"font":"","enabled":false},"version":2},"_wpas_customize_per_network":false},"categories":[8],"tags":[],"class_list":["post-154750","post","type-post","status-publish","format-standard","has-post-thumbnail","hentry","category-sociedad","generate-columns","tablet-grid-50","mobile-grid-100","grid-parent","grid-50"],"jetpack_publicize_connections":[],"jetpack_featured_media_url":"https:\/\/www.hoymercedes.com.ar\/principal\/wp-content\/uploads\/2022\/10\/CEM-mdq-2.jpeg","wps_subtitle":"","jetpack_sharing_enabled":true,"_links":{"self":[{"href":"https:\/\/www.hoymercedes.com.ar\/principal\/wp-json\/wp\/v2\/posts\/154750","targetHints":{"allow":["GET"]}}],"collection":[{"href":"https:\/\/www.hoymercedes.com.ar\/principal\/wp-json\/wp\/v2\/posts"}],"about":[{"href":"https:\/\/www.hoymercedes.com.ar\/principal\/wp-json\/wp\/v2\/types\/post"}],"author":[{"embeddable":true,"href":"https:\/\/www.hoymercedes.com.ar\/principal\/wp-json\/wp\/v2\/users\/1"}],"replies":[{"embeddable":true,"href":"https:\/\/www.hoymercedes.com.ar\/principal\/wp-json\/wp\/v2\/comments?post=154750"}],"version-history":[{"count":0,"href":"https:\/\/www.hoymercedes.com.ar\/principal\/wp-json\/wp\/v2\/posts\/154750\/revisions"}],"wp:featuredmedia":[{"embeddable":true,"href":"https:\/\/www.hoymercedes.com.ar\/principal\/wp-json\/wp\/v2\/media\/154746"}],"wp:attachment":[{"href":"https:\/\/www.hoymercedes.com.ar\/principal\/wp-json\/wp\/v2\/media?parent=154750"}],"wp:term":[{"taxonomy":"category","embeddable":true,"href":"https:\/\/www.hoymercedes.com.ar\/principal\/wp-json\/wp\/v2\/categories?post=154750"},{"taxonomy":"post_tag","embeddable":true,"href":"https:\/\/www.hoymercedes.com.ar\/principal\/wp-json\/wp\/v2\/tags?post=154750"}],"curies":[{"name":"wp","href":"https:\/\/api.w.org\/{rel}","templated":true}]}}