{"id":154790,"date":"2022-10-31T07:13:00","date_gmt":"2022-10-31T10:13:00","guid":{"rendered":"https:\/\/www.hoymercedes.com.ar\/principal\/?p=154790"},"modified":"2022-10-30T19:16:51","modified_gmt":"2022-10-30T22:16:51","slug":"en-busqueda-de-una-politica-de-estado-liberal-ambiental","status":"publish","type":"post","link":"https:\/\/www.hoymercedes.com.ar\/principal\/2022\/10\/31\/en-busqueda-de-una-politica-de-estado-liberal-ambiental\/","title":{"rendered":"En b\u00fasqueda de una pol\u00edtica de estado liberal ambiental\u00a0"},"content":{"rendered":"\n<p>Por Cristi\u00e1n Frers &#8211; Cuando hablamos de ambiente, com\u00fanmente nos referimos a todo aquello que nos rodea, que en cierta forma puede cumplirse, pero desde all\u00ed surgen una serie de interrogantes por el c\u00f3mo no se hace referencia a la relaci\u00f3n estrecha entre ambiente y sociedad, o, dicho de otra manera, jam\u00e1s se especifica la interacci\u00f3n entre el medio y los seres humanos.\u00a0\u00a0<\/p>\n\n\n\n<p>Hay muchas creencias equivocadas en lo respecta a la posici\u00f3n del\u202fliberalismo sobre el ambiente<strong>.<\/strong> Muchos creen que estos conceptos son opuestos y que la pol\u00edtica liberal condenar\u00e1 al planeta a la contaminaci\u00f3n sin l\u00edmite y otros consideran que los liberales deben oponerse a cualquier pol\u00edtica ambiental.&nbsp;<\/p>\n\n\n\n<p>La realidad es que, ni una idea ni la otra. Ni el ambientalismo va en contra del progreso, ni el capitalismo y los liberales tienen la culpa de cualquier problema ecol\u00f3gico o ambiental que existe.&nbsp; Por este motivo que se plantea un escenario complicado, en el que las partes pol\u00edticas enfrentadas como la derecha y la izquierda deber\u00edan encontrar una postura centrada,\u202fabandonando las demagogias y los populismos<strong>,<\/strong> en busca de la aplicaci\u00f3n de pol\u00edticas liberales que cuiden del ambiente.&nbsp;<\/p>\n\n\n\n<p>La filosof\u00eda de la libertad destaca la importancia de la rendici\u00f3n de cuentas, la responsabilidad personal y la eficiencia: valores que deber\u00edan ser los puntos centrales de cualquier proyecto de protecci\u00f3n del medio ambiente que merezca la pena. \u00bfPor qu\u00e9, entonces, la opini\u00f3n predominante hace de la propiedad privada y de la libre competencia de mercado los enemigos de la naturaleza, considerados como fuentes de contaminaci\u00f3n generalizada, la destrucci\u00f3n de los ecosistemas y el agotamiento irreflexivo de los recursos? Est\u00e1 claro que algo se ha perdido en la traducci\u00f3n en el camino de la historia tanto Adam Smith, David Ricardo y William Petty, hicieron sus primeros aportes, y m\u00e1s tarde Marshall, Walras, Pareto, Pigou, Coase, se dedicaron al estudio de la asignaci\u00f3n eficiente de los recursos ante diferentes opciones de utilizaci\u00f3n, dando los primeros pasos en incorporar la econom\u00eda al medio ambiente. No obstante, la creciente preocupaci\u00f3n contempor\u00e1nea respecto del deterioro ambiental y a los l\u00edmites y efectos del proceso econ\u00f3mico, la teor\u00eda econ\u00f3mica de los recursos naturales no es a\u00fan parte medular de la praxis del an\u00e1lisis econ\u00f3mico.&nbsp;&nbsp;<\/p>\n\n\n\n<p>La transformaci\u00f3n de bosques en cultivos, la desaparici\u00f3n de h\u00e1bitats por ocupaci\u00f3n del territorio y el agotamiento de acu\u00edferos por sobreexplotaci\u00f3n disminuyen nuestra capacidad para satisfacer necesidades y, por tanto, nuestro bienestar. A pesar de ello, el deterioro ambiental a\u00fan no est\u00e1 integrado en el principal \u00edndice que mide el bienestar material de los pa\u00edses: el producto interior bruto. El medio ambiente tambi\u00e9n es riqueza, el reto es incluir su valor en la contabilidad de las Municipalidades, de las Provincias y de la Naci\u00f3n.&nbsp;<\/p>\n\n\n\n<p>Hay una especie de esperanza en relaci\u00f3n a que los recursos naturales resuelvan los problemas econ\u00f3micos del pa\u00eds<strong>.<\/strong> Los recursos naturales son una condici\u00f3n necesaria pero no suficiente para solucionar los problemas. Es importante hacer uso de esos recursos de manera estrat\u00e9gica.&nbsp;<\/p>\n\n\n\n<p>El producto interior bruto contabiliza el valor de todos los bienes y servicios finales que produce una econom\u00eda (un pa\u00eds o una regi\u00f3n) en un a\u00f1o.\u202fEl PIB es un buen indicador para conocer la evoluci\u00f3n del sector productivo de un pa\u00eds y, como tal, un buen elemento de diagn\u00f3stico de problemas econ\u00f3micos.&nbsp;<\/p>\n\n\n\n<p>El liberalismo debe rechazar la idea de los derechos de propiedad absolutos y aceptar restricciones que limiten la libertad de abusar de la naturaleza y los recursos naturales. Sin embargo, rechaza el control del crecimiento de la poblaci\u00f3n y cualquier control sobre la distribuci\u00f3n de recursos como incompatible con la libertad individual, en cambio favorece el control del lado de la oferta: producci\u00f3n m\u00e1s eficiente, energ\u00edas renovables, frenos a la sobreproducci\u00f3n y la\u202fsobreexplotacion,\u200b medidas para no contaminar r\u00edos o lagos, evitar la deforestaci\u00f3n, introducir una educaci\u00f3n ambiental para crear una\u202feconom\u00eda baja de carbono y\u202fdesarrollo sustentable\u202fdentro de una econom\u00eda de mercado&nbsp;<\/p>\n\n\n\n<p>El verdadero compromiso social con el ambiente, es la parte m\u00e1s sustantiva del proceso social, no se puede hablar de justicia social si no va acompa\u00f1ada de justicia ambiental. No sacamos nada con crear leyes eficientes y protocolos de trabajo, si no tomamos un compromiso serio y responsables como sociedad con conciencia y \u00e9tica del hacer, que a pesar de las necesidades y de lo imperioso de la b\u00fasqueda del desarrollo, debemos proteger y no destruir. de nada valen si no tomamos conciencia como sociedad de la importancia y del respeto que debemos tener por el ambiente.&nbsp;<\/p>\n\n\n\n<p>Lamentablemente, hoy en d\u00eda, lo ambiental ha tenido un papel apenas marginal en la teor\u00eda del desarrollo,\u202fdonde ha ocupado una posici\u00f3n subordinada respecto a la prioridad que se otorga al crecimiento econ\u00f3mico.\u202fDe este modo, lo ambiental se ha constituido en el convidado de piedra del desarrollo, un factor aludido y\u202feludido al mismo tiempo.&nbsp;<\/p>\n\n\n\n<p>Una gesti\u00f3n sana hacia el ambiente, es parte esencial del desarrollo sostenible que debemos buscar. Es por esto que el ambiente y el liberalismo est\u00e1n estrechamente ligados. Es por esto que el futuro de la humanidad se encuentra en la libertad y el respeto. La libertad funciona, incluso para proteger el medio ambiente.&nbsp;<\/p>\n\n\n\n<p>El mercado necesita que se respeten las l\u00edneas rojas del planeta.\u202fNo podemos seguir creciendo a cualquier costo\u202fporque el planeta se est\u00e1 quedando sin fondos y ya no puede cubrir nuestros desmanes. La caja de los recursos naturales est\u00e1 casi vac\u00eda y los acreedores se amontonan en la puerta.&nbsp;<\/p>\n\n\n\n<p>*Cristi\u00e1n Frers \u2013 T\u00e9cnico Superior en Gesti\u00f3n Ambiental y T\u00e9cnico Superior en Comunicaci\u00f3n Social (Periodista).\u00a0<\/p>\n","protected":false},"excerpt":{"rendered":"<p>Por Cristi\u00e1n Frers &#8211; Cuando hablamos de ambiente, com\u00fanmente nos referimos a todo aquello que nos rodea, que en cierta forma puede cumplirse, pero desde all\u00ed surgen una serie de interrogantes por el c\u00f3mo no se hace referencia a la relaci\u00f3n estrecha entre ambiente y sociedad, o, dicho de otra manera, jam\u00e1s se especifica la interacci\u00f3n entre el medio y los seres humanos.\u00a0\u00a0<\/p>\n","protected":false},"author":1,"featured_media":92271,"comment_status":"closed","ping_status":"open","sticky":false,"template":"","format":"standard","meta":{"_monsterinsights_skip_tracking":false,"_monsterinsights_sitenote_active":false,"_monsterinsights_sitenote_note":"","_monsterinsights_sitenote_category":0,"jetpack_post_was_ever_published":false,"_jetpack_newsletter_access":"","_jetpack_dont_email_post_to_subs":false,"_jetpack_newsletter_tier_id":0,"_jetpack_memberships_contains_paywalled_content":false,"_jetpack_memberships_contains_paid_content":false,"footnotes":"","jetpack_publicize_message":"","jetpack_publicize_feature_enabled":true,"jetpack_social_post_already_shared":true,"jetpack_social_options":{"image_generator_settings":{"template":"highway","default_image_id":0,"font":"","enabled":false},"version":2},"_wpas_customize_per_network":false},"categories":[8],"tags":[],"class_list":["post-154790","post","type-post","status-publish","format-standard","has-post-thumbnail","hentry","category-sociedad","generate-columns","tablet-grid-50","mobile-grid-100","grid-parent","grid-50"],"jetpack_publicize_connections":[],"jetpack_featured_media_url":"https:\/\/www.hoymercedes.com.ar\/principal\/wp-content\/uploads\/2019\/05\/02-ambiente.jpg","wps_subtitle":"","jetpack_sharing_enabled":true,"_links":{"self":[{"href":"https:\/\/www.hoymercedes.com.ar\/principal\/wp-json\/wp\/v2\/posts\/154790","targetHints":{"allow":["GET"]}}],"collection":[{"href":"https:\/\/www.hoymercedes.com.ar\/principal\/wp-json\/wp\/v2\/posts"}],"about":[{"href":"https:\/\/www.hoymercedes.com.ar\/principal\/wp-json\/wp\/v2\/types\/post"}],"author":[{"embeddable":true,"href":"https:\/\/www.hoymercedes.com.ar\/principal\/wp-json\/wp\/v2\/users\/1"}],"replies":[{"embeddable":true,"href":"https:\/\/www.hoymercedes.com.ar\/principal\/wp-json\/wp\/v2\/comments?post=154790"}],"version-history":[{"count":0,"href":"https:\/\/www.hoymercedes.com.ar\/principal\/wp-json\/wp\/v2\/posts\/154790\/revisions"}],"wp:featuredmedia":[{"embeddable":true,"href":"https:\/\/www.hoymercedes.com.ar\/principal\/wp-json\/wp\/v2\/media\/92271"}],"wp:attachment":[{"href":"https:\/\/www.hoymercedes.com.ar\/principal\/wp-json\/wp\/v2\/media?parent=154790"}],"wp:term":[{"taxonomy":"category","embeddable":true,"href":"https:\/\/www.hoymercedes.com.ar\/principal\/wp-json\/wp\/v2\/categories?post=154790"},{"taxonomy":"post_tag","embeddable":true,"href":"https:\/\/www.hoymercedes.com.ar\/principal\/wp-json\/wp\/v2\/tags?post=154790"}],"curies":[{"name":"wp","href":"https:\/\/api.w.org\/{rel}","templated":true}]}}