{"id":154819,"date":"2022-10-31T13:03:00","date_gmt":"2022-10-31T16:03:00","guid":{"rendered":"https:\/\/www.hoymercedes.com.ar\/principal\/?p=154819"},"modified":"2022-10-31T11:13:33","modified_gmt":"2022-10-31T14:13:33","slug":"realizaron-el-3-certamen-de-grabado-xilografico-al-aire-libre","status":"publish","type":"post","link":"https:\/\/www.hoymercedes.com.ar\/principal\/2022\/10\/31\/realizaron-el-3-certamen-de-grabado-xilografico-al-aire-libre\/","title":{"rendered":"Realizaron el 3\u00b0 Certamen de Grabado Xilogr\u00e1fico al Aire Libre"},"content":{"rendered":"\n<p>El Movimiento Cultural El Limonero junto a la Comisi\u00f3n Municipal del Patrimonio Cultural y Natural CuNa y la Direcci\u00f3n de Cultura de la Municipalidad de Mercedes llevaron adelante el 3\u00b0 Certamen de grabado xilogr\u00e1fico al aire libre la semana pasada y este \u00faltimo domingo se realiz\u00f3 la inauguraci\u00f3n de la exposici\u00f3n, premiaci\u00f3n y entrega de diplomas en el espacio cultural de calle 21.<\/p>\n\n\n<div class=\"wp-block-image\">\n<figure class=\"aligncenter size-full\"><img loading=\"lazy\" decoding=\"async\" width=\"800\" height=\"533\" data-attachment-id=\"154820\" data-permalink=\"https:\/\/www.hoymercedes.com.ar\/principal\/2022\/10\/31\/realizaron-el-3-certamen-de-grabado-xilografico-al-aire-libre\/grabados-1\/#main\" data-orig-file=\"https:\/\/www.hoymercedes.com.ar\/principal\/wp-content\/uploads\/2022\/10\/grabados-1.jpg\" data-orig-size=\"800,533\" data-comments-opened=\"0\" data-image-meta=\"{&quot;aperture&quot;:&quot;0&quot;,&quot;credit&quot;:&quot;&quot;,&quot;camera&quot;:&quot;&quot;,&quot;caption&quot;:&quot;&quot;,&quot;created_timestamp&quot;:&quot;1667214258&quot;,&quot;copyright&quot;:&quot;&quot;,&quot;focal_length&quot;:&quot;0&quot;,&quot;iso&quot;:&quot;0&quot;,&quot;shutter_speed&quot;:&quot;0&quot;,&quot;title&quot;:&quot;&quot;,&quot;orientation&quot;:&quot;1&quot;}\" data-image-title=\"grabados 1\" data-image-description=\"\" data-image-caption=\"\" data-large-file=\"https:\/\/www.hoymercedes.com.ar\/principal\/wp-content\/uploads\/2022\/10\/grabados-1.jpg\" src=\"https:\/\/www.hoymercedes.com.ar\/principal\/wp-content\/uploads\/2022\/10\/grabados-1.jpg\" alt=\"\" class=\"wp-image-154820\" srcset=\"https:\/\/www.hoymercedes.com.ar\/principal\/wp-content\/uploads\/2022\/10\/grabados-1.jpg 800w, https:\/\/www.hoymercedes.com.ar\/principal\/wp-content\/uploads\/2022\/10\/grabados-1-630x420.jpg 630w, https:\/\/www.hoymercedes.com.ar\/principal\/wp-content\/uploads\/2022\/10\/grabados-1-150x100.jpg 150w, https:\/\/www.hoymercedes.com.ar\/principal\/wp-content\/uploads\/2022\/10\/grabados-1-700x465.jpg 700w\" sizes=\"auto, (max-width: 800px) 100vw, 800px\" \/><\/figure>\n<\/div>\n\n\n<p>Participaron del certamen: Bernab\u00e9 Asenzo (Luj\u00e1n), Celeste Barbarino (Mercedes), Camila Carmona Piro (Avellaneda), Gerardo Cianciolo (CABA), Florencia Coschignano (CABA), Samay Fernandez (La Plata), Laura Gianfrini (Mercedes), Fernanda Jara (Luj\u00e1n). Mirta Leyes (Mercedes), Luc\u00eda Marroqu\u00edn (Mercedes), Lara Palma (CABA), Daiana Posada Vera (Burzaco), Angeles Rodr\u00edguez (San Antonio de Areco), Nashly Ruedas (Mercedes), Rub\u00e9n Sassano (Ramos Mej\u00eda), Mar\u00eda Sciales (Mercedes) y Julieta Warman (La Plata)<\/p>\n\n\n\n<p>La organizaci\u00f3n agradeci\u00f3  a Julio Mroue de Taller Confluencia por la donaci\u00f3n de papeles de fabricaci\u00f3n artesanal de \u00f3ptima calidad. Destacaron el reconocimiento para el artista grabador Carlos Scannapieco, quien actu\u00f3 de jurado junto al Arq Miguel Brady en representaci\u00f3n de CuNa y al artista Diego Ismael Moyano representando al Limonero. \u00abFelicitamos a todos los artistas grabadores por el nivel alcanzado en sus estampas\u00bb, destacaron.<\/p>\n","protected":false},"excerpt":{"rendered":"<p>En la tarde del domingo se realiz\u00f3 la inauguraci\u00f3n de la exposici\u00f3n, premiaci\u00f3n y entrega de diplomas del 3\u00b0 Certamen de grabado xilogr\u00e1fico al aire libre <\/p>\n","protected":false},"author":1,"featured_media":154820,"comment_status":"closed","ping_status":"open","sticky":false,"template":"","format":"standard","meta":{"_monsterinsights_skip_tracking":false,"_monsterinsights_sitenote_active":false,"_monsterinsights_sitenote_note":"","_monsterinsights_sitenote_category":0,"jetpack_post_was_ever_published":false,"_jetpack_newsletter_access":"","_jetpack_dont_email_post_to_subs":false,"_jetpack_newsletter_tier_id":0,"_jetpack_memberships_contains_paywalled_content":false,"_jetpack_memberships_contains_paid_content":false,"footnotes":"","jetpack_publicize_message":"","jetpack_publicize_feature_enabled":true,"jetpack_social_post_already_shared":true,"jetpack_social_options":{"image_generator_settings":{"template":"highway","default_image_id":0,"font":"","enabled":false},"version":2},"_wpas_customize_per_network":false},"categories":[104],"tags":[7805],"class_list":["post-154819","post","type-post","status-publish","format-standard","has-post-thumbnail","hentry","category-cultura","tag-cultura","generate-columns","tablet-grid-50","mobile-grid-100","grid-parent","grid-50"],"jetpack_publicize_connections":[],"jetpack_featured_media_url":"https:\/\/www.hoymercedes.com.ar\/principal\/wp-content\/uploads\/2022\/10\/grabados-1.jpg","wps_subtitle":"","jetpack_sharing_enabled":true,"_links":{"self":[{"href":"https:\/\/www.hoymercedes.com.ar\/principal\/wp-json\/wp\/v2\/posts\/154819","targetHints":{"allow":["GET"]}}],"collection":[{"href":"https:\/\/www.hoymercedes.com.ar\/principal\/wp-json\/wp\/v2\/posts"}],"about":[{"href":"https:\/\/www.hoymercedes.com.ar\/principal\/wp-json\/wp\/v2\/types\/post"}],"author":[{"embeddable":true,"href":"https:\/\/www.hoymercedes.com.ar\/principal\/wp-json\/wp\/v2\/users\/1"}],"replies":[{"embeddable":true,"href":"https:\/\/www.hoymercedes.com.ar\/principal\/wp-json\/wp\/v2\/comments?post=154819"}],"version-history":[{"count":0,"href":"https:\/\/www.hoymercedes.com.ar\/principal\/wp-json\/wp\/v2\/posts\/154819\/revisions"}],"wp:featuredmedia":[{"embeddable":true,"href":"https:\/\/www.hoymercedes.com.ar\/principal\/wp-json\/wp\/v2\/media\/154820"}],"wp:attachment":[{"href":"https:\/\/www.hoymercedes.com.ar\/principal\/wp-json\/wp\/v2\/media?parent=154819"}],"wp:term":[{"taxonomy":"category","embeddable":true,"href":"https:\/\/www.hoymercedes.com.ar\/principal\/wp-json\/wp\/v2\/categories?post=154819"},{"taxonomy":"post_tag","embeddable":true,"href":"https:\/\/www.hoymercedes.com.ar\/principal\/wp-json\/wp\/v2\/tags?post=154819"}],"curies":[{"name":"wp","href":"https:\/\/api.w.org\/{rel}","templated":true}]}}