{"id":154823,"date":"2022-10-31T15:19:50","date_gmt":"2022-10-31T18:19:50","guid":{"rendered":"https:\/\/www.hoymercedes.com.ar\/principal\/?p=154823"},"modified":"2022-11-01T10:39:10","modified_gmt":"2022-11-01T13:39:10","slug":"jorge-swinnen-gano-el-salon-de-pinturas-de-abogados","status":"publish","type":"post","link":"https:\/\/www.hoymercedes.com.ar\/principal\/2022\/10\/31\/jorge-swinnen-gano-el-salon-de-pinturas-de-abogados\/","title":{"rendered":"Jorge Swinnen gan\u00f3 el Sal\u00f3n de Pinturas de Abogados"},"content":{"rendered":"\n<p>En la tarde del \u00falitmo s\u00e1bado, se realiz\u00f3 la actuaci\u00f3n del jurado que seleccion\u00f3 las obras admitidas para la muestra del Sal\u00f3n 40 aniversario del Colegio de Abogados del Departamento Judicial Mercedes. <\/p>\n\n\n<div class=\"wp-block-image\">\n<figure class=\"aligncenter size-large\"><img loading=\"lazy\" decoding=\"async\" width=\"1024\" height=\"715\" data-attachment-id=\"154824\" data-permalink=\"https:\/\/www.hoymercedes.com.ar\/principal\/2022\/10\/31\/jorge-swinnen-gano-el-salon-de-pinturas-de-abogados\/cuadro-ganador\/#main\" data-orig-file=\"https:\/\/www.hoymercedes.com.ar\/principal\/wp-content\/uploads\/2022\/10\/cuadro-ganador.jpg\" data-orig-size=\"2508,1752\" data-comments-opened=\"0\" data-image-meta=\"{&quot;aperture&quot;:&quot;5.6&quot;,&quot;credit&quot;:&quot;&quot;,&quot;camera&quot;:&quot;NIKON D600&quot;,&quot;caption&quot;:&quot;&quot;,&quot;created_timestamp&quot;:&quot;1667062980&quot;,&quot;copyright&quot;:&quot;&quot;,&quot;focal_length&quot;:&quot;50&quot;,&quot;iso&quot;:&quot;800&quot;,&quot;shutter_speed&quot;:&quot;0.016666666666667&quot;,&quot;title&quot;:&quot;&quot;,&quot;orientation&quot;:&quot;1&quot;}\" data-image-title=\"cuadro ganador\" data-image-description=\"\" data-image-caption=\"\" data-large-file=\"https:\/\/www.hoymercedes.com.ar\/principal\/wp-content\/uploads\/2022\/10\/cuadro-ganador-1024x715.jpg\" src=\"https:\/\/www.hoymercedes.com.ar\/principal\/wp-content\/uploads\/2022\/10\/cuadro-ganador-1024x715.jpg\" alt=\"\" class=\"wp-image-154824\" srcset=\"https:\/\/www.hoymercedes.com.ar\/principal\/wp-content\/uploads\/2022\/10\/cuadro-ganador-1024x715.jpg 1024w, https:\/\/www.hoymercedes.com.ar\/principal\/wp-content\/uploads\/2022\/10\/cuadro-ganador-630x440.jpg 630w, https:\/\/www.hoymercedes.com.ar\/principal\/wp-content\/uploads\/2022\/10\/cuadro-ganador-150x105.jpg 150w, https:\/\/www.hoymercedes.com.ar\/principal\/wp-content\/uploads\/2022\/10\/cuadro-ganador-1536x1073.jpg 1536w, https:\/\/www.hoymercedes.com.ar\/principal\/wp-content\/uploads\/2022\/10\/cuadro-ganador-2048x1431.jpg 2048w, https:\/\/www.hoymercedes.com.ar\/principal\/wp-content\/uploads\/2022\/10\/cuadro-ganador-120x85.jpg 120w\" sizes=\"auto, (max-width: 1024px) 100vw, 1024px\" \/><figcaption>Acuarela sin t\u00edtulo de Jorge Swinnen gan\u00f3 el premio adquisici\u00f3n<\/figcaption><\/figure>\n<\/div>\n\n\n<p>El jurado integrado por Ana Mar\u00eda Aldaburu, Ana Mar\u00eda Battistozzi y Juan Pablo Fern\u00e1ndez Bravo, determin\u00f3 cuatro premios y tres menciones especiales. <\/p>\n\n\n\n<p>El primer premio adquisici\u00f3n de 100.000 pesos fue para el mercedino Jorge Swinnen con una obra sin t\u00edtulo que representa en acuarela la fachada del Teatro Argentino \u00abJulio C. Gioscio\u00bb y el kiosko de revista de la Plaza San Mart\u00edn de Mercedes. <\/p>\n\n\n\n<p>En tanto, el segundo, tercero y cuarto premio fueron para Daniel Falabella de San Andr\u00e9s de Giles con su obra \u00abPaso del Tiempo\u00bb; Rosana Marina Balassone de Salto por su pintura \u00abModo Inc\u00f3gnito\u00bb y para M\u00f3nica Rojas de Merlo por \u00abForestaci\u00f3n\u00bb.  <\/p>\n\n\n\n<p>Finalmente, las menciones especiales fueron para: <br>\u201cPaisaje conurbano\u201d de Julia Gargiulo de Moreno<br>\u201cProbando-Telas1\u201d de Pablo Blasberg de Mercedes<br>\u201c Hacia adentro\u201d de Mar\u00eda Gabriela Luna de Mercedes<\/p>\n\n\n\n<p>Habi\u00e9ndose recibido 64 obras, el Jurado resolvi\u00f3 admitir las que llevan la siguiente numeraci\u00f3n : 802, 804, 805, 807, 809, 811, 813, 814, 816, 818, 820, 821, 822, 823, 824, 827, 829, 830, 831, 832, 833, 838, 840, 841, 842, 843, 845, 847, 849, 850, 853, 854, 855, 857, 876, 879, y 880. Se recibi\u00f3 en car\u00e1cter de invitado: obra N\u00b0837 , \u201cLos Creyentes\u201d, de Jorge Blanco.<\/p>\n\n\n\n<p>El pr\u00f3ximo s\u00e1bado 5 de noviembre, 19 horas, ser\u00e1 la inauguraci\u00f3n protocolar del Sal\u00f3n de Pinturas en donde se entregar\u00e1n los premios y diplomas. La exposici\u00f3n se podr\u00e1 visitar del 7 al 11 de noviembre, de 8:30 a 13:30 horas. <\/p>\n\n\n\n<p>Fuente: Colegio de Abogados Mercedes<\/p>\n\n\n\n<div class=\"wp-block-jetpack-slideshow aligncenter\" data-effect=\"slide\"><div class=\"wp-block-jetpack-slideshow_container swiper-container\"><ul class=\"wp-block-jetpack-slideshow_swiper-wrapper swiper-wrapper\"><li class=\"wp-block-jetpack-slideshow_slide swiper-slide\"><figure><img loading=\"lazy\" decoding=\"async\" width=\"1024\" height=\"576\" alt=\"\" class=\"wp-block-jetpack-slideshow_image wp-image-154846\" data-id=\"154846\" src=\"https:\/\/www.hoymercedes.com.ar\/principal\/wp-content\/uploads\/2022\/10\/Mencion-2022-6-e1667228276348-1024x576-1.jpg\" srcset=\"https:\/\/www.hoymercedes.com.ar\/principal\/wp-content\/uploads\/2022\/10\/Mencion-2022-6-e1667228276348-1024x576-1.jpg 1024w, https:\/\/www.hoymercedes.com.ar\/principal\/wp-content\/uploads\/2022\/10\/Mencion-2022-6-e1667228276348-1024x576-1-630x354.jpg 630w, https:\/\/www.hoymercedes.com.ar\/principal\/wp-content\/uploads\/2022\/10\/Mencion-2022-6-e1667228276348-1024x576-1-150x84.jpg 150w\" sizes=\"(max-width: 1024px) 100vw, 1024px\" \/><figcaption class=\"wp-block-jetpack-slideshow_caption gallery-caption\">obra N\u00b0 855, \u201c Hacia adentro\u201d, de  Mar\u00eda Gabriela Luna, de Mercedes.<\/figcaption><\/figure><\/li><li class=\"wp-block-jetpack-slideshow_slide swiper-slide\"><figure><img loading=\"lazy\" decoding=\"async\" width=\"669\" height=\"1280\" alt=\"\" class=\"wp-block-jetpack-slideshow_image wp-image-154847\" data-id=\"154847\" src=\"https:\/\/www.hoymercedes.com.ar\/principal\/wp-content\/uploads\/2022\/10\/Mencion-2022-3.jpg\" srcset=\"https:\/\/www.hoymercedes.com.ar\/principal\/wp-content\/uploads\/2022\/10\/Mencion-2022-3.jpg 669w, https:\/\/www.hoymercedes.com.ar\/principal\/wp-content\/uploads\/2022\/10\/Mencion-2022-3-324x620.jpg 324w, https:\/\/www.hoymercedes.com.ar\/principal\/wp-content\/uploads\/2022\/10\/Mencion-2022-3-535x1024.jpg 535w, https:\/\/www.hoymercedes.com.ar\/principal\/wp-content\/uploads\/2022\/10\/Mencion-2022-3-78x150.jpg 78w\" sizes=\"(max-width: 669px) 100vw, 669px\" \/><figcaption class=\"wp-block-jetpack-slideshow_caption gallery-caption\">obra N\u00b0 814, \u201cProbando-Telas1\u201d de Pablo Blasberg, de Mercedes.<\/figcaption><\/figure><\/li><li class=\"wp-block-jetpack-slideshow_slide swiper-slide\"><figure><img loading=\"lazy\" decoding=\"async\" width=\"1024\" height=\"730\" alt=\"\" class=\"wp-block-jetpack-slideshow_image wp-image-154848\" data-id=\"154848\" src=\"https:\/\/www.hoymercedes.com.ar\/principal\/wp-content\/uploads\/2022\/10\/2Mencion-2022-2-1024x730-1.jpg\" srcset=\"https:\/\/www.hoymercedes.com.ar\/principal\/wp-content\/uploads\/2022\/10\/2Mencion-2022-2-1024x730-1.jpg 1024w, https:\/\/www.hoymercedes.com.ar\/principal\/wp-content\/uploads\/2022\/10\/2Mencion-2022-2-1024x730-1-630x449.jpg 630w, https:\/\/www.hoymercedes.com.ar\/principal\/wp-content\/uploads\/2022\/10\/2Mencion-2022-2-1024x730-1-150x107.jpg 150w, https:\/\/www.hoymercedes.com.ar\/principal\/wp-content\/uploads\/2022\/10\/2Mencion-2022-2-1024x730-1-120x85.jpg 120w\" sizes=\"(max-width: 1024px) 100vw, 1024px\" \/><figcaption class=\"wp-block-jetpack-slideshow_caption gallery-caption\">obra N\u00b0 813, \u201cPaisaje conurbano\u201d, de Julia Gargiulo, de Moreno.<\/figcaption><\/figure><\/li><li class=\"wp-block-jetpack-slideshow_slide swiper-slide\"><figure><img loading=\"lazy\" decoding=\"async\" width=\"1015\" height=\"1024\" alt=\"\" class=\"wp-block-jetpack-slideshow_image wp-image-154849\" data-id=\"154849\" src=\"https:\/\/www.hoymercedes.com.ar\/principal\/wp-content\/uploads\/2022\/10\/2Mencion-2022-4-1015x1024-1.jpg\" srcset=\"https:\/\/www.hoymercedes.com.ar\/principal\/wp-content\/uploads\/2022\/10\/2Mencion-2022-4-1015x1024-1.jpg 1015w, https:\/\/www.hoymercedes.com.ar\/principal\/wp-content\/uploads\/2022\/10\/2Mencion-2022-4-1015x1024-1-615x620.jpg 615w, https:\/\/www.hoymercedes.com.ar\/principal\/wp-content\/uploads\/2022\/10\/2Mencion-2022-4-1015x1024-1-150x150.jpg 150w\" sizes=\"(max-width: 1015px) 100vw, 1015px\" \/><figcaption class=\"wp-block-jetpack-slideshow_caption gallery-caption\">CUARTO PREMIO: obra N\u00b0 822, \u201cForestaci\u00f3n\u201d, de M\u00f3nica Rojas, de Merlo.<\/figcaption><\/figure><\/li><li class=\"wp-block-jetpack-slideshow_slide swiper-slide\"><figure><img loading=\"lazy\" decoding=\"async\" width=\"1024\" height=\"700\" alt=\"\" class=\"wp-block-jetpack-slideshow_image wp-image-154850\" data-id=\"154850\" src=\"https:\/\/www.hoymercedes.com.ar\/principal\/wp-content\/uploads\/2022\/10\/premio-abogados.jpg\" srcset=\"https:\/\/www.hoymercedes.com.ar\/principal\/wp-content\/uploads\/2022\/10\/premio-abogados.jpg 1024w, https:\/\/www.hoymercedes.com.ar\/principal\/wp-content\/uploads\/2022\/10\/premio-abogados-630x431.jpg 630w, https:\/\/www.hoymercedes.com.ar\/principal\/wp-content\/uploads\/2022\/10\/premio-abogados-150x103.jpg 150w\" sizes=\"(max-width: 1024px) 100vw, 1024px\" \/><figcaption class=\"wp-block-jetpack-slideshow_caption gallery-caption\">TERCER PREMIO: obra N\u00b0 845, \u201cModo inc\u00f3gnito\u201d, de  Rosana Marina Balassone, de Salto.<\/figcaption><\/figure><\/li><li class=\"wp-block-jetpack-slideshow_slide swiper-slide\"><figure><img loading=\"lazy\" decoding=\"async\" width=\"1016\" height=\"1024\" alt=\"\" class=\"wp-block-jetpack-slideshow_image wp-image-154851\" data-id=\"154851\" src=\"https:\/\/www.hoymercedes.com.ar\/principal\/wp-content\/uploads\/2022\/10\/seg-premio-abogados.jpg\" srcset=\"https:\/\/www.hoymercedes.com.ar\/principal\/wp-content\/uploads\/2022\/10\/seg-premio-abogados.jpg 1016w, https:\/\/www.hoymercedes.com.ar\/principal\/wp-content\/uploads\/2022\/10\/seg-premio-abogados-615x620.jpg 615w, https:\/\/www.hoymercedes.com.ar\/principal\/wp-content\/uploads\/2022\/10\/seg-premio-abogados-150x150.jpg 150w\" sizes=\"(max-width: 1016px) 100vw, 1016px\" \/><figcaption class=\"wp-block-jetpack-slideshow_caption gallery-caption\">SEGUNDO PREMIO: obra N\u00b0 809, \u201cPaso del tiempo\u201d, de Daniel Falabella, de San Andr\u00e9s de Giles.<\/figcaption><\/figure><\/li><\/ul><a class=\"wp-block-jetpack-slideshow_button-prev swiper-button-prev swiper-button-white\" role=\"button\"><\/a><a class=\"wp-block-jetpack-slideshow_button-next swiper-button-next swiper-button-white\" role=\"button\"><\/a><a aria-label=\"Pause Slideshow\" class=\"wp-block-jetpack-slideshow_button-pause\" role=\"button\"><\/a><div class=\"wp-block-jetpack-slideshow_pagination swiper-pagination swiper-pagination-white\"><\/div><\/div><\/div>\n","protected":false},"excerpt":{"rendered":"<p>Una acuarela de Jorge Swinnen que refleja un sector de la Plaza San Mart\u00edn de Mercedes se llev\u00f3 el primer premio del Sal\u00f3n de Pinturas del Colegio de Abogados.<br \/>\nEl s\u00e1bado 5 se inaugura la muestra y entregan los premios y distinciones. <\/p>\n","protected":false},"author":1,"featured_media":154824,"comment_status":"closed","ping_status":"open","sticky":false,"template":"","format":"standard","meta":{"_monsterinsights_skip_tracking":false,"_monsterinsights_sitenote_active":false,"_monsterinsights_sitenote_note":"","_monsterinsights_sitenote_category":0,"jetpack_post_was_ever_published":false,"_jetpack_newsletter_access":"","_jetpack_dont_email_post_to_subs":false,"_jetpack_newsletter_tier_id":0,"_jetpack_memberships_contains_paywalled_content":false,"_jetpack_memberships_contains_paid_content":false,"footnotes":"","jetpack_publicize_message":"","jetpack_publicize_feature_enabled":true,"jetpack_social_post_already_shared":true,"jetpack_social_options":{"image_generator_settings":{"template":"highway","default_image_id":0,"font":"","enabled":false},"version":2},"_wpas_customize_per_network":false},"categories":[104],"tags":[7805],"class_list":["post-154823","post","type-post","status-publish","format-standard","has-post-thumbnail","hentry","category-cultura","tag-cultura","generate-columns","tablet-grid-50","mobile-grid-100","grid-parent","grid-50"],"jetpack_publicize_connections":[],"jetpack_featured_media_url":"https:\/\/www.hoymercedes.com.ar\/principal\/wp-content\/uploads\/2022\/10\/cuadro-ganador.jpg","wps_subtitle":"","jetpack_sharing_enabled":true,"_links":{"self":[{"href":"https:\/\/www.hoymercedes.com.ar\/principal\/wp-json\/wp\/v2\/posts\/154823","targetHints":{"allow":["GET"]}}],"collection":[{"href":"https:\/\/www.hoymercedes.com.ar\/principal\/wp-json\/wp\/v2\/posts"}],"about":[{"href":"https:\/\/www.hoymercedes.com.ar\/principal\/wp-json\/wp\/v2\/types\/post"}],"author":[{"embeddable":true,"href":"https:\/\/www.hoymercedes.com.ar\/principal\/wp-json\/wp\/v2\/users\/1"}],"replies":[{"embeddable":true,"href":"https:\/\/www.hoymercedes.com.ar\/principal\/wp-json\/wp\/v2\/comments?post=154823"}],"version-history":[{"count":0,"href":"https:\/\/www.hoymercedes.com.ar\/principal\/wp-json\/wp\/v2\/posts\/154823\/revisions"}],"wp:featuredmedia":[{"embeddable":true,"href":"https:\/\/www.hoymercedes.com.ar\/principal\/wp-json\/wp\/v2\/media\/154824"}],"wp:attachment":[{"href":"https:\/\/www.hoymercedes.com.ar\/principal\/wp-json\/wp\/v2\/media?parent=154823"}],"wp:term":[{"taxonomy":"category","embeddable":true,"href":"https:\/\/www.hoymercedes.com.ar\/principal\/wp-json\/wp\/v2\/categories?post=154823"},{"taxonomy":"post_tag","embeddable":true,"href":"https:\/\/www.hoymercedes.com.ar\/principal\/wp-json\/wp\/v2\/tags?post=154823"}],"curies":[{"name":"wp","href":"https:\/\/api.w.org\/{rel}","templated":true}]}}