{"id":154881,"date":"2022-11-01T21:01:57","date_gmt":"2022-11-02T00:01:57","guid":{"rendered":"https:\/\/www.hoymercedes.com.ar\/principal\/?p=154881"},"modified":"2022-11-01T21:01:59","modified_gmt":"2022-11-02T00:01:59","slug":"los-fotografos-de-plaza-vuelven-a-reunirse-en-mercedes","status":"publish","type":"post","link":"https:\/\/www.hoymercedes.com.ar\/principal\/2022\/11\/01\/los-fotografos-de-plaza-vuelven-a-reunirse-en-mercedes\/","title":{"rendered":"Los Fot\u00f3grafos de Plaza vuelven a reunirse en Mercedes"},"content":{"rendered":"\n<p>Por estas horas se anunci\u00f3 el Octavo Encuentro Internacional de Fot\u00f3grafos de Plaza \u00abCiudad de Mercedes\u00bb. Ser\u00e1 el 11 y 12 de noviembre, y tal como sucedi\u00f3 el a\u00f1o pasado y sus primeras ediciones, ser\u00e1 presencial. <\/p>\n\n\n\n<p>Habr\u00e1 charlas, experiencias, muestras y visitas de fot\u00f3grafos de distintos lugares que tendr\u00e1n su actividad principal en la Plaza San Mart\u00edn tomando fotos a los transeuntes.<\/p>\n\n\n\n<p>La grilla de actividades no fue comunicada de manera completa, pero s\u00ed adelantaron que habr\u00e1 algunos cambios y sumar\u00e1n espacios para el encuentro. <\/p>\n\n\n<div class=\"wp-block-image\">\n<figure class=\"aligncenter size-large\"><img loading=\"lazy\" decoding=\"async\" width=\"1024\" height=\"1024\" data-attachment-id=\"154883\" data-permalink=\"https:\/\/www.hoymercedes.com.ar\/principal\/2022\/11\/01\/los-fotografos-de-plaza-vuelven-a-reunirse-en-mercedes\/313172004_498733665629920_1092117089015992982_n\/#main\" data-orig-file=\"https:\/\/www.hoymercedes.com.ar\/principal\/wp-content\/uploads\/2022\/11\/313172004_498733665629920_1092117089015992982_n.jpg\" data-orig-size=\"1200,1200\" data-comments-opened=\"0\" data-image-meta=\"{&quot;aperture&quot;:&quot;0&quot;,&quot;credit&quot;:&quot;User&quot;,&quot;camera&quot;:&quot;&quot;,&quot;caption&quot;:&quot;&quot;,&quot;created_timestamp&quot;:&quot;0&quot;,&quot;copyright&quot;:&quot;&quot;,&quot;focal_length&quot;:&quot;0&quot;,&quot;iso&quot;:&quot;0&quot;,&quot;shutter_speed&quot;:&quot;0&quot;,&quot;title&quot;:&quot;&quot;,&quot;orientation&quot;:&quot;0&quot;}\" data-image-title=\"313172004_498733665629920_1092117089015992982_n\" data-image-description=\"\" data-image-caption=\"\" data-large-file=\"https:\/\/www.hoymercedes.com.ar\/principal\/wp-content\/uploads\/2022\/11\/313172004_498733665629920_1092117089015992982_n-1024x1024.jpg\" src=\"https:\/\/www.hoymercedes.com.ar\/principal\/wp-content\/uploads\/2022\/11\/313172004_498733665629920_1092117089015992982_n-1024x1024.jpg\" alt=\"\" class=\"wp-image-154883\" srcset=\"https:\/\/www.hoymercedes.com.ar\/principal\/wp-content\/uploads\/2022\/11\/313172004_498733665629920_1092117089015992982_n-1024x1024.jpg 1024w, https:\/\/www.hoymercedes.com.ar\/principal\/wp-content\/uploads\/2022\/11\/313172004_498733665629920_1092117089015992982_n-620x620.jpg 620w, https:\/\/www.hoymercedes.com.ar\/principal\/wp-content\/uploads\/2022\/11\/313172004_498733665629920_1092117089015992982_n-150x150.jpg 150w, https:\/\/www.hoymercedes.com.ar\/principal\/wp-content\/uploads\/2022\/11\/313172004_498733665629920_1092117089015992982_n.jpg 1200w\" sizes=\"auto, (max-width: 1024px) 100vw, 1024px\" \/><\/figure>\n<\/div>","protected":false},"excerpt":{"rendered":"<p>El Octavo Encuentro Internacional de Fot\u00f3grafos de Plaza \u00abCiudad de Mercedes\u00bb ser\u00e1 el 11 y 12 de noviembre, Foto del encuentro 2021.<\/p>\n","protected":false},"author":1,"featured_media":154882,"comment_status":"closed","ping_status":"open","sticky":false,"template":"","format":"standard","meta":{"_monsterinsights_skip_tracking":false,"_monsterinsights_sitenote_active":false,"_monsterinsights_sitenote_note":"","_monsterinsights_sitenote_category":0,"jetpack_post_was_ever_published":false,"_jetpack_newsletter_access":"","_jetpack_dont_email_post_to_subs":false,"_jetpack_newsletter_tier_id":0,"_jetpack_memberships_contains_paywalled_content":false,"_jetpack_memberships_contains_paid_content":false,"footnotes":"","jetpack_publicize_message":"","jetpack_publicize_feature_enabled":true,"jetpack_social_post_already_shared":true,"jetpack_social_options":{"image_generator_settings":{"template":"highway","default_image_id":0,"font":"","enabled":false},"version":2},"_wpas_customize_per_network":false},"categories":[104],"tags":[7805],"class_list":["post-154881","post","type-post","status-publish","format-standard","has-post-thumbnail","hentry","category-cultura","tag-cultura","generate-columns","tablet-grid-50","mobile-grid-100","grid-parent","grid-50"],"jetpack_publicize_connections":[],"jetpack_featured_media_url":"https:\/\/www.hoymercedes.com.ar\/principal\/wp-content\/uploads\/2022\/11\/254910814_4498403463600412_3990810590943429891_n.jpg","wps_subtitle":"","jetpack_sharing_enabled":true,"_links":{"self":[{"href":"https:\/\/www.hoymercedes.com.ar\/principal\/wp-json\/wp\/v2\/posts\/154881","targetHints":{"allow":["GET"]}}],"collection":[{"href":"https:\/\/www.hoymercedes.com.ar\/principal\/wp-json\/wp\/v2\/posts"}],"about":[{"href":"https:\/\/www.hoymercedes.com.ar\/principal\/wp-json\/wp\/v2\/types\/post"}],"author":[{"embeddable":true,"href":"https:\/\/www.hoymercedes.com.ar\/principal\/wp-json\/wp\/v2\/users\/1"}],"replies":[{"embeddable":true,"href":"https:\/\/www.hoymercedes.com.ar\/principal\/wp-json\/wp\/v2\/comments?post=154881"}],"version-history":[{"count":0,"href":"https:\/\/www.hoymercedes.com.ar\/principal\/wp-json\/wp\/v2\/posts\/154881\/revisions"}],"wp:featuredmedia":[{"embeddable":true,"href":"https:\/\/www.hoymercedes.com.ar\/principal\/wp-json\/wp\/v2\/media\/154882"}],"wp:attachment":[{"href":"https:\/\/www.hoymercedes.com.ar\/principal\/wp-json\/wp\/v2\/media?parent=154881"}],"wp:term":[{"taxonomy":"category","embeddable":true,"href":"https:\/\/www.hoymercedes.com.ar\/principal\/wp-json\/wp\/v2\/categories?post=154881"},{"taxonomy":"post_tag","embeddable":true,"href":"https:\/\/www.hoymercedes.com.ar\/principal\/wp-json\/wp\/v2\/tags?post=154881"}],"curies":[{"name":"wp","href":"https:\/\/api.w.org\/{rel}","templated":true}]}}