{"id":154893,"date":"2022-11-02T15:01:12","date_gmt":"2022-11-02T18:01:12","guid":{"rendered":"https:\/\/www.hoymercedes.com.ar\/principal\/?p=154893"},"modified":"2022-11-02T15:01:47","modified_gmt":"2022-11-02T18:01:47","slug":"mercedes-rock-2022-grilla-de-bandas-para-el-sabado-5","status":"publish","type":"post","link":"https:\/\/www.hoymercedes.com.ar\/principal\/2022\/11\/02\/mercedes-rock-2022-grilla-de-bandas-para-el-sabado-5\/","title":{"rendered":"Mercedes Rock 2022: grilla de bandas para el s\u00e1bado 5"},"content":{"rendered":"\n<p>Desde el Municipio de Mercedes comunicaron el orden en el que actuar\u00e1n las bandas locales en el Mercedes Rock del d\u00eda s\u00e1bado 5 de noviembre. El evento comenzar\u00e1 a las 15 y terminar\u00e1 con el recital en vivo de Massacre. Ser\u00e1 en el Parque Municipal donde tambi\u00e9n habr\u00e1 patio cervecero, foodtruck y puestos solidarios. <\/p>\n\n\n<div class=\"wp-block-image\">\n<figure class=\"aligncenter size-full\"><img loading=\"lazy\" decoding=\"async\" width=\"922\" height=\"615\" data-attachment-id=\"154894\" data-permalink=\"https:\/\/www.hoymercedes.com.ar\/principal\/2022\/11\/02\/mercedes-rock-2022-grilla-de-bandas-para-el-sabado-5\/dsc01831\/#main\" data-orig-file=\"https:\/\/www.hoymercedes.com.ar\/principal\/wp-content\/uploads\/2022\/11\/DSC01831.jpg\" data-orig-size=\"922,615\" data-comments-opened=\"0\" data-image-meta=\"{&quot;aperture&quot;:&quot;0&quot;,&quot;credit&quot;:&quot;&quot;,&quot;camera&quot;:&quot;&quot;,&quot;caption&quot;:&quot;&quot;,&quot;created_timestamp&quot;:&quot;0&quot;,&quot;copyright&quot;:&quot;&quot;,&quot;focal_length&quot;:&quot;0&quot;,&quot;iso&quot;:&quot;0&quot;,&quot;shutter_speed&quot;:&quot;0&quot;,&quot;title&quot;:&quot;&quot;,&quot;orientation&quot;:&quot;0&quot;}\" data-image-title=\"DSC01831\" data-image-description=\"\" data-image-caption=\"\" data-large-file=\"https:\/\/www.hoymercedes.com.ar\/principal\/wp-content\/uploads\/2022\/11\/DSC01831.jpg\" src=\"https:\/\/www.hoymercedes.com.ar\/principal\/wp-content\/uploads\/2022\/11\/DSC01831.jpg\" alt=\"\" class=\"wp-image-154894\" srcset=\"https:\/\/www.hoymercedes.com.ar\/principal\/wp-content\/uploads\/2022\/11\/DSC01831.jpg 922w, https:\/\/www.hoymercedes.com.ar\/principal\/wp-content\/uploads\/2022\/11\/DSC01831-630x420.jpg 630w, https:\/\/www.hoymercedes.com.ar\/principal\/wp-content\/uploads\/2022\/11\/DSC01831-150x100.jpg 150w\" sizes=\"auto, (max-width: 922px) 100vw, 922px\" \/><\/figure>\n<\/div>\n\n\n<p>D\u00edas atr\u00e1s se realiz\u00f3 el sorteo de bandas que estuvieron participando en el ciclo Rock en el Galp\u00f3n. En el mismo espacio donde se llev\u00f3 adelante el ciclo de Rock, se realiz\u00f3 el sorteo que determin\u00f3 a Don Ust\u00e9 como la banda que abrir\u00e1 el festival de rock del venidero s\u00e1bado. <\/p>\n\n\n\n<p>La grilla de actuaciones es: <br>&#8211; Don Ust\u00e9<br>&#8211; Ant\u00edpodas<br>&#8211; El Motivo<br>&#8211; Doble Carolina<br>&#8211; Nuevo Ser<br>&#8211; Rockanrolla<br>&#8211; Los Plasher<br>&#8211; Maldita M\u00e1quina<br>&#8211; Gran Lady<br>&#8211; Da Skate <br>&#8211; Massacre<br> \u00a0<\/p>\n","protected":false},"excerpt":{"rendered":"<p>Desde el Municipio de Mercedes comunicaron el orden en el que actuar\u00e1n las bandas locales en el Mercedes Rock del d\u00eda s\u00e1bado 5 de noviembre.<\/p>\n","protected":false},"author":1,"featured_media":154894,"comment_status":"closed","ping_status":"open","sticky":false,"template":"","format":"standard","meta":{"_monsterinsights_skip_tracking":false,"_monsterinsights_sitenote_active":false,"_monsterinsights_sitenote_note":"","_monsterinsights_sitenote_category":0,"jetpack_post_was_ever_published":false,"_jetpack_newsletter_access":"","_jetpack_dont_email_post_to_subs":false,"_jetpack_newsletter_tier_id":0,"_jetpack_memberships_contains_paywalled_content":false,"_jetpack_memberships_contains_paid_content":false,"footnotes":"","jetpack_publicize_message":"","jetpack_publicize_feature_enabled":true,"jetpack_social_post_already_shared":true,"jetpack_social_options":{"image_generator_settings":{"template":"highway","default_image_id":0,"font":"","enabled":false},"version":2},"_wpas_customize_per_network":false},"categories":[104,8],"tags":[7805,244],"class_list":["post-154893","post","type-post","status-publish","format-standard","has-post-thumbnail","hentry","category-cultura","category-sociedad","tag-cultura","tag-municipio-2","generate-columns","tablet-grid-50","mobile-grid-100","grid-parent","grid-50"],"jetpack_publicize_connections":[],"jetpack_featured_media_url":"https:\/\/www.hoymercedes.com.ar\/principal\/wp-content\/uploads\/2022\/11\/DSC01831.jpg","wps_subtitle":"","jetpack_sharing_enabled":true,"_links":{"self":[{"href":"https:\/\/www.hoymercedes.com.ar\/principal\/wp-json\/wp\/v2\/posts\/154893","targetHints":{"allow":["GET"]}}],"collection":[{"href":"https:\/\/www.hoymercedes.com.ar\/principal\/wp-json\/wp\/v2\/posts"}],"about":[{"href":"https:\/\/www.hoymercedes.com.ar\/principal\/wp-json\/wp\/v2\/types\/post"}],"author":[{"embeddable":true,"href":"https:\/\/www.hoymercedes.com.ar\/principal\/wp-json\/wp\/v2\/users\/1"}],"replies":[{"embeddable":true,"href":"https:\/\/www.hoymercedes.com.ar\/principal\/wp-json\/wp\/v2\/comments?post=154893"}],"version-history":[{"count":0,"href":"https:\/\/www.hoymercedes.com.ar\/principal\/wp-json\/wp\/v2\/posts\/154893\/revisions"}],"wp:featuredmedia":[{"embeddable":true,"href":"https:\/\/www.hoymercedes.com.ar\/principal\/wp-json\/wp\/v2\/media\/154894"}],"wp:attachment":[{"href":"https:\/\/www.hoymercedes.com.ar\/principal\/wp-json\/wp\/v2\/media?parent=154893"}],"wp:term":[{"taxonomy":"category","embeddable":true,"href":"https:\/\/www.hoymercedes.com.ar\/principal\/wp-json\/wp\/v2\/categories?post=154893"},{"taxonomy":"post_tag","embeddable":true,"href":"https:\/\/www.hoymercedes.com.ar\/principal\/wp-json\/wp\/v2\/tags?post=154893"}],"curies":[{"name":"wp","href":"https:\/\/api.w.org\/{rel}","templated":true}]}}