{"id":154911,"date":"2022-11-02T20:39:26","date_gmt":"2022-11-02T23:39:26","guid":{"rendered":"https:\/\/www.hoymercedes.com.ar\/principal\/?p=154911"},"modified":"2022-11-02T20:39:28","modified_gmt":"2022-11-02T23:39:28","slug":"estreno-teatral-llega-el-acompanamiento-al-talia","status":"publish","type":"post","link":"https:\/\/www.hoymercedes.com.ar\/principal\/2022\/11\/02\/estreno-teatral-llega-el-acompanamiento-al-talia\/","title":{"rendered":"Estreno teatral: llega El Acompa\u00f1amiento al Tal\u00eda"},"content":{"rendered":"\n<p>En la sala del Teatro Tal\u00eda, el s\u00e1bado 5 de noviembre, se estrena la puesta de un cl\u00e1sico del teatro nacional. Ricardo Boffi y Dar\u00edo Brenna suben al escenario para presentar \u00abEl Acompa\u00f1amiento\u00bb de Carlos Gorostiza. La funci\u00f3n es a la hora 20 y repetir\u00e1n el jueves 10. Las entradas anticipadas se pueden reservar. <\/p>\n\n\n<div class=\"wp-block-image\">\n<figure class=\"aligncenter size-full\"><img loading=\"lazy\" decoding=\"async\" width=\"512\" height=\"640\" data-attachment-id=\"154912\" data-permalink=\"https:\/\/www.hoymercedes.com.ar\/principal\/2022\/11\/02\/estreno-teatral-llega-el-acompanamiento-al-talia\/acompanamiento\/#main\" data-orig-file=\"https:\/\/www.hoymercedes.com.ar\/principal\/wp-content\/uploads\/2022\/11\/acompanamiento.jpg\" data-orig-size=\"512,640\" data-comments-opened=\"0\" data-image-meta=\"{&quot;aperture&quot;:&quot;0&quot;,&quot;credit&quot;:&quot;&quot;,&quot;camera&quot;:&quot;&quot;,&quot;caption&quot;:&quot;&quot;,&quot;created_timestamp&quot;:&quot;0&quot;,&quot;copyright&quot;:&quot;&quot;,&quot;focal_length&quot;:&quot;0&quot;,&quot;iso&quot;:&quot;0&quot;,&quot;shutter_speed&quot;:&quot;0&quot;,&quot;title&quot;:&quot;&quot;,&quot;orientation&quot;:&quot;0&quot;}\" data-image-title=\"acompa\u00f1amiento\" data-image-description=\"\" data-image-caption=\"\" data-large-file=\"https:\/\/www.hoymercedes.com.ar\/principal\/wp-content\/uploads\/2022\/11\/acompanamiento.jpg\" src=\"https:\/\/www.hoymercedes.com.ar\/principal\/wp-content\/uploads\/2022\/11\/acompanamiento.jpg\" alt=\"\" class=\"wp-image-154912\" srcset=\"https:\/\/www.hoymercedes.com.ar\/principal\/wp-content\/uploads\/2022\/11\/acompanamiento.jpg 512w, https:\/\/www.hoymercedes.com.ar\/principal\/wp-content\/uploads\/2022\/11\/acompanamiento-496x620.jpg 496w, https:\/\/www.hoymercedes.com.ar\/principal\/wp-content\/uploads\/2022\/11\/acompanamiento-120x150.jpg 120w\" sizes=\"auto, (max-width: 512px) 100vw, 512px\" \/><\/figure>\n<\/div>\n\n\n<p>\u00abEl Acompa\u00f1amiento\u00bb es una obra que Gorostiza sum\u00f3 en el marco del ciclo Teatro Abierto en 1981. Tuco y Sebasti\u00e1n son dos amigos. Uno de ellos, cantante de tangos frustrado, busca cumplir su deseo y ensaya largos d\u00edas para concretar su sue\u00f1o. Su amigo, intenta convencerlo para que retome su trabajo en la f\u00e1brica. <\/p>\n\n\n\n<p>Debido a esta visita se inicia una profunda trama donde se plantean cuestiones universales como la libertad, el valor de los sue\u00f1os, el significado del \u00e9xito y del fracaso, el peso de las decisiones y la verdad que puede esconderse detr\u00e1s de la locura<\/p>\n\n\n\n<p>La puesta teatral con elenco local, se presentar\u00e1 el 5 y el 10 de noviembre. Las entradas se pueden conseguir anticipadas o reservar a los tel\u00e9fonos que figuran en el afiche. <br><\/p>\n","protected":false},"excerpt":{"rendered":"<p>Ricardo Boffi y Dar\u00edo Brenna suben al escenario del Teatro Tal\u00eda para presentar \u00abEl Acompa\u00f1amiento\u00bb de Carlos Gorostiza. <\/p>\n","protected":false},"author":1,"featured_media":154913,"comment_status":"closed","ping_status":"open","sticky":false,"template":"","format":"standard","meta":{"_monsterinsights_skip_tracking":false,"_monsterinsights_sitenote_active":false,"_monsterinsights_sitenote_note":"","_monsterinsights_sitenote_category":0,"jetpack_post_was_ever_published":false,"_jetpack_newsletter_access":"","_jetpack_dont_email_post_to_subs":false,"_jetpack_newsletter_tier_id":0,"_jetpack_memberships_contains_paywalled_content":false,"_jetpack_memberships_contains_paid_content":false,"footnotes":"","jetpack_publicize_message":"","jetpack_publicize_feature_enabled":true,"jetpack_social_post_already_shared":true,"jetpack_social_options":{"image_generator_settings":{"template":"highway","default_image_id":0,"font":"","enabled":false},"version":2},"_wpas_customize_per_network":false},"categories":[104],"tags":[7805],"class_list":["post-154911","post","type-post","status-publish","format-standard","has-post-thumbnail","hentry","category-cultura","tag-cultura","generate-columns","tablet-grid-50","mobile-grid-100","grid-parent","grid-50"],"jetpack_publicize_connections":[],"jetpack_featured_media_url":"https:\/\/www.hoymercedes.com.ar\/principal\/wp-content\/uploads\/2022\/11\/acompanamiento2.jpg","wps_subtitle":"","jetpack_sharing_enabled":true,"_links":{"self":[{"href":"https:\/\/www.hoymercedes.com.ar\/principal\/wp-json\/wp\/v2\/posts\/154911","targetHints":{"allow":["GET"]}}],"collection":[{"href":"https:\/\/www.hoymercedes.com.ar\/principal\/wp-json\/wp\/v2\/posts"}],"about":[{"href":"https:\/\/www.hoymercedes.com.ar\/principal\/wp-json\/wp\/v2\/types\/post"}],"author":[{"embeddable":true,"href":"https:\/\/www.hoymercedes.com.ar\/principal\/wp-json\/wp\/v2\/users\/1"}],"replies":[{"embeddable":true,"href":"https:\/\/www.hoymercedes.com.ar\/principal\/wp-json\/wp\/v2\/comments?post=154911"}],"version-history":[{"count":0,"href":"https:\/\/www.hoymercedes.com.ar\/principal\/wp-json\/wp\/v2\/posts\/154911\/revisions"}],"wp:featuredmedia":[{"embeddable":true,"href":"https:\/\/www.hoymercedes.com.ar\/principal\/wp-json\/wp\/v2\/media\/154913"}],"wp:attachment":[{"href":"https:\/\/www.hoymercedes.com.ar\/principal\/wp-json\/wp\/v2\/media?parent=154911"}],"wp:term":[{"taxonomy":"category","embeddable":true,"href":"https:\/\/www.hoymercedes.com.ar\/principal\/wp-json\/wp\/v2\/categories?post=154911"},{"taxonomy":"post_tag","embeddable":true,"href":"https:\/\/www.hoymercedes.com.ar\/principal\/wp-json\/wp\/v2\/tags?post=154911"}],"curies":[{"name":"wp","href":"https:\/\/api.w.org\/{rel}","templated":true}]}}