{"id":154932,"date":"2022-11-03T12:28:52","date_gmt":"2022-11-03T15:28:52","guid":{"rendered":"https:\/\/www.hoymercedes.com.ar\/principal\/?p=154932"},"modified":"2022-11-03T12:30:18","modified_gmt":"2022-11-03T15:30:18","slug":"hospital-dubarry-abre-inscripcion-para-un-taller-de-neurodesarrollo","status":"publish","type":"post","link":"https:\/\/www.hoymercedes.com.ar\/principal\/2022\/11\/03\/hospital-dubarry-abre-inscripcion-para-un-taller-de-neurodesarrollo\/","title":{"rendered":"Hospital Dubarry abre inscripci\u00f3n para un taller de neurodesarrollo"},"content":{"rendered":"\n<p>El equipo de Neurodesarrollo del Hospital Dubarry hace pr\u00e1cticamente un a\u00f1o que viene funcionando en el hospital y en este tiempo\u00a0 est\u00e1n integrando una red de entidades sanitarias p\u00fablicas realizando un taller de CST: un programa para cuidadores impulsado por la Organizaci\u00f3n Mundial de la Salud y Proyecto ECHO.\u00a0\u00a0<\/p>\n\n\n<div class=\"wp-block-image\">\n<figure class=\"aligncenter size-full\"><img loading=\"lazy\" decoding=\"async\" width=\"800\" height=\"534\" data-attachment-id=\"154933\" data-permalink=\"https:\/\/www.hoymercedes.com.ar\/principal\/2022\/11\/03\/hospital-dubarry-abre-inscripcion-para-un-taller-de-neurodesarrollo\/whatsapp-image-2022-11-03-at-11-59-03\/#main\" data-orig-file=\"https:\/\/www.hoymercedes.com.ar\/principal\/wp-content\/uploads\/2022\/11\/WhatsApp-Image-2022-11-03-at-11.59.03.jpeg\" data-orig-size=\"800,534\" data-comments-opened=\"0\" data-image-meta=\"{&quot;aperture&quot;:&quot;0&quot;,&quot;credit&quot;:&quot;&quot;,&quot;camera&quot;:&quot;&quot;,&quot;caption&quot;:&quot;&quot;,&quot;created_timestamp&quot;:&quot;1667477401&quot;,&quot;copyright&quot;:&quot;&quot;,&quot;focal_length&quot;:&quot;0&quot;,&quot;iso&quot;:&quot;0&quot;,&quot;shutter_speed&quot;:&quot;0&quot;,&quot;title&quot;:&quot;&quot;,&quot;orientation&quot;:&quot;1&quot;}\" data-image-title=\"WhatsApp Image 2022-11-03 at 11.59.03\" data-image-description=\"\" data-image-caption=\"\" data-large-file=\"https:\/\/www.hoymercedes.com.ar\/principal\/wp-content\/uploads\/2022\/11\/WhatsApp-Image-2022-11-03-at-11.59.03.jpeg\" src=\"https:\/\/www.hoymercedes.com.ar\/principal\/wp-content\/uploads\/2022\/11\/WhatsApp-Image-2022-11-03-at-11.59.03.jpeg\" alt=\"\" class=\"wp-image-154933\" srcset=\"https:\/\/www.hoymercedes.com.ar\/principal\/wp-content\/uploads\/2022\/11\/WhatsApp-Image-2022-11-03-at-11.59.03.jpeg 800w, https:\/\/www.hoymercedes.com.ar\/principal\/wp-content\/uploads\/2022\/11\/WhatsApp-Image-2022-11-03-at-11.59.03-630x421.jpeg 630w, https:\/\/www.hoymercedes.com.ar\/principal\/wp-content\/uploads\/2022\/11\/WhatsApp-Image-2022-11-03-at-11.59.03-150x100.jpeg 150w\" sizes=\"auto, (max-width: 800px) 100vw, 800px\" \/><\/figure>\n<\/div>\n\n\n<p>La fonoaudi\u00f3loga Brenda Duffy comenta: \u201cse trabaj\u00f3 este a\u00f1o con talleres virtuales a trav\u00e9s de Zoom, son 8 encuentros que duran aproximadamente. 2 horas y media, en las\u00a0 \u00e1reas deficitarias de los ni\u00f1os, con los padres y luego se hacen encuentros individuales para ver c\u00f3mo transitan\u00a0 esos aprendizajes\u201d y agrega \u201ces una experiencia enriquecedora\u201d.\u00a0\u00a0<\/p>\n\n\n\n<p>El taller, que este a\u00f1o trabaj\u00f3 con 14 familias, apunta a brindar estrategias destinadas a mejorar habilidades en ni\u00f1os con desaf\u00edos en el desarrollo. La Terapista Ocupacional, Delfina Ajo, explica que \u201clos padres adquieren herramientas para poder trabajar en la casa y en el hogar\u00a0 y en todos los espacios de acci\u00f3n de los ni\u00f1os, distintas estrategias para favorecer la independencia de los ni\u00f1os y tambi\u00e9n el v\u00ednculo con los padres.\u201d\u00a0<\/p>\n\n\n\n<p>\u201cEs una capacitaci\u00f3n que nos est\u00e1n haciendo desde hospitales de Buenos Aires. Esta t\u00e9cnica forma parte de una gran red de entidades p\u00fablicas\u201d explica Duffy y se\u00f1ala que ya est\u00e1 abierta la inscripci\u00f3n para el taller que se dar\u00e1 el a\u00f1o pr\u00f3ximo.\u00a8Para ello, deben contactarse al whatsapp 2324529975. La modalidad del taller es virtual y se requiere un compromiso de 80 por ciento m\u00ednimo de asistencias.&nbsp;<\/p>\n\n\n\n<p>El taller de acompa\u00f1antes es para ni\u00f1os de 2 a 6 a\u00f1os de edad inclusive y la capacidad del taller es de 10 familias por grupo y tiene una duraci\u00f3n de 2 meses y medio.&nbsp;<\/p>\n\n\n\n<p>\u201cSe trabaja la conducta, las actividades diarias, la comunicaci\u00f3n, el enganche entre padres y ni\u00f1os\u201d explica Ajo, integrante del equipo. Se realiza tambi\u00e9n una entrevista con el equipo para evaluar qu\u00e9 especialidades intervienen. Son cuatro encuentros durante la evaluaci\u00f3n y hay una devoluci\u00f3n.\u00a0<\/p>\n\n\n\n<p>Integrado por dos fonoaudi\u00f3logas, dos psicopedagogas, una terapista ocupacional, la unidad de neurodesarrollo se complementa con una m\u00e9dica pediatra, una kinesi\u00f3loga pedi\u00e1trica y una psiquiatra infantil, el equipo atiende en el Segundo Piso, frente a la internaci\u00f3n de pediatr\u00eda.\u00a0La unidad de Neurodesarrollo atiende por la ma\u00f1ana y siempre hay alguien del equipo para dar una respuesta a cualquier consulta.\u00a0<\/p>\n","protected":false},"excerpt":{"rendered":"<p>El equipo de Neurodesarrollo del Hospital Dubarry abre inscripci\u00f3n para participar de un taller de CST orientados a familias y cuidadores de ni\u00f1os de 2 a 6 a\u00f1os con problem\u00e1ticas del neurodesarrollo. <\/p>\n","protected":false},"author":1,"featured_media":154933,"comment_status":"closed","ping_status":"open","sticky":false,"template":"","format":"standard","meta":{"_monsterinsights_skip_tracking":false,"_monsterinsights_sitenote_active":false,"_monsterinsights_sitenote_note":"","_monsterinsights_sitenote_category":0,"jetpack_post_was_ever_published":false,"_jetpack_newsletter_access":"","_jetpack_dont_email_post_to_subs":false,"_jetpack_newsletter_tier_id":0,"_jetpack_memberships_contains_paywalled_content":false,"_jetpack_memberships_contains_paid_content":false,"footnotes":"","jetpack_publicize_message":"","jetpack_publicize_feature_enabled":true,"jetpack_social_post_already_shared":true,"jetpack_social_options":{"image_generator_settings":{"template":"highway","default_image_id":0,"font":"","enabled":false},"version":2},"_wpas_customize_per_network":false},"categories":[8],"tags":[],"class_list":["post-154932","post","type-post","status-publish","format-standard","has-post-thumbnail","hentry","category-sociedad","generate-columns","tablet-grid-50","mobile-grid-100","grid-parent","grid-50"],"jetpack_publicize_connections":[],"jetpack_featured_media_url":"https:\/\/www.hoymercedes.com.ar\/principal\/wp-content\/uploads\/2022\/11\/WhatsApp-Image-2022-11-03-at-11.59.03.jpeg","wps_subtitle":"","jetpack_sharing_enabled":true,"_links":{"self":[{"href":"https:\/\/www.hoymercedes.com.ar\/principal\/wp-json\/wp\/v2\/posts\/154932","targetHints":{"allow":["GET"]}}],"collection":[{"href":"https:\/\/www.hoymercedes.com.ar\/principal\/wp-json\/wp\/v2\/posts"}],"about":[{"href":"https:\/\/www.hoymercedes.com.ar\/principal\/wp-json\/wp\/v2\/types\/post"}],"author":[{"embeddable":true,"href":"https:\/\/www.hoymercedes.com.ar\/principal\/wp-json\/wp\/v2\/users\/1"}],"replies":[{"embeddable":true,"href":"https:\/\/www.hoymercedes.com.ar\/principal\/wp-json\/wp\/v2\/comments?post=154932"}],"version-history":[{"count":0,"href":"https:\/\/www.hoymercedes.com.ar\/principal\/wp-json\/wp\/v2\/posts\/154932\/revisions"}],"wp:featuredmedia":[{"embeddable":true,"href":"https:\/\/www.hoymercedes.com.ar\/principal\/wp-json\/wp\/v2\/media\/154933"}],"wp:attachment":[{"href":"https:\/\/www.hoymercedes.com.ar\/principal\/wp-json\/wp\/v2\/media?parent=154932"}],"wp:term":[{"taxonomy":"category","embeddable":true,"href":"https:\/\/www.hoymercedes.com.ar\/principal\/wp-json\/wp\/v2\/categories?post=154932"},{"taxonomy":"post_tag","embeddable":true,"href":"https:\/\/www.hoymercedes.com.ar\/principal\/wp-json\/wp\/v2\/tags?post=154932"}],"curies":[{"name":"wp","href":"https:\/\/api.w.org\/{rel}","templated":true}]}}