{"id":154983,"date":"2022-11-04T11:06:00","date_gmt":"2022-11-04T14:06:00","guid":{"rendered":"https:\/\/www.hoymercedes.com.ar\/principal\/?p=154983"},"modified":"2022-11-04T08:59:54","modified_gmt":"2022-11-04T11:59:54","slug":"tres-emprendedoras-locales-son-propuestas-para-el-premio-mujer-empresaria-bonaerense","status":"publish","type":"post","link":"https:\/\/www.hoymercedes.com.ar\/principal\/2022\/11\/04\/tres-emprendedoras-locales-son-propuestas-para-el-premio-mujer-empresaria-bonaerense\/","title":{"rendered":"Tres emprendedoras locales son propuestas para el Premio Mujer Empresaria Bonaerense"},"content":{"rendered":"\n<p>Desde la C\u00e1mara Econ\u00f3mica Mercedina anunciaron qui\u00e9nes son las emprendedoras locales propuestas para el Premio Mujeres Empresarias Bonaerenses, en su s\u00e9ptima edici\u00f3n. En esta oportunidad, postularon a Juliana Lucchini de Basta Providencia para la categor\u00eda \u00abInnovaci\u00f3n\u00bb; Graciela Slootmans de GRAMA Eventos para la categor\u00eda \u00abEmpresa Resiliente\u00bb y a Cecilia Martinez de Peperina en la categor\u00eda \u00abComercio Local\u00bb. <\/p>\n\n\n<div class=\"wp-block-image\">\n<figure class=\"aligncenter size-full\"><img loading=\"lazy\" decoding=\"async\" width=\"723\" height=\"482\" data-attachment-id=\"154990\" data-permalink=\"https:\/\/www.hoymercedes.com.ar\/principal\/2022\/11\/04\/tres-emprendedoras-locales-son-propuestas-para-el-premio-mujer-empresaria-bonaerense\/mujeres-cem-premios-2\/#main\" data-orig-file=\"https:\/\/www.hoymercedes.com.ar\/principal\/wp-content\/uploads\/2022\/11\/Mujeres-CEM-premios-2.jpeg\" data-orig-size=\"723,482\" data-comments-opened=\"0\" data-image-meta=\"{&quot;aperture&quot;:&quot;0&quot;,&quot;credit&quot;:&quot;&quot;,&quot;camera&quot;:&quot;&quot;,&quot;caption&quot;:&quot;&quot;,&quot;created_timestamp&quot;:&quot;1667550232&quot;,&quot;copyright&quot;:&quot;&quot;,&quot;focal_length&quot;:&quot;0&quot;,&quot;iso&quot;:&quot;0&quot;,&quot;shutter_speed&quot;:&quot;0&quot;,&quot;title&quot;:&quot;&quot;,&quot;orientation&quot;:&quot;1&quot;}\" data-image-title=\"Mujeres CEM premios 2\" data-image-description=\"\" data-image-caption=\"\" data-large-file=\"https:\/\/www.hoymercedes.com.ar\/principal\/wp-content\/uploads\/2022\/11\/Mujeres-CEM-premios-2.jpeg\" src=\"https:\/\/www.hoymercedes.com.ar\/principal\/wp-content\/uploads\/2022\/11\/Mujeres-CEM-premios-2.jpeg\" alt=\"\" class=\"wp-image-154990\" srcset=\"https:\/\/www.hoymercedes.com.ar\/principal\/wp-content\/uploads\/2022\/11\/Mujeres-CEM-premios-2.jpeg 723w, https:\/\/www.hoymercedes.com.ar\/principal\/wp-content\/uploads\/2022\/11\/Mujeres-CEM-premios-2-630x420.jpeg 630w, https:\/\/www.hoymercedes.com.ar\/principal\/wp-content\/uploads\/2022\/11\/Mujeres-CEM-premios-2-150x100.jpeg 150w\" sizes=\"auto, (max-width: 723px) 100vw, 723px\" \/><figcaption class=\"wp-element-caption\">Presentaci\u00f3n de las tres postulantes locales para el Premio Mujer Empresaria Bonaerense<\/figcaption><\/figure>\n<\/div>\n\n\n<p>En el marco de una nueva reuni\u00f3n de la Subcomisi\u00f3n de Mujeres de la C\u00e1mara Econ\u00f3mica Mercedina (CEM) realizada en la noche del jueves, la presidenta de la instituci\u00f3n Paula Arretche y la coordinadora de la subcomisi\u00f3n Natalia Facciolo presentaron a las tres mujeres empresarias y emprendedoras de Mercedes que representar\u00e1n a la CEM en el Premio Mujer Empresaria Bonaerense que entrega la comisi\u00f3n de Mujeres de FEBA, la Federaci\u00f3n Empresarial de la provincia de Buenos Aires. <\/p>\n\n\n\n<p>En un sal\u00f3n de fiestas de Tom\u00e1s Jofr\u00e9, Arretche y Facciolo fueron presentando a las tres postulantes: Juliana Lucchini de Basta Providencia; Graciela Slootmans de GRAMA Eventos y a Cecilia Martinez de Peperina. Cada una de ellas a su turno cont\u00f3 la experiencia en sus a\u00f1os de trabajo como emprededoras, comerciantes y empresarias. <\/p>\n\n\n\n<p>Juliana Lucchini de Basta Providencia fue postulada para la categor\u00eda \u00abInnovaci\u00f3n\u00bb. Aqu\u00ed se premia a mujeres que desarrollaron nuevas pymes o supieron readaptar su producci\u00f3n o modelo de negocios para ofrecer un producto vinculado a la demanda de los tiempos que corren. <\/p>\n\n\n\n<p>Por su parte, Graciela Slootmans de GRAMA Eventos es propuesta para la categor\u00eda \u00abEmpresa Resiliente\u00bb. Este premio se entreja a mujeres empresarias que tuvieron que adaptar sus empresas a un nuevo contexto, teniendo en cuenta las nuevas formas de consumo, modificando sus plataformas digitales o generando nuevos espacios para la difusi\u00f3n y comercializaci\u00f3n.<\/p>\n\n\n\n<p>Cecilia Martinez de Peperina se propone para la categor\u00eda \u00abComercio Local\u00bb. Esta categor\u00eda premia a las mujeres comerciantes, de trayectoria, que ante el nuevo contexto supieron revalorizar el comercio local, a trav\u00e9s de la atenci\u00f3n al p\u00fablico personalizada, generando impacto social y econ\u00f3mico y realizando actualizaciones en sus locales.<\/p>\n\n\n<div class=\"wp-block-image\">\n<figure class=\"aligncenter size-full\"><img loading=\"lazy\" decoding=\"async\" width=\"800\" height=\"600\" data-attachment-id=\"154991\" data-permalink=\"https:\/\/www.hoymercedes.com.ar\/principal\/2022\/11\/04\/tres-emprendedoras-locales-son-propuestas-para-el-premio-mujer-empresaria-bonaerense\/mujeres-cem-premios-1\/#main\" data-orig-file=\"https:\/\/www.hoymercedes.com.ar\/principal\/wp-content\/uploads\/2022\/11\/Mujeres-CEM-premios-1.jpeg\" data-orig-size=\"800,600\" data-comments-opened=\"0\" data-image-meta=\"{&quot;aperture&quot;:&quot;0&quot;,&quot;credit&quot;:&quot;&quot;,&quot;camera&quot;:&quot;&quot;,&quot;caption&quot;:&quot;&quot;,&quot;created_timestamp&quot;:&quot;0&quot;,&quot;copyright&quot;:&quot;&quot;,&quot;focal_length&quot;:&quot;0&quot;,&quot;iso&quot;:&quot;0&quot;,&quot;shutter_speed&quot;:&quot;0&quot;,&quot;title&quot;:&quot;&quot;,&quot;orientation&quot;:&quot;0&quot;}\" data-image-title=\"Mujeres CEM premios 1\" data-image-description=\"\" data-image-caption=\"\" data-large-file=\"https:\/\/www.hoymercedes.com.ar\/principal\/wp-content\/uploads\/2022\/11\/Mujeres-CEM-premios-1.jpeg\" src=\"https:\/\/www.hoymercedes.com.ar\/principal\/wp-content\/uploads\/2022\/11\/Mujeres-CEM-premios-1.jpeg\" alt=\"\" class=\"wp-image-154991\" srcset=\"https:\/\/www.hoymercedes.com.ar\/principal\/wp-content\/uploads\/2022\/11\/Mujeres-CEM-premios-1.jpeg 800w, https:\/\/www.hoymercedes.com.ar\/principal\/wp-content\/uploads\/2022\/11\/Mujeres-CEM-premios-1-630x473.jpeg 630w, https:\/\/www.hoymercedes.com.ar\/principal\/wp-content\/uploads\/2022\/11\/Mujeres-CEM-premios-1-150x113.jpeg 150w\" sizes=\"auto, (max-width: 800px) 100vw, 800px\" \/><figcaption class=\"wp-element-caption\">Las tres empresarias postuladas junto a la ganadora del 2020 Telma Battista y a la presidenta de la CEM y la coordinadora de la Subcomisi\u00f3n de Mujeres CEM, Paula Arretche y Natalia Facciolo.<\/figcaption><\/figure>\n<\/div>\n\n\n<p>Cabe destacar que MEFEBA tambi\u00e9n otorga premios a mujeres propuestas para las categor\u00edas: Empresa Resiliente, Responsabiliad Social Empresaria, Innovaci\u00f3n, Comercio Local y Nuevo Emprendimiento. Se trata de reconocer la labor de mujeres empresarias y emprendedoras de la provincia que hayan reformulado sus empresas buscando nuevas herramientas, capacit\u00e1ndose y articulando con nuevos actores para potenciar sus empresas y emprendimientos.<\/p>\n\n\n\n<p>En los pr\u00f3ximos d\u00edas ser\u00e1n anunciadas las finalistas al Premio Mujer Empresaria Bonaerense. Las tres mujeres ser\u00e1n seleccionadas entre otras mujeres empresarias de la provincia que representan a otras C\u00e1maras empresariales como la CEM. La entrega de los premios ser\u00e1 el 17 de noviembre, 18:30 horas, en un hotel de la ciudad de Buenos Aires. <\/p>\n\n\n<div class=\"wp-block-image\">\n<figure class=\"aligncenter size-full\"><img loading=\"lazy\" decoding=\"async\" width=\"800\" height=\"418\" data-attachment-id=\"154989\" data-permalink=\"https:\/\/www.hoymercedes.com.ar\/principal\/2022\/11\/04\/tres-emprendedoras-locales-son-propuestas-para-el-premio-mujer-empresaria-bonaerense\/mujeres-cem-premios-3\/#main\" data-orig-file=\"https:\/\/www.hoymercedes.com.ar\/principal\/wp-content\/uploads\/2022\/11\/Mujeres-CEM-premios-3.jpeg\" data-orig-size=\"800,418\" data-comments-opened=\"0\" data-image-meta=\"{&quot;aperture&quot;:&quot;0&quot;,&quot;credit&quot;:&quot;&quot;,&quot;camera&quot;:&quot;&quot;,&quot;caption&quot;:&quot;&quot;,&quot;created_timestamp&quot;:&quot;0&quot;,&quot;copyright&quot;:&quot;&quot;,&quot;focal_length&quot;:&quot;0&quot;,&quot;iso&quot;:&quot;0&quot;,&quot;shutter_speed&quot;:&quot;0&quot;,&quot;title&quot;:&quot;&quot;,&quot;orientation&quot;:&quot;0&quot;}\" data-image-title=\"Mujeres CEM premios 3\" data-image-description=\"\" data-image-caption=\"\" data-large-file=\"https:\/\/www.hoymercedes.com.ar\/principal\/wp-content\/uploads\/2022\/11\/Mujeres-CEM-premios-3.jpeg\" src=\"https:\/\/www.hoymercedes.com.ar\/principal\/wp-content\/uploads\/2022\/11\/Mujeres-CEM-premios-3.jpeg\" alt=\"\" class=\"wp-image-154989\" srcset=\"https:\/\/www.hoymercedes.com.ar\/principal\/wp-content\/uploads\/2022\/11\/Mujeres-CEM-premios-3.jpeg 800w, https:\/\/www.hoymercedes.com.ar\/principal\/wp-content\/uploads\/2022\/11\/Mujeres-CEM-premios-3-630x329.jpeg 630w, https:\/\/www.hoymercedes.com.ar\/principal\/wp-content\/uploads\/2022\/11\/Mujeres-CEM-premios-3-150x78.jpeg 150w\" sizes=\"auto, (max-width: 800px) 100vw, 800px\" \/><figcaption class=\"wp-element-caption\">Subcomisi\u00f3n de Mujeres de la C\u00e1mara Econ\u00f3mimca Mercedina<\/figcaption><\/figure>\n<\/div>","protected":false},"excerpt":{"rendered":"<p>La C\u00e1mara Econ\u00f3mica Mercedina anunci\u00f3 que postul\u00f3 a Juliana Lucchini de Basta Providencia; Graciela Slootmans de GRAMA Eventos y a Cecilia Martinez de Peperina para los Premios Mujer Empresaria Bonaerense que entrega todos los a\u00f1os las Mujeres Empresarias de la provincia de Buenos Aires (MEFEBA). <\/p>\n","protected":false},"author":1,"featured_media":154991,"comment_status":"closed","ping_status":"open","sticky":false,"template":"","format":"standard","meta":{"_monsterinsights_skip_tracking":false,"_monsterinsights_sitenote_active":false,"_monsterinsights_sitenote_note":"","_monsterinsights_sitenote_category":0,"jetpack_post_was_ever_published":false,"_jetpack_newsletter_access":"","_jetpack_dont_email_post_to_subs":false,"_jetpack_newsletter_tier_id":0,"_jetpack_memberships_contains_paywalled_content":false,"_jetpack_memberships_contains_paid_content":false,"footnotes":"","jetpack_publicize_message":"","jetpack_publicize_feature_enabled":true,"jetpack_social_post_already_shared":true,"jetpack_social_options":{"image_generator_settings":{"template":"highway","default_image_id":0,"font":"","enabled":false},"version":2},"_wpas_customize_per_network":false},"categories":[8],"tags":[7805,10],"class_list":["post-154983","post","type-post","status-publish","format-standard","has-post-thumbnail","hentry","category-sociedad","tag-cultura","tag-mercedes","generate-columns","tablet-grid-50","mobile-grid-100","grid-parent","grid-50"],"jetpack_publicize_connections":[],"jetpack_featured_media_url":"https:\/\/www.hoymercedes.com.ar\/principal\/wp-content\/uploads\/2022\/11\/Mujeres-CEM-premios-1.jpeg","wps_subtitle":"","jetpack_sharing_enabled":true,"_links":{"self":[{"href":"https:\/\/www.hoymercedes.com.ar\/principal\/wp-json\/wp\/v2\/posts\/154983","targetHints":{"allow":["GET"]}}],"collection":[{"href":"https:\/\/www.hoymercedes.com.ar\/principal\/wp-json\/wp\/v2\/posts"}],"about":[{"href":"https:\/\/www.hoymercedes.com.ar\/principal\/wp-json\/wp\/v2\/types\/post"}],"author":[{"embeddable":true,"href":"https:\/\/www.hoymercedes.com.ar\/principal\/wp-json\/wp\/v2\/users\/1"}],"replies":[{"embeddable":true,"href":"https:\/\/www.hoymercedes.com.ar\/principal\/wp-json\/wp\/v2\/comments?post=154983"}],"version-history":[{"count":0,"href":"https:\/\/www.hoymercedes.com.ar\/principal\/wp-json\/wp\/v2\/posts\/154983\/revisions"}],"wp:featuredmedia":[{"embeddable":true,"href":"https:\/\/www.hoymercedes.com.ar\/principal\/wp-json\/wp\/v2\/media\/154991"}],"wp:attachment":[{"href":"https:\/\/www.hoymercedes.com.ar\/principal\/wp-json\/wp\/v2\/media?parent=154983"}],"wp:term":[{"taxonomy":"category","embeddable":true,"href":"https:\/\/www.hoymercedes.com.ar\/principal\/wp-json\/wp\/v2\/categories?post=154983"},{"taxonomy":"post_tag","embeddable":true,"href":"https:\/\/www.hoymercedes.com.ar\/principal\/wp-json\/wp\/v2\/tags?post=154983"}],"curies":[{"name":"wp","href":"https:\/\/api.w.org\/{rel}","templated":true}]}}