{"id":155014,"date":"2022-11-05T15:51:00","date_gmt":"2022-11-05T18:51:00","guid":{"rendered":"https:\/\/www.hoymercedes.com.ar\/principal\/?p=155014"},"modified":"2022-11-05T14:58:42","modified_gmt":"2022-11-05T17:58:42","slug":"video-detienen-banda-y-esclarecen-ilicitos","status":"publish","type":"post","link":"https:\/\/www.hoymercedes.com.ar\/principal\/2022\/11\/05\/video-detienen-banda-y-esclarecen-ilicitos\/","title":{"rendered":"Video: detienen banda y esclarecen il\u00edcitos"},"content":{"rendered":"\n<figure class=\"wp-block-embed is-type-video is-provider-youtube wp-block-embed-youtube wp-embed-aspect-16-9 wp-has-aspect-ratio\"><div class=\"wp-block-embed__wrapper\">\n<span class=\"embed-youtube\" style=\"text-align:center; display: block;\"><iframe loading=\"lazy\" class=\"youtube-player\" width=\"1200\" height=\"675\" src=\"https:\/\/www.youtube.com\/embed\/eL6gX3LRvv0?version=3&#038;rel=1&#038;showsearch=0&#038;showinfo=1&#038;iv_load_policy=1&#038;fs=1&#038;hl=es-ES&#038;autohide=2&#038;wmode=transparent\" allowfullscreen=\"true\" style=\"border:0;\" sandbox=\"allow-scripts allow-same-origin allow-popups allow-presentation allow-popups-to-escape-sandbox\"><\/iframe><\/span>\n<\/div><\/figure>\n\n\n\n<p>La Polic\u00eda Comunal desde hace unos d\u00edas ven\u00eda investigando dos robos que se hab\u00edan cometido en nuestra ciudad, bajo la modalidad \u00abescruche\u00bb. Se contaba con registros f\u00edlmicos de c\u00e1maras del Centro de Monitoreo, testimonios y otras pistas que se fueron recabando.<\/p>\n\n\n\n<p>A trav\u00e9s de dicha informaci\u00f3n, se hab\u00edan identificado los veh\u00edculos en los que se desplazaban los malvivientes. De ese modo, se cargaron patentes en los lectores de LPR, los cuales este viernes dispararon la alerta de que los veh\u00edculos hab\u00edan ingresado a la ciudad, donde fueron detenidos 5 individuos. Confirmando as\u00ed que se trataba de una banda organizada, de influencia en la zona, y en la cual hac\u00edan part\u00edcipes a menores de edad.<\/p>\n\n\n\n<p>Los detenidos, en dos fuertes operativos, son oriundos de Villa Ballester (San Mart\u00edn).<\/p>\n\n\n\n<p><strong>Trama<\/strong><\/p>\n\n\n\n<p>D\u00edas atr\u00e1s se cometieron dos robos bajo modalidad \u201cescruche\u00bb. A partir de all\u00ed la Polic\u00eda Comunal inici\u00f3 la investigaci\u00f3n que incluy\u00f3 toma de testimonio, b\u00fasqueda por c\u00e1maras del Centro de Monitoreo, cruzamiento de datos con acontecimientos similares en la zona y emisi\u00f3n de alertas.<\/p>\n\n\n\n<p>A todo eso se incrementaron los operativos en los accesos a la ciudad con la firme convicci\u00f3n de que ten\u00edan pistas s\u00f3lidas en una tarea en conjunto entre la Secretar\u00eda de Seguridad, la justicia y el impulso de la Polic\u00eda Comunal.<\/p>\n\n\n\n<p><strong>1\u00ba detenci\u00f3n<\/strong><\/p>\n\n\n\n<p>El lector de LPR de uno de los accesos a la ciudad detect\u00f3 el ingreso de una de las patentes que era rastreada sospechada de il\u00edcito. R\u00e1pidamente un m\u00f3vil que estaba en ruta inici\u00f3 el seguimiento y mientras otros del casco urbano inician el rastreo. En avenida 30 y avenida 1 lo interceptan, detienen y comienza la identificaci\u00f3n.<\/p>\n\n\n\n<p>A todo eso inician la b\u00fasqueda de im\u00e1genes en el Centro de Monitoreo y determinan que hab\u00eda un segundo auto que era sospechoso. Siendo as\u00ed empiezan un rastrillaje muy amplio.<\/p>\n\n\n\n<p>De la primera detenci\u00f3n fueron aprehendidos dos masculinos mayores de edad y un menor.<\/p>\n\n\n\n<p><strong>2\u00ba detenci\u00f3n<\/strong><\/p>\n\n\n\n<p>La b\u00fasqueda por c\u00e1maras municipales y rastrillajes permite detener al segundo veh\u00edculo involucrado que hab\u00eda despertado las alertas de la Polic\u00eda Comunal. En calle 11 y 30 identifican el auto buscado. Lo detienen y se confirma lo que la polic\u00eda cre\u00eda. Estaba como \u201capoyo\u201d del ya detenido, o viceversa, pero si quedaba claro que actuaban en pareja.&nbsp; En esta ocasi\u00f3n son 2 mayores de edad.<\/p>\n\n\n\n<p><strong>Detenciones<\/strong><\/p>\n\n\n\n<p>La r\u00e1pida acci\u00f3n y ambas detenciones permitieron retener algunos objetos como mochilas, tel\u00e9fonos m\u00f3viles, barretas para forzar puertas o ventanas y otros elementos que ahora son parte de la intervenci\u00f3n judicial que se inicia.<\/p>\n\n\n\n<p><strong>Casos<\/strong><\/p>\n\n\n\n<p>Recientemente dos casos resonaron en la ciudad. Hubo dos ingresos a vivienda en ausencia de sus moradores. Uno a un hombre y otro a una mujer. Ambos dieron pie a una profunda investigaci\u00f3n que lleg\u00f3 a los investigadores incluso a movilizarse a otras ciudades y a la b\u00fasqueda de c\u00e1maras en peajes de acceso al conurbano. Pruebas e indicios que permitieron cargar las patentes sospechadas en los lectores. Hoy finalmente el caso se resuelve.<\/p>\n\n\n\n<p>La detenci\u00f3n de esta posible banda esclarece hechos recientes, con gran inmediatez, pero da inicio al tejido de otros acontecimientos en la ciudad y la regi\u00f3n que son con modalidades similares.<\/p>\n\n\n\n<p>Al respecto, el secretario de seguridad Gonzalo Anselmo expres\u00f3: \u00abfelicito a todos los actores involucrados por el profesionalismo en su accionar, tanto al personal policial, como a los funcionarios judiciales que investigan el caso, y al personal de nuestro centro de monitoreo. Ahora los delincuentes est\u00e1n donde tienen que estar: tras las rejas\u00bb.<\/p>\n","protected":false},"excerpt":{"rendered":"<p>La Polic\u00eda Comunal desde hace unos d\u00edas ven\u00eda investigando dos robos que se hab\u00edan cometido en nuestra ciudad, bajo la &#8230; <a title=\"Video: detienen banda y esclarecen il\u00edcitos\" class=\"read-more\" href=\"https:\/\/www.hoymercedes.com.ar\/principal\/2022\/11\/05\/video-detienen-banda-y-esclarecen-ilicitos\/\" aria-label=\"Leer m\u00e1s sobre Video: detienen banda y esclarecen il\u00edcitos\">Leer m\u00e1s<\/a><\/p>\n","protected":false},"author":1,"featured_media":155015,"comment_status":"closed","ping_status":"open","sticky":false,"template":"","format":"standard","meta":{"_monsterinsights_skip_tracking":false,"_monsterinsights_sitenote_active":false,"_monsterinsights_sitenote_note":"","_monsterinsights_sitenote_category":0,"jetpack_post_was_ever_published":false,"_jetpack_newsletter_access":"","_jetpack_dont_email_post_to_subs":false,"_jetpack_newsletter_tier_id":0,"_jetpack_memberships_contains_paywalled_content":false,"_jetpack_memberships_contains_paid_content":false,"footnotes":"","jetpack_publicize_message":"","jetpack_publicize_feature_enabled":true,"jetpack_social_post_already_shared":true,"jetpack_social_options":{"image_generator_settings":{"template":"highway","default_image_id":0,"font":"","enabled":false},"version":2},"_wpas_customize_per_network":false},"categories":[85],"tags":[11723,16116,5766,1793,14516],"class_list":["post-155014","post","type-post","status-publish","format-standard","has-post-thumbnail","hentry","category-policial","tag-desbaratan-banda","tag-gonzalo-anselmo","tag-policia-comunal","tag-robos","tag-secretaria-de-seguridad-2","generate-columns","tablet-grid-50","mobile-grid-100","grid-parent","grid-50"],"jetpack_publicize_connections":[],"jetpack_featured_media_url":"https:\/\/www.hoymercedes.com.ar\/principal\/wp-content\/uploads\/2022\/11\/WhatsApp-Image-2022-11-04-at-21.58.35.jpeg","wps_subtitle":"Actuaci\u00f3n policial ","jetpack_sharing_enabled":true,"_links":{"self":[{"href":"https:\/\/www.hoymercedes.com.ar\/principal\/wp-json\/wp\/v2\/posts\/155014","targetHints":{"allow":["GET"]}}],"collection":[{"href":"https:\/\/www.hoymercedes.com.ar\/principal\/wp-json\/wp\/v2\/posts"}],"about":[{"href":"https:\/\/www.hoymercedes.com.ar\/principal\/wp-json\/wp\/v2\/types\/post"}],"author":[{"embeddable":true,"href":"https:\/\/www.hoymercedes.com.ar\/principal\/wp-json\/wp\/v2\/users\/1"}],"replies":[{"embeddable":true,"href":"https:\/\/www.hoymercedes.com.ar\/principal\/wp-json\/wp\/v2\/comments?post=155014"}],"version-history":[{"count":0,"href":"https:\/\/www.hoymercedes.com.ar\/principal\/wp-json\/wp\/v2\/posts\/155014\/revisions"}],"wp:featuredmedia":[{"embeddable":true,"href":"https:\/\/www.hoymercedes.com.ar\/principal\/wp-json\/wp\/v2\/media\/155015"}],"wp:attachment":[{"href":"https:\/\/www.hoymercedes.com.ar\/principal\/wp-json\/wp\/v2\/media?parent=155014"}],"wp:term":[{"taxonomy":"category","embeddable":true,"href":"https:\/\/www.hoymercedes.com.ar\/principal\/wp-json\/wp\/v2\/categories?post=155014"},{"taxonomy":"post_tag","embeddable":true,"href":"https:\/\/www.hoymercedes.com.ar\/principal\/wp-json\/wp\/v2\/tags?post=155014"}],"curies":[{"name":"wp","href":"https:\/\/api.w.org\/{rel}","templated":true}]}}