{"id":155025,"date":"2022-11-05T16:38:30","date_gmt":"2022-11-05T19:38:30","guid":{"rendered":"https:\/\/www.hoymercedes.com.ar\/principal\/?p=155025"},"modified":"2022-11-05T16:38:33","modified_gmt":"2022-11-05T19:38:33","slug":"gran-preocupacion-entre-los-matriculados-del-colegio-de-arquitectos","status":"publish","type":"post","link":"https:\/\/www.hoymercedes.com.ar\/principal\/2022\/11\/05\/gran-preocupacion-entre-los-matriculados-del-colegio-de-arquitectos\/","title":{"rendered":"Gran preocupaci\u00f3n entre los matriculados del Colegio de Arquitectos"},"content":{"rendered":"\n<p><strong><em>Arquitectos de distintos distritos de la provincia de Buenos Aires, manifestaron su profunda preocupaci\u00f3n por la inobservancia de parte de la junta electoral provincial del reglamento electoral como as\u00ed tambi\u00e9n, de los reclamos de las juntas electorales distritales.<\/em><\/strong><\/p>\n\n\n<div class=\"wp-block-image\">\n<figure class=\"aligncenter size-full\"><img loading=\"lazy\" decoding=\"async\" width=\"673\" height=\"505\" data-attachment-id=\"155026\" data-permalink=\"https:\/\/www.hoymercedes.com.ar\/principal\/2022\/11\/05\/gran-preocupacion-entre-los-matriculados-del-colegio-de-arquitectos\/image-22\/#main\" data-orig-file=\"https:\/\/www.hoymercedes.com.ar\/principal\/wp-content\/uploads\/2022\/11\/image.png\" data-orig-size=\"673,505\" data-comments-opened=\"0\" data-image-meta=\"{&quot;aperture&quot;:&quot;0&quot;,&quot;credit&quot;:&quot;&quot;,&quot;camera&quot;:&quot;&quot;,&quot;caption&quot;:&quot;&quot;,&quot;created_timestamp&quot;:&quot;0&quot;,&quot;copyright&quot;:&quot;&quot;,&quot;focal_length&quot;:&quot;0&quot;,&quot;iso&quot;:&quot;0&quot;,&quot;shutter_speed&quot;:&quot;0&quot;,&quot;title&quot;:&quot;&quot;,&quot;orientation&quot;:&quot;0&quot;}\" data-image-title=\"image\" data-image-description=\"\" data-image-caption=\"\" data-large-file=\"https:\/\/www.hoymercedes.com.ar\/principal\/wp-content\/uploads\/2022\/11\/image.png\" src=\"https:\/\/www.hoymercedes.com.ar\/principal\/wp-content\/uploads\/2022\/11\/image.png\" alt=\"\" class=\"wp-image-155026\" srcset=\"https:\/\/www.hoymercedes.com.ar\/principal\/wp-content\/uploads\/2022\/11\/image.png 673w, https:\/\/www.hoymercedes.com.ar\/principal\/wp-content\/uploads\/2022\/11\/image-630x473.png 630w, https:\/\/www.hoymercedes.com.ar\/principal\/wp-content\/uploads\/2022\/11\/image-150x113.png 150w\" sizes=\"auto, (max-width: 673px) 100vw, 673px\" \/><figcaption class=\"wp-element-caption\">Los Arquitectos Jose Maria Serpi , Gustavo Casco , Guillermo Moretto y Jorge Alberto Garc\u00eda<\/figcaption><\/figure>\n<\/div>\n\n\n<p>Los presidentes de los Distritos I y V del Colegio de Arquitectos de la Provincia de Buenos Aires, los Arquitectos Gustavo Casco y Jos\u00e9 Mar\u00eda Serpi, respectivamente, dieron cuenta de la \u00bb una \u00abgran preocupaci\u00f3n entre los Arquitectos de las Listas Oficialistas de ambos Distritos debido a la inobservancia de la Junta Electoral Provincial respecto del Reglamento Eleccionario aprobado por Asamblea\u00bb.<\/p>\n\n\n\n<p>\u00abEsta preocupaci\u00f3n ir\u00eda en aumento debido al alto grado de discrecionalidad que la Junta Electoral Provincial demuestra en cada resoluci\u00f3n, las cuales, en todos los casos, estar\u00edan favoreciendo a las Listas Distritales Naranja Azul y Blanco, que tienen como referentes a nivel provincial a los Arquitectos Ram\u00f3n Rojo y Claudio Videla, actuales secretario y Tesorero del Colegio de Arquitectos de la provincia de Buenos Aires respectivamente\u00bb, destacan.<\/p>\n\n\n\n<p>\u00abComo una peque\u00f1a muestra de esta actitud discrecional que se est\u00e1 denunciando de la Junta Electoral Provincial, hay dos situaciones similares respecto de presentaci\u00f3n de Listas, la Junta Provincial impidi\u00f3 la presentaci\u00f3n de la Lista Azul el d\u00eda 16 de setiembre pr\u00f3ximo pasado por haberse vencido los plazos correspondientes para subsanar las observaciones, mientras que, en el Distrito V, le dieron plazo a la Lista Naranja Azul y Blanco, referente Distrital de los Arquitectos Ram\u00f3n Rojo y Claudio Videla a nivel provincial, hasta el una 12 de octubre en clara demostraci\u00f3n de arbitrariedad en su accionar\u00bb, agregan.<\/p>\n\n\n\n<p>Los titulares de los Colegios de los Distritos I y V informaron que, \u00ablas boletas de la Lista Bord\u00f3 y la Lista Azul, no hab\u00edan llegado mientras el resto de las boletas de la Lista Naranja Azul y Blanco estaban a disposici\u00f3n de sus apoderados\u00bb. <\/p>\n\n\n\n<p>Tambi\u00e9n se encontraban presentes en la reuni\u00f3n mantenida en Pilar, los Arquitectos Guillermo Moretto, candidato a presidente provincial por la Lista Azul N\u00b010 y el Arquitecto Jorge Alberto Garc\u00eda, candidato a Delegado al Consejo Superior por la Lista N\u00b0 3 color Bord\u00f3.<\/p>\n","protected":false},"excerpt":{"rendered":"<p>Arquitectos de distintos distritos de la provincia de Buenos Aires, manifestaron su profunda preocupaci\u00f3n por la inobservancia de parte de la junta electoral provincial del reglamento electoral como as\u00ed tambi\u00e9n, de los reclamos de las juntas electorales distritales.<\/p>\n","protected":false},"author":1,"featured_media":155026,"comment_status":"closed","ping_status":"open","sticky":false,"template":"","format":"standard","meta":{"_monsterinsights_skip_tracking":false,"_monsterinsights_sitenote_active":false,"_monsterinsights_sitenote_note":"","_monsterinsights_sitenote_category":0,"jetpack_post_was_ever_published":false,"_jetpack_newsletter_access":"","_jetpack_dont_email_post_to_subs":false,"_jetpack_newsletter_tier_id":0,"_jetpack_memberships_contains_paywalled_content":false,"_jetpack_memberships_contains_paid_content":false,"footnotes":"","jetpack_publicize_message":"","jetpack_publicize_feature_enabled":true,"jetpack_social_post_already_shared":true,"jetpack_social_options":{"image_generator_settings":{"template":"highway","default_image_id":0,"font":"","enabled":false},"version":2},"_wpas_customize_per_network":false},"categories":[8],"tags":[],"class_list":["post-155025","post","type-post","status-publish","format-standard","has-post-thumbnail","hentry","category-sociedad","generate-columns","tablet-grid-50","mobile-grid-100","grid-parent","grid-50"],"jetpack_publicize_connections":[],"jetpack_featured_media_url":"https:\/\/www.hoymercedes.com.ar\/principal\/wp-content\/uploads\/2022\/11\/image.png","wps_subtitle":"","jetpack_sharing_enabled":true,"_links":{"self":[{"href":"https:\/\/www.hoymercedes.com.ar\/principal\/wp-json\/wp\/v2\/posts\/155025","targetHints":{"allow":["GET"]}}],"collection":[{"href":"https:\/\/www.hoymercedes.com.ar\/principal\/wp-json\/wp\/v2\/posts"}],"about":[{"href":"https:\/\/www.hoymercedes.com.ar\/principal\/wp-json\/wp\/v2\/types\/post"}],"author":[{"embeddable":true,"href":"https:\/\/www.hoymercedes.com.ar\/principal\/wp-json\/wp\/v2\/users\/1"}],"replies":[{"embeddable":true,"href":"https:\/\/www.hoymercedes.com.ar\/principal\/wp-json\/wp\/v2\/comments?post=155025"}],"version-history":[{"count":0,"href":"https:\/\/www.hoymercedes.com.ar\/principal\/wp-json\/wp\/v2\/posts\/155025\/revisions"}],"wp:featuredmedia":[{"embeddable":true,"href":"https:\/\/www.hoymercedes.com.ar\/principal\/wp-json\/wp\/v2\/media\/155026"}],"wp:attachment":[{"href":"https:\/\/www.hoymercedes.com.ar\/principal\/wp-json\/wp\/v2\/media?parent=155025"}],"wp:term":[{"taxonomy":"category","embeddable":true,"href":"https:\/\/www.hoymercedes.com.ar\/principal\/wp-json\/wp\/v2\/categories?post=155025"},{"taxonomy":"post_tag","embeddable":true,"href":"https:\/\/www.hoymercedes.com.ar\/principal\/wp-json\/wp\/v2\/tags?post=155025"}],"curies":[{"name":"wp","href":"https:\/\/api.w.org\/{rel}","templated":true}]}}