{"id":155059,"date":"2022-11-06T10:00:00","date_gmt":"2022-11-06T13:00:00","guid":{"rendered":"https:\/\/www.hoymercedes.com.ar\/principal\/?p=155059"},"modified":"2022-11-06T11:47:17","modified_gmt":"2022-11-06T14:47:17","slug":"jornada-de-lectura-con-los-chicos-del-centro-de-educacion-especial-n-1","status":"publish","type":"post","link":"https:\/\/www.hoymercedes.com.ar\/principal\/2022\/11\/06\/jornada-de-lectura-con-los-chicos-del-centro-de-educacion-especial-n-1\/","title":{"rendered":"Jornada de lectura con los chicos del Centro de Educaci\u00f3n Especial N\u00b0 1"},"content":{"rendered":"\n<p>\u201cNada ni nadie en la vida debe ser temido, pero s\u00ed comprendido.Ahora es el momento de comprender m\u00e1s y temer menos\u201d (Marie Curie)<\/p>\n\n\n\n<p>Cuando la maestra Celeste Capra hizo sonar mi tel\u00e9fono para convocarme a llevar este viernes 4 mis Cuentos e Historias a sus alumnos de 1\u00b0, 2\u00b0 y 3\u00b0 del Ciclo B\u00e1sico me estaba abriendo las puertas a una de las m\u00e1s bellas experiencias de literatura narrada que tuve el honor de realizar.<\/p>\n\n\n<div class=\"wp-block-image\">\n<figure class=\"aligncenter size-full\"><img loading=\"lazy\" decoding=\"async\" width=\"800\" height=\"502\" data-attachment-id=\"155061\" data-permalink=\"https:\/\/www.hoymercedes.com.ar\/principal\/2022\/11\/06\/jornada-de-lectura-con-los-chicos-del-centro-de-educacion-especial-n-1\/cuento-dinova-2\/#main\" data-orig-file=\"https:\/\/www.hoymercedes.com.ar\/principal\/wp-content\/uploads\/2022\/11\/cuento-Dinova-2.jpg\" data-orig-size=\"800,502\" data-comments-opened=\"0\" data-image-meta=\"{&quot;aperture&quot;:&quot;0&quot;,&quot;credit&quot;:&quot;&quot;,&quot;camera&quot;:&quot;&quot;,&quot;caption&quot;:&quot;&quot;,&quot;created_timestamp&quot;:&quot;0&quot;,&quot;copyright&quot;:&quot;&quot;,&quot;focal_length&quot;:&quot;0&quot;,&quot;iso&quot;:&quot;0&quot;,&quot;shutter_speed&quot;:&quot;0&quot;,&quot;title&quot;:&quot;&quot;,&quot;orientation&quot;:&quot;0&quot;}\" data-image-title=\"cuento Dinova 2\" data-image-description=\"\" data-image-caption=\"\" data-large-file=\"https:\/\/www.hoymercedes.com.ar\/principal\/wp-content\/uploads\/2022\/11\/cuento-Dinova-2.jpg\" src=\"https:\/\/www.hoymercedes.com.ar\/principal\/wp-content\/uploads\/2022\/11\/cuento-Dinova-2.jpg\" alt=\"\" class=\"wp-image-155061\" srcset=\"https:\/\/www.hoymercedes.com.ar\/principal\/wp-content\/uploads\/2022\/11\/cuento-Dinova-2.jpg 800w, https:\/\/www.hoymercedes.com.ar\/principal\/wp-content\/uploads\/2022\/11\/cuento-Dinova-2-630x395.jpg 630w, https:\/\/www.hoymercedes.com.ar\/principal\/wp-content\/uploads\/2022\/11\/cuento-Dinova-2-150x94.jpg 150w\" sizes=\"auto, (max-width: 800px) 100vw, 800px\" \/><\/figure>\n<\/div>\n\n\n<p>All\u00e1 fuimos, -con Diana y sus fotograf\u00edas- en la siempre fiel compa\u00f1\u00eda de las mascotas que habitan mis libros, para llevar alegr\u00eda y sonrisas a un aula plena de chicos y chicas \u00e1vidos de conocer esas desopilantes aventuras.<\/p>\n\n\n\n<p>Fue Polito, el incre\u00edble lechoncito que fuera la mascota de mi madre, en el escuela-castillo encantado del Rivas de su ni\u00f1ez, que saliendo de las paginas se instal\u00f3 primero, en las fantas\u00edas del juvenil p\u00fablico. \u00a1Qu\u00e9 de risas cu\u00e1ndo imaginaban a Polito corriendo por los corredores de la escuela en busca del plato de dulce de leche! \u00a1\u00a1Y cu\u00e1ndo lo besaban en la trompa para convertirlo en un pr\u00edncipe azul?! \u00a1\u00a1Ni hablar!!<\/p>\n\n\n\n<p>Por supuesto, cada uno de los presentes, hizo venir a sus mascotas; el aula del C.E.E N\u00b01 (38, esq. 47) pronto se llen\u00f3 de perros, gatos, ardillas, conejos y \u00a1hasta una vaca! Es que los pibes tambi\u00e9n quer\u00edan contar de sus propias vidas y andanzas. Ladridos, maullidos, mugidos, un aquelarre de sonidos acompa\u00f1aron el momento.<\/p>\n\n\n\n<p>Y como era de esperar con los ladridos, lleg\u00f3 Negrita, -mi Perra de Mil A\u00f1os- que no ve\u00eda la hora de contar sus peripecias en la casa de mi infancia. Para eso, le\u00edmos (sufrimos y re\u00edmos) con incre\u00edble ansiedad, la haza\u00f1a de mi perra salvando a Chirola, la tortuga, cu\u00e1ndo esta qued\u00f3 atrapada\u2026 \u00a1en la cueva del conejo!<\/p>\n\n\n\n<p>\u00a1Qu\u00e9 momento!<\/p>\n\n\n\n<p>Todos hac\u00edan fuerza, todos ayudaban, si hasta la maestra ladr\u00f3 m\u00e1s fuerte que nadie para ayudar a Negrita en el rescate. \u00bf\u00bfPero qu\u00e9 pas\u00f3 con la goma-ruedita que se us\u00f3 para el salvataje y nos olvidamos de lavar antes de dejar en el escritorio de pap\u00e1?? \u00a1\u00a1Mamaaa m\u00ed\u00edaaaa!!<\/p>\n\n\n\n<p>Nos despedimos, pero volveremos, a leer y contar m\u00e1s historias. Fue un inmenso placer estar en un lugar donde los chicos saben y sienten que no son temidos sino queridos, que los comprenden y los aman.<\/p>\n\n\n\n<p>Es un lugar bendecido\u2026 que hace honor a la docencia argentina. T\u00e9nganlo por seguro.<\/p>\n\n\n\n<p>Abrazos por doquier, regalos y fotos. \u00a1Me llevo las sonrisas de todos y cada uno de los pibes, hermosos, dulces y afectuosos hasta el infinito!<\/p>\n\n\n\n<p>Gracias a la Directora Yanina Nicolini por auspiciar estos encuentros, a Celeste Capra y a los profes Fernando Ravasa y Fernando Nicolini por su compa\u00f1\u00eda y la bondad que prodigan.<\/p>\n\n\n\n<p>Nos estamos viendo\u2026<\/p>\n\n\n\n<p>Oscar Dinova, escritor-narrador<br>Diana Manos, fotograf\u00edas<\/p>\n\n\n<div class=\"wp-block-image\">\n<figure class=\"aligncenter size-full\"><img loading=\"lazy\" decoding=\"async\" width=\"800\" height=\"431\" data-attachment-id=\"155060\" data-permalink=\"https:\/\/www.hoymercedes.com.ar\/principal\/2022\/11\/06\/jornada-de-lectura-con-los-chicos-del-centro-de-educacion-especial-n-1\/cuento-dinova-1\/#main\" data-orig-file=\"https:\/\/www.hoymercedes.com.ar\/principal\/wp-content\/uploads\/2022\/11\/cuento-Dinova-1.jpg\" data-orig-size=\"800,431\" data-comments-opened=\"0\" data-image-meta=\"{&quot;aperture&quot;:&quot;0&quot;,&quot;credit&quot;:&quot;&quot;,&quot;camera&quot;:&quot;&quot;,&quot;caption&quot;:&quot;&quot;,&quot;created_timestamp&quot;:&quot;0&quot;,&quot;copyright&quot;:&quot;&quot;,&quot;focal_length&quot;:&quot;0&quot;,&quot;iso&quot;:&quot;0&quot;,&quot;shutter_speed&quot;:&quot;0&quot;,&quot;title&quot;:&quot;&quot;,&quot;orientation&quot;:&quot;0&quot;}\" data-image-title=\"cuento Dinova 1\" data-image-description=\"\" data-image-caption=\"\" data-large-file=\"https:\/\/www.hoymercedes.com.ar\/principal\/wp-content\/uploads\/2022\/11\/cuento-Dinova-1.jpg\" src=\"https:\/\/www.hoymercedes.com.ar\/principal\/wp-content\/uploads\/2022\/11\/cuento-Dinova-1.jpg\" alt=\"\" class=\"wp-image-155060\" srcset=\"https:\/\/www.hoymercedes.com.ar\/principal\/wp-content\/uploads\/2022\/11\/cuento-Dinova-1.jpg 800w, https:\/\/www.hoymercedes.com.ar\/principal\/wp-content\/uploads\/2022\/11\/cuento-Dinova-1-630x339.jpg 630w, https:\/\/www.hoymercedes.com.ar\/principal\/wp-content\/uploads\/2022\/11\/cuento-Dinova-1-150x81.jpg 150w\" sizes=\"auto, (max-width: 800px) 100vw, 800px\" \/><\/figure>\n<\/div>","protected":false},"excerpt":{"rendered":"<p>Jornada de lectura con los chicos del Centro de Educaci\u00f3n Especial N\u00b0 1. Por Oscar Dinova. <\/p>\n","protected":false},"author":1,"featured_media":155060,"comment_status":"closed","ping_status":"open","sticky":false,"template":"","format":"standard","meta":{"_monsterinsights_skip_tracking":false,"_monsterinsights_sitenote_active":false,"_monsterinsights_sitenote_note":"","_monsterinsights_sitenote_category":0,"jetpack_post_was_ever_published":false,"_jetpack_newsletter_access":"","_jetpack_dont_email_post_to_subs":false,"_jetpack_newsletter_tier_id":0,"_jetpack_memberships_contains_paywalled_content":false,"_jetpack_memberships_contains_paid_content":false,"footnotes":"","jetpack_publicize_message":"","jetpack_publicize_feature_enabled":true,"jetpack_social_post_already_shared":true,"jetpack_social_options":{"image_generator_settings":{"template":"highway","default_image_id":0,"font":"","enabled":false},"version":2},"_wpas_customize_per_network":false},"categories":[8],"tags":[],"class_list":["post-155059","post","type-post","status-publish","format-standard","has-post-thumbnail","hentry","category-sociedad","generate-columns","tablet-grid-50","mobile-grid-100","grid-parent","grid-50"],"jetpack_publicize_connections":[],"jetpack_featured_media_url":"https:\/\/www.hoymercedes.com.ar\/principal\/wp-content\/uploads\/2022\/11\/cuento-Dinova-1.jpg","wps_subtitle":"","jetpack_sharing_enabled":true,"_links":{"self":[{"href":"https:\/\/www.hoymercedes.com.ar\/principal\/wp-json\/wp\/v2\/posts\/155059","targetHints":{"allow":["GET"]}}],"collection":[{"href":"https:\/\/www.hoymercedes.com.ar\/principal\/wp-json\/wp\/v2\/posts"}],"about":[{"href":"https:\/\/www.hoymercedes.com.ar\/principal\/wp-json\/wp\/v2\/types\/post"}],"author":[{"embeddable":true,"href":"https:\/\/www.hoymercedes.com.ar\/principal\/wp-json\/wp\/v2\/users\/1"}],"replies":[{"embeddable":true,"href":"https:\/\/www.hoymercedes.com.ar\/principal\/wp-json\/wp\/v2\/comments?post=155059"}],"version-history":[{"count":0,"href":"https:\/\/www.hoymercedes.com.ar\/principal\/wp-json\/wp\/v2\/posts\/155059\/revisions"}],"wp:featuredmedia":[{"embeddable":true,"href":"https:\/\/www.hoymercedes.com.ar\/principal\/wp-json\/wp\/v2\/media\/155060"}],"wp:attachment":[{"href":"https:\/\/www.hoymercedes.com.ar\/principal\/wp-json\/wp\/v2\/media?parent=155059"}],"wp:term":[{"taxonomy":"category","embeddable":true,"href":"https:\/\/www.hoymercedes.com.ar\/principal\/wp-json\/wp\/v2\/categories?post=155059"},{"taxonomy":"post_tag","embeddable":true,"href":"https:\/\/www.hoymercedes.com.ar\/principal\/wp-json\/wp\/v2\/tags?post=155059"}],"curies":[{"name":"wp","href":"https:\/\/api.w.org\/{rel}","templated":true}]}}