{"id":155081,"date":"2022-11-06T18:00:00","date_gmt":"2022-11-06T21:00:00","guid":{"rendered":"https:\/\/www.hoymercedes.com.ar\/principal\/?p=155081"},"modified":"2022-11-06T20:19:48","modified_gmt":"2022-11-06T23:19:48","slug":"se-conformo-la-comision-local-de-emergencia-y-desastre-agropecuario-por-la-sequia-historica","status":"publish","type":"post","link":"https:\/\/www.hoymercedes.com.ar\/principal\/2022\/11\/06\/se-conformo-la-comision-local-de-emergencia-y-desastre-agropecuario-por-la-sequia-historica\/","title":{"rendered":"Se conform\u00f3 la \u201cComisi\u00f3n Local de Emergencia y Desastre Agropecuario\u201d por la sequ\u00eda hist\u00f3rica"},"content":{"rendered":"\n<figure class=\"wp-block-image size-full\"><img loading=\"lazy\" decoding=\"async\" width=\"922\" height=\"615\" data-attachment-id=\"155082\" data-permalink=\"https:\/\/www.hoymercedes.com.ar\/principal\/2022\/11\/06\/se-conformo-la-comision-local-de-emergencia-y-desastre-agropecuario-por-la-sequia-historica\/dsc02291\/#main\" data-orig-file=\"https:\/\/www.hoymercedes.com.ar\/principal\/wp-content\/uploads\/2022\/11\/DSC02291.jpg\" data-orig-size=\"922,615\" data-comments-opened=\"0\" data-image-meta=\"{&quot;aperture&quot;:&quot;0&quot;,&quot;credit&quot;:&quot;&quot;,&quot;camera&quot;:&quot;&quot;,&quot;caption&quot;:&quot;&quot;,&quot;created_timestamp&quot;:&quot;0&quot;,&quot;copyright&quot;:&quot;&quot;,&quot;focal_length&quot;:&quot;0&quot;,&quot;iso&quot;:&quot;0&quot;,&quot;shutter_speed&quot;:&quot;0&quot;,&quot;title&quot;:&quot;&quot;,&quot;orientation&quot;:&quot;0&quot;}\" data-image-title=\"DSC02291\" data-image-description=\"\" data-image-caption=\"\" data-large-file=\"https:\/\/www.hoymercedes.com.ar\/principal\/wp-content\/uploads\/2022\/11\/DSC02291.jpg\" src=\"https:\/\/www.hoymercedes.com.ar\/principal\/wp-content\/uploads\/2022\/11\/DSC02291.jpg\" alt=\"\" class=\"wp-image-155082\" srcset=\"https:\/\/www.hoymercedes.com.ar\/principal\/wp-content\/uploads\/2022\/11\/DSC02291.jpg 922w, https:\/\/www.hoymercedes.com.ar\/principal\/wp-content\/uploads\/2022\/11\/DSC02291-630x420.jpg 630w, https:\/\/www.hoymercedes.com.ar\/principal\/wp-content\/uploads\/2022\/11\/DSC02291-150x100.jpg 150w\" sizes=\"auto, (max-width: 922px) 100vw, 922px\" \/><\/figure>\n\n\n\n<p>Con una sequ\u00eda de magnitudes hist\u00f3ricas se form\u00f3 una importante y destacada reuni\u00f3n en el Palacio Municipal con la participaci\u00f3n de instituciones, investigadores, referentes sociales y la Comuna. <em>\u201cEs uno de los pasos que debemos dar para generar el pedido formal de declaraci\u00f3n de emergencia desde nuestro Partido por la situaci\u00f3n cr\u00edtica que estamos viviendo, que puede terminar en desastre\u201d<\/em> comento Leonardo Faundez, presidente de la Sociedad Rural con miras a la sequ\u00eda hist\u00f3rica que padece todo el Partido y la regi\u00f3n.<\/p>\n\n\n\n<p>\u201cEstaremos enviaremos una nota para solicitar se declare la emergencia\u201d dijo Fabundez.<\/p>\n\n\n\n<figure class=\"wp-block-image size-large is-resized\"><img loading=\"lazy\" decoding=\"async\" data-attachment-id=\"155083\" data-permalink=\"https:\/\/www.hoymercedes.com.ar\/principal\/2022\/11\/06\/se-conformo-la-comision-local-de-emergencia-y-desastre-agropecuario-por-la-sequia-historica\/comparativo-vegetacion-sequia-mercedes-satelital-inta_\/#main\" data-orig-file=\"https:\/\/www.hoymercedes.com.ar\/principal\/wp-content\/uploads\/2022\/11\/Comparativo.Vegetacion.Sequia.Mercedes.Satelital.INTA_.jpg\" data-orig-size=\"1200,1800\" data-comments-opened=\"0\" data-image-meta=\"{&quot;aperture&quot;:&quot;0&quot;,&quot;credit&quot;:&quot;&quot;,&quot;camera&quot;:&quot;&quot;,&quot;caption&quot;:&quot;&quot;,&quot;created_timestamp&quot;:&quot;0&quot;,&quot;copyright&quot;:&quot;&quot;,&quot;focal_length&quot;:&quot;0&quot;,&quot;iso&quot;:&quot;0&quot;,&quot;shutter_speed&quot;:&quot;0&quot;,&quot;title&quot;:&quot;&quot;,&quot;orientation&quot;:&quot;0&quot;}\" data-image-title=\"Comparativo.Vegetacion.Sequia.Mercedes.Satelital.INTA_\" data-image-description=\"\" data-image-caption=\"\" data-large-file=\"https:\/\/www.hoymercedes.com.ar\/principal\/wp-content\/uploads\/2022\/11\/Comparativo.Vegetacion.Sequia.Mercedes.Satelital.INTA_-683x1024.jpg\" src=\"https:\/\/www.hoymercedes.com.ar\/principal\/wp-content\/uploads\/2022\/11\/Comparativo.Vegetacion.Sequia.Mercedes.Satelital.INTA_-683x1024.jpg\" alt=\"\" class=\"wp-image-155083\" width=\"956\" height=\"1434\" srcset=\"https:\/\/www.hoymercedes.com.ar\/principal\/wp-content\/uploads\/2022\/11\/Comparativo.Vegetacion.Sequia.Mercedes.Satelital.INTA_-683x1024.jpg 683w, https:\/\/www.hoymercedes.com.ar\/principal\/wp-content\/uploads\/2022\/11\/Comparativo.Vegetacion.Sequia.Mercedes.Satelital.INTA_-413x620.jpg 413w, https:\/\/www.hoymercedes.com.ar\/principal\/wp-content\/uploads\/2022\/11\/Comparativo.Vegetacion.Sequia.Mercedes.Satelital.INTA_-100x150.jpg 100w, https:\/\/www.hoymercedes.com.ar\/principal\/wp-content\/uploads\/2022\/11\/Comparativo.Vegetacion.Sequia.Mercedes.Satelital.INTA_-1024x1536.jpg 1024w, https:\/\/www.hoymercedes.com.ar\/principal\/wp-content\/uploads\/2022\/11\/Comparativo.Vegetacion.Sequia.Mercedes.Satelital.INTA_.jpg 1200w\" sizes=\"auto, (max-width: 956px) 100vw, 956px\" \/><\/figure>\n\n\n\n<p><strong>Investigaci\u00f3n<\/strong><\/p>\n\n\n\n<p>\u201cDesde el INTA hacemos relevamientos peri\u00f3dicos\u201d dijo Ignacio Zunino y coment\u00f3 que \u201cpresentamos el informe t\u00e9cnico de la zona donde claramente se ve que estamos muy por debajo de lo normal en precipitaciones, no s\u00f3lo este a\u00f1o, sino tambi\u00e9n en el acumulado\u201d, expres\u00f3 el t\u00e9cnico remarcando que \u201cse toman im\u00e1genes satelitales y el impacto es realmente muy profundo\u201d<\/p>\n\n\n\n<p><strong>Encuentro<\/strong><\/p>\n\n\n\n<p>\u201cGracias a la participaci\u00f3n que fue de manera inmediata, de todas las instituciones, con esto que es una realidad y se ve que parte de las consecuencias del cambio clim\u00e1tico es la sequ\u00eda\u201d dijo el intendente Ustarroz y remarc\u00f3 que \u201ces muy grave, afectando a la producci\u00f3n, al sector rural. Ahora vamos a elevar un pedido de asistencia a la Provincia para auxiliar a las y los productores y el trabajo\u201d, expres\u00f3 el intendente Ustarroz.<\/p>\n\n\n\n<p>\u201cLa semana pr\u00f3xima tambi\u00e9n haremos una presentaci\u00f3n donde expondremos como la sequ\u00eda est\u00e1 impactando, ya, incluso por el consumo humano de agua\u201d narr\u00f3 el intendente.<\/p>\n\n\n\n<p>Patricio Ballesty destac\u00f3 que \u201ces una problem\u00e1tica grave, el tercer a\u00f1o con sequ\u00eda\u201d y mencion\u00f3 \u201cestamos trabajando para declarar la emergencia, siendo un trabajo que incluye a varias instituciones y \u00e1reas de la ciudad\u201d, cont\u00f3.<\/p>\n\n\n\n<p><strong>Participaci\u00f3n<\/strong><\/p>\n\n\n\n<p>El pasado viernes, se constituy\u00f3 en nuestra Ciudad la Comisi\u00f3n Local de Emergencia y\/o Desastre Agropecuario, conformada por representantes de la Agencia del INTA Mercedes, SENASA, Sociedad Rural Regional Mercedes, Estaci\u00f3n Experimental Mercedes del Ministerio de Desarrollo Agrario, ARBA Mercedes, Municipalidad de Mercedes y el Banco de la Provincia de Bs. As. Sucursal Mercedes.<\/p>\n\n\n\n<p>Tuvo epicentro la situaci\u00f3n del Partido de Mercedes frente a la sequ\u00eda por el accionar de \u201cla ni\u00f1a\u201d, donde se decidi\u00f3 solicitar a la Comisi\u00f3n Provincial de Emergencia y Desastre Agropecuario (CEDABA), se declare a Mercedes en emergencia.<\/p>\n\n\n\n<p><strong>Sequia<\/strong><\/p>\n\n\n\n<p>La Ni\u00f1a est\u00e1 dejando su rastro duro y desolador en varias regiones agr\u00edcolas del pa\u00eds. Sin embargo, el epicentro m\u00e1s dram\u00e1tico se observa en el norte de la provincia de Buenos Aires, donde ya el Gobierno provincial declar\u00f3 la Emergencia y\/o Desastre Agropecuario, en varios Partidos, entre ellos, hasta hoy, San Pedro, San Vicente, Chascomus, Dolores, Magdalena, Rojas, Salto, Ramallo, Alberti, Lobos, Jun\u00edn, Suipacha y Arrecifes, pero no ser\u00edan los \u00fanicos.<\/p>\n\n\n\n<p>Da\u00f1os<\/p>\n\n\n\n<p>En estos distritos, el trigo se perdi\u00f3 en casi su totalidad, los cultivos de arveja fueron literalmente \u201cquemados\u201d, y la ganader\u00eda atraviesa uno de los momentos m\u00e1s dram\u00e1ticos de su historia por la ausencia de pasturas.<\/p>\n\n\n\n<p>Adem\u00e1s, ya empieza a faltar agua tambi\u00e9n de los pozos domiciliarios en las zonas rurales dada la gran sequ\u00eda.<\/p>\n\n\n\n<p><strong>Critico<\/strong><\/p>\n\n\n\n<p>Se han acumulado no menos de tres a\u00f1os de lluvias muy por debajo de la media anual, y este \u00faltimo a\u00f1o, esta reducci\u00f3n se ha agravado.<\/p>\n\n\n\n<p>Para los pr\u00f3ximos meses no es muy alentador el panorama, se analiza, seg\u00fan informes internacionales meteorol\u00f3gicos, que a partir del mes de marzo del 2023 se puede salir de \u201cLa Ni\u00f1a\u201d, y entrar en una situaci\u00f3n neutro, con lo cual podr\u00edan aumentar los mil\u00edmetros de lluvia ca\u00edda, pero no ser\u00edan en abundancia.<\/p>\n\n\n\n<p>Info: Comision <\/p>\n","protected":false},"excerpt":{"rendered":"<p>Con una sequ\u00eda de magnitudes hist\u00f3ricas se form\u00f3 una importante y destacada reuni\u00f3n en el Palacio Municipal con la participaci\u00f3n &#8230; <a title=\"Se conform\u00f3 la \u201cComisi\u00f3n Local de Emergencia y Desastre Agropecuario\u201d por la sequ\u00eda hist\u00f3rica\" class=\"read-more\" href=\"https:\/\/www.hoymercedes.com.ar\/principal\/2022\/11\/06\/se-conformo-la-comision-local-de-emergencia-y-desastre-agropecuario-por-la-sequia-historica\/\" aria-label=\"Leer m\u00e1s sobre Se conform\u00f3 la \u201cComisi\u00f3n Local de Emergencia y Desastre Agropecuario\u201d por la sequ\u00eda hist\u00f3rica\">Leer m\u00e1s<\/a><\/p>\n","protected":false},"author":1,"featured_media":155082,"comment_status":"closed","ping_status":"open","sticky":false,"template":"","format":"standard","meta":{"_monsterinsights_skip_tracking":false,"_monsterinsights_sitenote_active":false,"_monsterinsights_sitenote_note":"","_monsterinsights_sitenote_category":0,"jetpack_post_was_ever_published":false,"_jetpack_newsletter_access":"","_jetpack_dont_email_post_to_subs":false,"_jetpack_newsletter_tier_id":0,"_jetpack_memberships_contains_paywalled_content":false,"_jetpack_memberships_contains_paid_content":false,"footnotes":"","jetpack_publicize_message":"","jetpack_publicize_feature_enabled":true,"jetpack_social_post_already_shared":true,"jetpack_social_options":{"image_generator_settings":{"template":"highway","default_image_id":0,"font":"","enabled":false},"version":2},"_wpas_customize_per_network":false},"categories":[8],"tags":[17705,18544,18546,18547,1370,8912,18548,531,424],"class_list":["post-155081","post","type-post","status-publish","format-standard","has-post-thumbnail","hentry","category-sociedad","tag-ballesty","tag-bapro-mercedes","tag-economia-mercedes","tag-fagundez","tag-inta","tag-produccion","tag-sequia-historica-mercedes","tag-sociedad-rural","tag-ustarroz","generate-columns","tablet-grid-50","mobile-grid-100","grid-parent","grid-50"],"jetpack_publicize_connections":[],"jetpack_featured_media_url":"https:\/\/www.hoymercedes.com.ar\/principal\/wp-content\/uploads\/2022\/11\/DSC02291.jpg","wps_subtitle":"Sequ\u00eda y gravedad ambiental","jetpack_sharing_enabled":true,"_links":{"self":[{"href":"https:\/\/www.hoymercedes.com.ar\/principal\/wp-json\/wp\/v2\/posts\/155081","targetHints":{"allow":["GET"]}}],"collection":[{"href":"https:\/\/www.hoymercedes.com.ar\/principal\/wp-json\/wp\/v2\/posts"}],"about":[{"href":"https:\/\/www.hoymercedes.com.ar\/principal\/wp-json\/wp\/v2\/types\/post"}],"author":[{"embeddable":true,"href":"https:\/\/www.hoymercedes.com.ar\/principal\/wp-json\/wp\/v2\/users\/1"}],"replies":[{"embeddable":true,"href":"https:\/\/www.hoymercedes.com.ar\/principal\/wp-json\/wp\/v2\/comments?post=155081"}],"version-history":[{"count":0,"href":"https:\/\/www.hoymercedes.com.ar\/principal\/wp-json\/wp\/v2\/posts\/155081\/revisions"}],"wp:featuredmedia":[{"embeddable":true,"href":"https:\/\/www.hoymercedes.com.ar\/principal\/wp-json\/wp\/v2\/media\/155082"}],"wp:attachment":[{"href":"https:\/\/www.hoymercedes.com.ar\/principal\/wp-json\/wp\/v2\/media?parent=155081"}],"wp:term":[{"taxonomy":"category","embeddable":true,"href":"https:\/\/www.hoymercedes.com.ar\/principal\/wp-json\/wp\/v2\/categories?post=155081"},{"taxonomy":"post_tag","embeddable":true,"href":"https:\/\/www.hoymercedes.com.ar\/principal\/wp-json\/wp\/v2\/tags?post=155081"}],"curies":[{"name":"wp","href":"https:\/\/api.w.org\/{rel}","templated":true}]}}