{"id":155091,"date":"2022-11-07T07:30:00","date_gmt":"2022-11-07T10:30:00","guid":{"rendered":"https:\/\/www.hoymercedes.com.ar\/principal\/?p=155091"},"modified":"2022-11-06T20:33:37","modified_gmt":"2022-11-06T23:33:37","slug":"la-importancia-del-desarrollo-sostenible-en-la-economia","status":"publish","type":"post","link":"https:\/\/www.hoymercedes.com.ar\/principal\/2022\/11\/07\/la-importancia-del-desarrollo-sostenible-en-la-economia\/","title":{"rendered":"La importancia del desarrollo sostenible en la econom\u00eda\u00a0"},"content":{"rendered":"\n<p>Por Cristi\u00e1n Frers &#8211; Muchos de los\u202fretos a los que se enfrenta el ser humano, tales como el <a href=\"https:\/\/www.acciona.com\/es\/cambio-climatico\/\" target=\"_blank\" rel=\"noreferrer noopener\">cambio clim\u00e1tico<\/a>, la escasez de agua, las desigualdades o el hambre, solo se pueden resolver promoviendo el desarrollo sostenible:<strong>\u202f<\/strong>una apuesta por el\u202fprogreso social, el equilibrio medioambiental y el crecimiento econ\u00f3mico.\u00a0<\/p>\n\n\n\n<p>La importancia del desarrollo sostenible estriba en evitar circunstancias de zozobra en una econom\u00eda cuando el ciclo econ\u00f3mico est\u00e1 en una fase negativa. El desarrollo sostenible implica desarrollo institucional, reglas de juego claras que integren a todos los actores, como asimismo un amplio fomento hacia la actividad empresarial. La libertad desde el punto de vista econ\u00f3mico debe ser considerada importante para lograr el objetivo, con un estado que se abstenga de intervenir en la econom\u00eda salvo para generar igualdad de oportunidades.&nbsp;<\/p>\n\n\n\n<p>Esta econom\u00eda<strong>\u202f<\/strong>es un<strong>\u202f<\/strong>modelo socioecon\u00f3mico\u202fen el cual el desarrollo econ\u00f3mico debe garantizar el desarrollo y bienestar social de las comunidades y pueblos, haciendo un\u202fuso responsable de los recursos naturales\u202fy<strong>\u202f<\/strong>respetando el ambiente. Mediante la econom\u00eda sostenible las empresas crecen en equilibrio con la naturaleza. Esto trae como consecuencia una mejor calidad de vida de la poblaci\u00f3n. As\u00ed como recursos naturales de calidad y que puedan perdurar el mayor tiempo posible en la naturaleza. Para lo cual se deben crear pol\u00edticas que garanticen la conservaci\u00f3n y cuidados de la naturaleza.&nbsp;<\/p>\n\n\n\n<p>Dicho de otro modo, la\u202fmeta de la econom\u00eda es elevar el nivel de vida de la poblaci\u00f3n sin afectar en gran medida los recursos naturales. Lo que implica la formulaci\u00f3n de nuevas pol\u00edticas de desarrollo que satisfagan sus necesidades econ\u00f3micas, as\u00ed como las necesidades sociales y medioambientales de los seres humanos a corto, medio y largo plazo.&nbsp;<\/p>\n\n\n\n<p>Hoy por hoy, ha tomado impulso la necesidad de vivir en equilibrio con el medio ambiente, que debe ser una prioridad para las empresas que quieren permanecer en el tiempo. Debido a ello las empresas est\u00e1n asumiendo el modelo de econom\u00eda sostenible.&nbsp;<\/p>\n\n\n\n<p>La econom\u00eda circular\u202fguarda relaci\u00f3n con la sostenibilidad, ya que su objetivo es que el valor de los productos, materiales y recursos, como el agua y la energ\u00eda, se mantengan en la econom\u00eda durante el mayor tiempo posible. Todo esto tiene la finalidad de reducir al m\u00ednimo la producci\u00f3n de basura o desechos.&nbsp;<\/p>\n\n\n\n<p>Por otra parte, la econom\u00eda circular como factor de desarrollo sustentable del sector productivo permite\u202faprovechar<strong>\u202f<\/strong>todos los\u202fresiduos para reciclarlos<strong>\u202f<\/strong>y\u202fdarles una nueva vida<strong>,<\/strong> o transformarlos en nuevos productos. tal y como sucede en la naturaleza, donde todo se aprovecha y se transforma.&nbsp;<\/p>\n\n\n\n<p>De este modo, el equilibrio entre el progreso y la sostenibilidad est\u00e1 garantizado, dado que los\u202fresiduos<strong>\u202f<\/strong>generados<strong>\u202f<\/strong>sirven de materia prima para otras industria<strong>s<\/strong>, que al mismo tiempo se convierten en fuentes de empleo para muchos.&nbsp;<\/p>\n\n\n\n<p>Una de las prioridades es dar importancia a los recursos locales o municipales. Reutilizar los recursos locales nos libera de la necesidad de importar materias primas as\u00ed que, sin duda, la econom\u00eda circular y sustentable nos hace ahorrar tiempo y dinero.&nbsp;<\/p>\n\n\n\n<p>La adecuada protecci\u00f3n y conservaci\u00f3n del ambiente representa uno de los retos m\u00e1s importantes a los que se enfrenta la humanidad. Es evidente que se necesitan cambios dr\u00e1sticos y normas muy estrictas si se quiere conservar la calidad de vida en el planeta. Como miembros de la sociedad debemos participar en forma activa en la creaci\u00f3n de leyes y reglamentos que tengan un impacto ben\u00e9fico para el ambiente, nuestra salud y la econom\u00eda. Es importante se\u00f1alar que las soluciones al problema de la contaminaci\u00f3n est\u00e1n m\u00e1s cerca de lo que uno cree, ya que es posible en nuestra vida cotidiana contribuir con actividades sencillas a mejorar nuestro entorno, como, por ejemplo, consumir productos no contaminantes, disminuir el uso del autom\u00f3vil, separar los desechos reciclables en el hogar, crear espacios verdes, entre otras medidas. Es precisamente aqu\u00ed donde se manifiesta en forma m\u00e1s categ\u00f3rica el hecho de pensar globalmente, pero actuar localmente.&nbsp;<\/p>\n\n\n\n<p>*Cristi\u00e1n Frers \u2013 T\u00e9cnico Superior en Gesti\u00f3n Ambiental y T\u00e9cnico Superior en Comunicaci\u00f3n Social (Periodista).\u00a0<\/p>\n","protected":false},"excerpt":{"rendered":"<p>Por Cristi\u00e1n Frers &#8211; Muchos de los\u202fretos a los que se enfrenta el ser humano, tales como el cambio clim\u00e1tico, la escasez de agua, las desigualdades o el hambre, solo se pueden resolver promoviendo el desarrollo sostenible <\/p>\n","protected":false},"author":1,"featured_media":143935,"comment_status":"closed","ping_status":"open","sticky":false,"template":"","format":"standard","meta":{"_monsterinsights_skip_tracking":false,"_monsterinsights_sitenote_active":false,"_monsterinsights_sitenote_note":"","_monsterinsights_sitenote_category":0,"jetpack_post_was_ever_published":false,"_jetpack_newsletter_access":"","_jetpack_dont_email_post_to_subs":false,"_jetpack_newsletter_tier_id":0,"_jetpack_memberships_contains_paywalled_content":false,"_jetpack_memberships_contains_paid_content":false,"footnotes":"","jetpack_publicize_message":"","jetpack_publicize_feature_enabled":true,"jetpack_social_post_already_shared":true,"jetpack_social_options":{"image_generator_settings":{"template":"highway","default_image_id":0,"font":"","enabled":false},"version":2},"_wpas_customize_per_network":false},"categories":[1],"tags":[9001,13876,8748],"class_list":["post-155091","post","type-post","status-publish","format-standard","has-post-thumbnail","hentry","category-opinion","tag-ambiente","tag-cambio-climatico","tag-opinion","generate-columns","tablet-grid-50","mobile-grid-100","grid-parent","grid-50"],"jetpack_publicize_connections":[],"jetpack_featured_media_url":"https:\/\/www.hoymercedes.com.ar\/principal\/wp-content\/uploads\/2022\/02\/ambiente-cambio-climatico.jpg","wps_subtitle":"","jetpack_sharing_enabled":true,"_links":{"self":[{"href":"https:\/\/www.hoymercedes.com.ar\/principal\/wp-json\/wp\/v2\/posts\/155091","targetHints":{"allow":["GET"]}}],"collection":[{"href":"https:\/\/www.hoymercedes.com.ar\/principal\/wp-json\/wp\/v2\/posts"}],"about":[{"href":"https:\/\/www.hoymercedes.com.ar\/principal\/wp-json\/wp\/v2\/types\/post"}],"author":[{"embeddable":true,"href":"https:\/\/www.hoymercedes.com.ar\/principal\/wp-json\/wp\/v2\/users\/1"}],"replies":[{"embeddable":true,"href":"https:\/\/www.hoymercedes.com.ar\/principal\/wp-json\/wp\/v2\/comments?post=155091"}],"version-history":[{"count":0,"href":"https:\/\/www.hoymercedes.com.ar\/principal\/wp-json\/wp\/v2\/posts\/155091\/revisions"}],"wp:featuredmedia":[{"embeddable":true,"href":"https:\/\/www.hoymercedes.com.ar\/principal\/wp-json\/wp\/v2\/media\/143935"}],"wp:attachment":[{"href":"https:\/\/www.hoymercedes.com.ar\/principal\/wp-json\/wp\/v2\/media?parent=155091"}],"wp:term":[{"taxonomy":"category","embeddable":true,"href":"https:\/\/www.hoymercedes.com.ar\/principal\/wp-json\/wp\/v2\/categories?post=155091"},{"taxonomy":"post_tag","embeddable":true,"href":"https:\/\/www.hoymercedes.com.ar\/principal\/wp-json\/wp\/v2\/tags?post=155091"}],"curies":[{"name":"wp","href":"https:\/\/api.w.org\/{rel}","templated":true}]}}