{"id":155156,"date":"2022-11-10T07:35:00","date_gmt":"2022-11-10T10:35:00","guid":{"rendered":"https:\/\/www.hoymercedes.com.ar\/principal\/?p=155156"},"modified":"2022-11-09T20:05:51","modified_gmt":"2022-11-09T23:05:51","slug":"en-el-estudio-cueto-haran-un-laboratorio-de-autorretratos","status":"publish","type":"post","link":"https:\/\/www.hoymercedes.com.ar\/principal\/2022\/11\/10\/en-el-estudio-cueto-haran-un-laboratorio-de-autorretratos\/","title":{"rendered":"En el Estudio Cueto har\u00e1n un \u00abLaboratorio de Autorretratos\u00bb"},"content":{"rendered":"\n<p>El Estudio de Arte Cueto anunci\u00f3 que el venidero 12 de noviembre llevar\u00e1 adelante un Seminario Intensivo a cargo de Marcela Cueto y Paula Figoli. Bajo el t\u00edtulo \u00abLaboratorio de Autorretratos\u00bb, la capacitaci\u00f3n de tres horas trabajar\u00e1 diferentes aspectos y t\u00e9cnicas de los retratos y autorretratos. <\/p>\n\n\n<div class=\"wp-block-image\">\n<figure class=\"aligncenter size-full\"><img loading=\"lazy\" decoding=\"async\" width=\"432\" height=\"800\" data-attachment-id=\"155154\" data-permalink=\"https:\/\/www.hoymercedes.com.ar\/principal\/2022\/11\/08\/inicia-pre-inscripcion-online-para-la-tecnicatura-en-enfermeria\/laboratorio-retrato-23\/#main\" data-orig-file=\"https:\/\/www.hoymercedes.com.ar\/principal\/wp-content\/uploads\/2022\/11\/laboratorio-retrato-23.jpeg\" data-orig-size=\"432,800\" data-comments-opened=\"0\" data-image-meta=\"{&quot;aperture&quot;:&quot;0&quot;,&quot;credit&quot;:&quot;&quot;,&quot;camera&quot;:&quot;&quot;,&quot;caption&quot;:&quot;&quot;,&quot;created_timestamp&quot;:&quot;1667910030&quot;,&quot;copyright&quot;:&quot;&quot;,&quot;focal_length&quot;:&quot;0&quot;,&quot;iso&quot;:&quot;0&quot;,&quot;shutter_speed&quot;:&quot;0&quot;,&quot;title&quot;:&quot;&quot;,&quot;orientation&quot;:&quot;1&quot;}\" data-image-title=\"laboratorio retrato 23\" data-image-description=\"\" data-image-caption=\"\" data-large-file=\"https:\/\/www.hoymercedes.com.ar\/principal\/wp-content\/uploads\/2022\/11\/laboratorio-retrato-23.jpeg\" src=\"https:\/\/www.hoymercedes.com.ar\/principal\/wp-content\/uploads\/2022\/11\/laboratorio-retrato-23.jpeg\" alt=\"\" class=\"wp-image-155154\" srcset=\"https:\/\/www.hoymercedes.com.ar\/principal\/wp-content\/uploads\/2022\/11\/laboratorio-retrato-23.jpeg 432w, https:\/\/www.hoymercedes.com.ar\/principal\/wp-content\/uploads\/2022\/11\/laboratorio-retrato-23-335x620.jpeg 335w, https:\/\/www.hoymercedes.com.ar\/principal\/wp-content\/uploads\/2022\/11\/laboratorio-retrato-23-81x150.jpeg 81w\" sizes=\"auto, (max-width: 432px) 100vw, 432px\" \/><\/figure>\n<\/div>\n\n\n<p>En di\u00e1logo con FM Santa Mar\u00eda, Marcela Cueto adelant\u00f3 pautas de trabajo del Seminario Intensivo. \u00abEn un trabajo de pareja pedag\u00f3gica con Paula Figoli, llevaremos adelante este &#8216;Laboratorio&#8217; y quienes se inscriban para venir a dibujar el s\u00e1bado a la ma\u00f1ana, de 10 a 13 horas, podr\u00e1n, por un lado, con mi gu\u00eda y mis indicaciones, dibujar su propio rostro, siguiendo determinadas normas, reglas o recursos que facilitan lograr el objetivo de plasmar la propia imagen\u00bb, explic\u00f3 la profesora de artes pl\u00e1sticas. <\/p>\n\n\n\n<p>\u00abCon Paula (Figoli) trabajar\u00e1n el autorretrato desde otro punto de vista, m\u00e1s subjetivo, m\u00e1s constructivo, trabajando con im\u00e1genes, con textos con los que se sientan identificados, que pueden traer al Seminario. Es m\u00e1s introspectivo, pero a la vez con un componente l\u00fadico, aleatorio. Donde la imagen no s\u00f3lo se forma desde lo que se observa, sino que tambi\u00e9n se pone en juego lo que uno persive de s\u00ed mismo\u00bb, agreg\u00f3 la titular del estudio de arte. <\/p>\n\n\n\n<p>\u00abEs una propuesta interesante porque tiene dos enfoques diferentes del mismo tema\u00bb, resalt\u00f3 Marcela Cueto. Para los interesados en participar, pueden comunicarse por mensaje al Facebook de <a href=\"https:\/\/www.facebook.com\/marcela.cueto.71\" target=\"_blank\" rel=\"noreferrer noopener\">Marcela <\/a>(https:\/\/www.facebook.com\/marcela.cueto.71). Los cupos son limitados. <\/p>\n\n\n<div class=\"wp-block-image\">\n<figure class=\"aligncenter size-full\"><img loading=\"lazy\" decoding=\"async\" width=\"800\" height=\"800\" data-attachment-id=\"155153\" data-permalink=\"https:\/\/www.hoymercedes.com.ar\/principal\/2022\/11\/08\/inicia-pre-inscripcion-online-para-la-tecnicatura-en-enfermeria\/laboratorio-retrato-1\/#main\" data-orig-file=\"https:\/\/www.hoymercedes.com.ar\/principal\/wp-content\/uploads\/2022\/11\/laboratorio-retrato-1.jpeg\" data-orig-size=\"800,800\" data-comments-opened=\"0\" data-image-meta=\"{&quot;aperture&quot;:&quot;0&quot;,&quot;credit&quot;:&quot;&quot;,&quot;camera&quot;:&quot;&quot;,&quot;caption&quot;:&quot;&quot;,&quot;created_timestamp&quot;:&quot;0&quot;,&quot;copyright&quot;:&quot;&quot;,&quot;focal_length&quot;:&quot;0&quot;,&quot;iso&quot;:&quot;0&quot;,&quot;shutter_speed&quot;:&quot;0&quot;,&quot;title&quot;:&quot;&quot;,&quot;orientation&quot;:&quot;0&quot;}\" data-image-title=\"laboratorio retrato 1\" data-image-description=\"\" data-image-caption=\"\" data-large-file=\"https:\/\/www.hoymercedes.com.ar\/principal\/wp-content\/uploads\/2022\/11\/laboratorio-retrato-1.jpeg\" src=\"https:\/\/www.hoymercedes.com.ar\/principal\/wp-content\/uploads\/2022\/11\/laboratorio-retrato-1.jpeg\" alt=\"\" class=\"wp-image-155153\" srcset=\"https:\/\/www.hoymercedes.com.ar\/principal\/wp-content\/uploads\/2022\/11\/laboratorio-retrato-1.jpeg 800w, https:\/\/www.hoymercedes.com.ar\/principal\/wp-content\/uploads\/2022\/11\/laboratorio-retrato-1-620x620.jpeg 620w, https:\/\/www.hoymercedes.com.ar\/principal\/wp-content\/uploads\/2022\/11\/laboratorio-retrato-1-150x150.jpeg 150w\" sizes=\"auto, (max-width: 800px) 100vw, 800px\" \/><\/figure>\n<\/div>","protected":false},"excerpt":{"rendered":"<p>El Estudio de Arte Cueto anunci\u00f3 que el venidero 12 de noviembre llevar\u00e1 adelante un Seminario Intensivo a cargo de Marcela Cueto y Paula Figoli.<\/p>\n","protected":false},"author":1,"featured_media":155153,"comment_status":"closed","ping_status":"open","sticky":false,"template":"","format":"standard","meta":{"_monsterinsights_skip_tracking":false,"_monsterinsights_sitenote_active":false,"_monsterinsights_sitenote_note":"","_monsterinsights_sitenote_category":0,"jetpack_post_was_ever_published":false,"_jetpack_newsletter_access":"","_jetpack_dont_email_post_to_subs":false,"_jetpack_newsletter_tier_id":0,"_jetpack_memberships_contains_paywalled_content":false,"_jetpack_memberships_contains_paid_content":false,"footnotes":"","jetpack_publicize_message":"","jetpack_publicize_feature_enabled":true,"jetpack_social_post_already_shared":true,"jetpack_social_options":{"image_generator_settings":{"template":"highway","default_image_id":0,"font":"","enabled":false},"version":2},"_wpas_customize_per_network":false},"categories":[8],"tags":[7805],"class_list":["post-155156","post","type-post","status-publish","format-standard","has-post-thumbnail","hentry","category-sociedad","tag-cultura","generate-columns","tablet-grid-50","mobile-grid-100","grid-parent","grid-50"],"jetpack_publicize_connections":[],"jetpack_featured_media_url":"https:\/\/www.hoymercedes.com.ar\/principal\/wp-content\/uploads\/2022\/11\/laboratorio-retrato-1.jpeg","wps_subtitle":"","jetpack_sharing_enabled":true,"_links":{"self":[{"href":"https:\/\/www.hoymercedes.com.ar\/principal\/wp-json\/wp\/v2\/posts\/155156","targetHints":{"allow":["GET"]}}],"collection":[{"href":"https:\/\/www.hoymercedes.com.ar\/principal\/wp-json\/wp\/v2\/posts"}],"about":[{"href":"https:\/\/www.hoymercedes.com.ar\/principal\/wp-json\/wp\/v2\/types\/post"}],"author":[{"embeddable":true,"href":"https:\/\/www.hoymercedes.com.ar\/principal\/wp-json\/wp\/v2\/users\/1"}],"replies":[{"embeddable":true,"href":"https:\/\/www.hoymercedes.com.ar\/principal\/wp-json\/wp\/v2\/comments?post=155156"}],"version-history":[{"count":0,"href":"https:\/\/www.hoymercedes.com.ar\/principal\/wp-json\/wp\/v2\/posts\/155156\/revisions"}],"wp:featuredmedia":[{"embeddable":true,"href":"https:\/\/www.hoymercedes.com.ar\/principal\/wp-json\/wp\/v2\/media\/155153"}],"wp:attachment":[{"href":"https:\/\/www.hoymercedes.com.ar\/principal\/wp-json\/wp\/v2\/media?parent=155156"}],"wp:term":[{"taxonomy":"category","embeddable":true,"href":"https:\/\/www.hoymercedes.com.ar\/principal\/wp-json\/wp\/v2\/categories?post=155156"},{"taxonomy":"post_tag","embeddable":true,"href":"https:\/\/www.hoymercedes.com.ar\/principal\/wp-json\/wp\/v2\/tags?post=155156"}],"curies":[{"name":"wp","href":"https:\/\/api.w.org\/{rel}","templated":true}]}}