{"id":155160,"date":"2022-11-08T16:55:14","date_gmt":"2022-11-08T19:55:14","guid":{"rendered":"https:\/\/www.hoymercedes.com.ar\/principal\/?p=155160"},"modified":"2022-11-08T16:55:45","modified_gmt":"2022-11-08T19:55:45","slug":"kicillof-y-ustarroz-inauguraron-el-jardin-de-infantes-rural-n7-en-la-verde","status":"publish","type":"post","link":"https:\/\/www.hoymercedes.com.ar\/principal\/2022\/11\/08\/kicillof-y-ustarroz-inauguraron-el-jardin-de-infantes-rural-n7-en-la-verde\/","title":{"rendered":"Kicillof y Ustarroz inauguraron el Jard\u00edn de Infantes Rural N\u00b07 en La Verde"},"content":{"rendered":"\n<figure class=\"wp-block-image size-large\"><img loading=\"lazy\" decoding=\"async\" width=\"1024\" height=\"683\" data-attachment-id=\"155161\" data-permalink=\"https:\/\/www.hoymercedes.com.ar\/principal\/2022\/11\/08\/kicillof-y-ustarroz-inauguraron-el-jardin-de-infantes-rural-n7-en-la-verde\/2022_11_08-ak-jardin-rural-7-sge_1587\/#main\" data-orig-file=\"https:\/\/www.hoymercedes.com.ar\/principal\/wp-content\/uploads\/2022\/11\/2022_11_08-AK-Jardin-Rural-7-SGE_1587-scaled.jpg\" data-orig-size=\"2560,1707\" data-comments-opened=\"0\" data-image-meta=\"{&quot;aperture&quot;:&quot;4&quot;,&quot;credit&quot;:&quot;&quot;,&quot;camera&quot;:&quot;NIKON D850&quot;,&quot;caption&quot;:&quot;&quot;,&quot;created_timestamp&quot;:&quot;1667907429&quot;,&quot;copyright&quot;:&quot;&quot;,&quot;focal_length&quot;:&quot;16&quot;,&quot;iso&quot;:&quot;500&quot;,&quot;shutter_speed&quot;:&quot;0.0005&quot;,&quot;title&quot;:&quot;&quot;,&quot;orientation&quot;:&quot;0&quot;}\" data-image-title=\"2022_11_08-AK-Jardin-Rural-7-SGE_1587\" data-image-description=\"\" data-image-caption=\"\" data-large-file=\"https:\/\/www.hoymercedes.com.ar\/principal\/wp-content\/uploads\/2022\/11\/2022_11_08-AK-Jardin-Rural-7-SGE_1587-1024x683.jpg\" src=\"https:\/\/www.hoymercedes.com.ar\/principal\/wp-content\/uploads\/2022\/11\/2022_11_08-AK-Jardin-Rural-7-SGE_1587-1024x683.jpg\" alt=\"\" class=\"wp-image-155161\" srcset=\"https:\/\/www.hoymercedes.com.ar\/principal\/wp-content\/uploads\/2022\/11\/2022_11_08-AK-Jardin-Rural-7-SGE_1587-1024x683.jpg 1024w, https:\/\/www.hoymercedes.com.ar\/principal\/wp-content\/uploads\/2022\/11\/2022_11_08-AK-Jardin-Rural-7-SGE_1587-630x420.jpg 630w, https:\/\/www.hoymercedes.com.ar\/principal\/wp-content\/uploads\/2022\/11\/2022_11_08-AK-Jardin-Rural-7-SGE_1587-150x100.jpg 150w, https:\/\/www.hoymercedes.com.ar\/principal\/wp-content\/uploads\/2022\/11\/2022_11_08-AK-Jardin-Rural-7-SGE_1587-1536x1024.jpg 1536w, https:\/\/www.hoymercedes.com.ar\/principal\/wp-content\/uploads\/2022\/11\/2022_11_08-AK-Jardin-Rural-7-SGE_1587-2048x1365.jpg 2048w\" sizes=\"auto, (max-width: 1024px) 100vw, 1024px\" \/><\/figure>\n\n\n\n<p>El gobernador Kicillof y el intendente Ustarroz encabezaron el acto de inauguraci\u00f3n formal del Jard\u00edn de Infantes Rural y de Islas de Matr\u00edcula M\u00ednima (JIRIMM) N\u00b07, en la localidad de La Verde. Adem\u00e1s, dicha instituci\u00f3n fue recientemente re abierta. El acto cont\u00f3 con la participaci\u00f3n de las familias, ni\u00f1os, ni\u00f1as e invitados, entre ellos el director general de Cultura y Educaci\u00f3n, Alberto Sileoni; la ministra de Gobierno, Cristina \u00c1lvarez Rodr\u00edguez; y la directora de la instituci\u00f3n, Ana Carruther.<\/p>\n\n\n\n<figure class=\"wp-block-image size-large\"><img loading=\"lazy\" decoding=\"async\" width=\"1024\" height=\"683\" data-attachment-id=\"155162\" data-permalink=\"https:\/\/www.hoymercedes.com.ar\/principal\/2022\/11\/08\/kicillof-y-ustarroz-inauguraron-el-jardin-de-infantes-rural-n7-en-la-verde\/2022_11_08-ak-jardin-rural-7-sge_1276\/#main\" data-orig-file=\"https:\/\/www.hoymercedes.com.ar\/principal\/wp-content\/uploads\/2022\/11\/2022_11_08-AK-Jardin-Rural-7-SGE_1276-scaled.jpg\" data-orig-size=\"2560,1707\" data-comments-opened=\"0\" data-image-meta=\"{&quot;aperture&quot;:&quot;3.5&quot;,&quot;credit&quot;:&quot;&quot;,&quot;camera&quot;:&quot;NIKON D850&quot;,&quot;caption&quot;:&quot;&quot;,&quot;created_timestamp&quot;:&quot;1667906172&quot;,&quot;copyright&quot;:&quot;&quot;,&quot;focal_length&quot;:&quot;112&quot;,&quot;iso&quot;:&quot;640&quot;,&quot;shutter_speed&quot;:&quot;0.0003125&quot;,&quot;title&quot;:&quot;&quot;,&quot;orientation&quot;:&quot;0&quot;}\" data-image-title=\"2022_11_08-AK-Jardin-Rural-7-SGE_1276\" data-image-description=\"\" data-image-caption=\"\" data-large-file=\"https:\/\/www.hoymercedes.com.ar\/principal\/wp-content\/uploads\/2022\/11\/2022_11_08-AK-Jardin-Rural-7-SGE_1276-1024x683.jpg\" src=\"https:\/\/www.hoymercedes.com.ar\/principal\/wp-content\/uploads\/2022\/11\/2022_11_08-AK-Jardin-Rural-7-SGE_1276-1024x683.jpg\" alt=\"\" class=\"wp-image-155162\" srcset=\"https:\/\/www.hoymercedes.com.ar\/principal\/wp-content\/uploads\/2022\/11\/2022_11_08-AK-Jardin-Rural-7-SGE_1276-1024x683.jpg 1024w, https:\/\/www.hoymercedes.com.ar\/principal\/wp-content\/uploads\/2022\/11\/2022_11_08-AK-Jardin-Rural-7-SGE_1276-630x420.jpg 630w, https:\/\/www.hoymercedes.com.ar\/principal\/wp-content\/uploads\/2022\/11\/2022_11_08-AK-Jardin-Rural-7-SGE_1276-150x100.jpg 150w, https:\/\/www.hoymercedes.com.ar\/principal\/wp-content\/uploads\/2022\/11\/2022_11_08-AK-Jardin-Rural-7-SGE_1276-1536x1024.jpg 1536w, https:\/\/www.hoymercedes.com.ar\/principal\/wp-content\/uploads\/2022\/11\/2022_11_08-AK-Jardin-Rural-7-SGE_1276-2048x1365.jpg 2048w\" sizes=\"auto, (max-width: 1024px) 100vw, 1024px\" \/><\/figure>\n\n\n\n<p><strong>Recuperaci\u00f3n<\/strong><\/p>\n\n\n\n<p>\u201cHemos puesto en valor esta escuela e inaugurado este jard\u00edn porque somos parte de un Gobierno que entiende que el acceso a la educaci\u00f3n genera un cambio profundo en las perspectivas de nuestra sociedad y, sobre todo, de quienes m\u00e1s lo necesitan\u201d, asegur\u00f3 Kicillof y agreg\u00f3: \u201cCon estas instituciones, estamos garantizando el derecho de familias de trabajadores y trabajadoras del \u00e1mbito rural, quienes merecen contar con las mismas oportunidades que tienen todos y todas las habitantes de cada esquina de la provincia\u201d.<\/p>\n\n\n\n<p><strong>Educaci\u00f3n<\/strong><\/p>\n\n\n\n<p>En ese sentido, el Gobernador se\u00f1al\u00f3 que \u201ces muy importante que, quienes realmente generan gran parte de la riqueza en el interior de la provincia, tengan educaci\u00f3n y salud en el lugar en el que viven\u201d. \u201cEn este momento en el que se est\u00e1 discutiendo nuevamente qu\u00e9 modelo de pa\u00eds queremos, nosotros promovemos una provincia en donde haya escuelas, hospitales y un Estado presente para reconocer derechos en cada lugar donde se lo necesite\u201d, a\u00f1adi\u00f3.<\/p>\n\n\n\n<p><strong>Escuela y Jard\u00edn<\/strong><\/p>\n\n\n\n<p>El JIRIMM N\u00b07 comparte instalaciones con la Escuela Primaria N\u00b0 29 y cuenta con una matr\u00edcula inicial de cuatro estudiantes, con perspectivas ahora de seguir creciendo en beneficio de los vecinos y vecinas del Paraje \u201cLa Verde\u201d, zona cercana a la localidad de Tom\u00e1s Jofr\u00e9.<\/p>\n\n\n\n<figure class=\"wp-block-image size-large\"><img loading=\"lazy\" decoding=\"async\" width=\"1024\" height=\"683\" data-attachment-id=\"155164\" data-permalink=\"https:\/\/www.hoymercedes.com.ar\/principal\/2022\/11\/08\/kicillof-y-ustarroz-inauguraron-el-jardin-de-infantes-rural-n7-en-la-verde\/2022_11_08-ak-jardin-rural-7-sge_0752\/#main\" data-orig-file=\"https:\/\/www.hoymercedes.com.ar\/principal\/wp-content\/uploads\/2022\/11\/2022_11_08-AK-Jardin-Rural-7-SGE_0752-scaled.jpg\" data-orig-size=\"2560,1707\" data-comments-opened=\"0\" data-image-meta=\"{&quot;aperture&quot;:&quot;4&quot;,&quot;credit&quot;:&quot;&quot;,&quot;camera&quot;:&quot;NIKON D850&quot;,&quot;caption&quot;:&quot;&quot;,&quot;created_timestamp&quot;:&quot;1667901664&quot;,&quot;copyright&quot;:&quot;&quot;,&quot;focal_length&quot;:&quot;16&quot;,&quot;iso&quot;:&quot;125&quot;,&quot;shutter_speed&quot;:&quot;0.004&quot;,&quot;title&quot;:&quot;&quot;,&quot;orientation&quot;:&quot;0&quot;}\" data-image-title=\"2022_11_08-AK-Jardin-Rural-7-SGE_0752\" data-image-description=\"\" data-image-caption=\"\" data-large-file=\"https:\/\/www.hoymercedes.com.ar\/principal\/wp-content\/uploads\/2022\/11\/2022_11_08-AK-Jardin-Rural-7-SGE_0752-1024x683.jpg\" src=\"https:\/\/www.hoymercedes.com.ar\/principal\/wp-content\/uploads\/2022\/11\/2022_11_08-AK-Jardin-Rural-7-SGE_0752-1024x683.jpg\" alt=\"\" class=\"wp-image-155164\" srcset=\"https:\/\/www.hoymercedes.com.ar\/principal\/wp-content\/uploads\/2022\/11\/2022_11_08-AK-Jardin-Rural-7-SGE_0752-1024x683.jpg 1024w, https:\/\/www.hoymercedes.com.ar\/principal\/wp-content\/uploads\/2022\/11\/2022_11_08-AK-Jardin-Rural-7-SGE_0752-630x420.jpg 630w, https:\/\/www.hoymercedes.com.ar\/principal\/wp-content\/uploads\/2022\/11\/2022_11_08-AK-Jardin-Rural-7-SGE_0752-150x100.jpg 150w, https:\/\/www.hoymercedes.com.ar\/principal\/wp-content\/uploads\/2022\/11\/2022_11_08-AK-Jardin-Rural-7-SGE_0752-1536x1024.jpg 1536w, https:\/\/www.hoymercedes.com.ar\/principal\/wp-content\/uploads\/2022\/11\/2022_11_08-AK-Jardin-Rural-7-SGE_0752-2048x1365.jpg 2048w\" sizes=\"auto, (max-width: 1024px) 100vw, 1024px\" \/><\/figure>\n\n\n\n<p><strong>Importancia<\/strong><\/p>\n\n\n\n<p>Por su parte, el intendente Ustarroz remarc\u00f3: \u201cCon este jard\u00edn y esta escuela que estuvo cerrada durante muchos a\u00f1os, se observa la importancia del arraigo. Aqu\u00ed hay un Estado que est\u00e1 cerca de nuestro pueblo y que le permite proyectar el futuro a trav\u00e9s de la educaci\u00f3n\u201d. \u201cVamos a seguir trabajando en la construcci\u00f3n de un futuro mejor, en el que la educaci\u00f3n, el empleo, la vivienda y el desarrollo de la comunidad sean los ejes centrales\u201d, dijo.<\/p>\n\n\n\n<figure class=\"wp-block-image size-full\"><img loading=\"lazy\" decoding=\"async\" width=\"922\" height=\"615\" data-attachment-id=\"155163\" data-permalink=\"https:\/\/www.hoymercedes.com.ar\/principal\/2022\/11\/08\/kicillof-y-ustarroz-inauguraron-el-jardin-de-infantes-rural-n7-en-la-verde\/dsc02550\/#main\" data-orig-file=\"https:\/\/www.hoymercedes.com.ar\/principal\/wp-content\/uploads\/2022\/11\/DSC02550.jpg\" data-orig-size=\"922,615\" data-comments-opened=\"0\" data-image-meta=\"{&quot;aperture&quot;:&quot;0&quot;,&quot;credit&quot;:&quot;&quot;,&quot;camera&quot;:&quot;&quot;,&quot;caption&quot;:&quot;&quot;,&quot;created_timestamp&quot;:&quot;0&quot;,&quot;copyright&quot;:&quot;&quot;,&quot;focal_length&quot;:&quot;0&quot;,&quot;iso&quot;:&quot;0&quot;,&quot;shutter_speed&quot;:&quot;0&quot;,&quot;title&quot;:&quot;&quot;,&quot;orientation&quot;:&quot;0&quot;}\" data-image-title=\"DSC02550\" data-image-description=\"\" data-image-caption=\"\" data-large-file=\"https:\/\/www.hoymercedes.com.ar\/principal\/wp-content\/uploads\/2022\/11\/DSC02550.jpg\" src=\"https:\/\/www.hoymercedes.com.ar\/principal\/wp-content\/uploads\/2022\/11\/DSC02550.jpg\" alt=\"\" class=\"wp-image-155163\" srcset=\"https:\/\/www.hoymercedes.com.ar\/principal\/wp-content\/uploads\/2022\/11\/DSC02550.jpg 922w, https:\/\/www.hoymercedes.com.ar\/principal\/wp-content\/uploads\/2022\/11\/DSC02550-630x420.jpg 630w, https:\/\/www.hoymercedes.com.ar\/principal\/wp-content\/uploads\/2022\/11\/DSC02550-150x100.jpg 150w\" sizes=\"auto, (max-width: 922px) 100vw, 922px\" \/><\/figure>\n\n\n\n<p>Para su puesta en funcionamiento fue necesario primero solucionar distintas problem\u00e1ticas que padec\u00eda el edificio escolar desde 2017, cuando un \u00e1rbol cay\u00f3 sobre las instalaciones como consecuencia de un temporal. Tras a\u00f1os de abandono, se retom\u00f3 la iniciativa hasta obtener las certificaciones necesarias y el acto de habitabilidad.<\/p>\n\n\n\n<p><strong>Derechos<\/strong><\/p>\n\n\n\n<p>Asimismo, Sileoni subray\u00f3 que \u201caqu\u00ed hay derechos que se abren para ni\u00f1os y ni\u00f1as que ingresan al sistema educativo y que contar\u00e1n con un jard\u00edn al que convertir\u00e1n en su propio lugar y su casa\u201d. \u201cEsto no se puede hacer a la distancia, observando \u00fanicamente aspectos de rentabilidad: aqu\u00ed es el Estado el que llega para resguardar los derechos de cada bonaerense\u201d, manifest\u00f3.<\/p>\n\n\n\n<figure class=\"wp-block-image size-full\"><img loading=\"lazy\" decoding=\"async\" width=\"922\" height=\"615\" data-attachment-id=\"155165\" data-permalink=\"https:\/\/www.hoymercedes.com.ar\/principal\/2022\/11\/08\/kicillof-y-ustarroz-inauguraron-el-jardin-de-infantes-rural-n7-en-la-verde\/dsc02527\/#main\" data-orig-file=\"https:\/\/www.hoymercedes.com.ar\/principal\/wp-content\/uploads\/2022\/11\/DSC02527.jpg\" data-orig-size=\"922,615\" data-comments-opened=\"0\" data-image-meta=\"{&quot;aperture&quot;:&quot;0&quot;,&quot;credit&quot;:&quot;&quot;,&quot;camera&quot;:&quot;&quot;,&quot;caption&quot;:&quot;&quot;,&quot;created_timestamp&quot;:&quot;0&quot;,&quot;copyright&quot;:&quot;&quot;,&quot;focal_length&quot;:&quot;0&quot;,&quot;iso&quot;:&quot;0&quot;,&quot;shutter_speed&quot;:&quot;0&quot;,&quot;title&quot;:&quot;&quot;,&quot;orientation&quot;:&quot;0&quot;}\" data-image-title=\"DSC02527\" data-image-description=\"\" data-image-caption=\"\" data-large-file=\"https:\/\/www.hoymercedes.com.ar\/principal\/wp-content\/uploads\/2022\/11\/DSC02527.jpg\" src=\"https:\/\/www.hoymercedes.com.ar\/principal\/wp-content\/uploads\/2022\/11\/DSC02527.jpg\" alt=\"\" class=\"wp-image-155165\" srcset=\"https:\/\/www.hoymercedes.com.ar\/principal\/wp-content\/uploads\/2022\/11\/DSC02527.jpg 922w, https:\/\/www.hoymercedes.com.ar\/principal\/wp-content\/uploads\/2022\/11\/DSC02527-630x420.jpg 630w, https:\/\/www.hoymercedes.com.ar\/principal\/wp-content\/uploads\/2022\/11\/DSC02527-150x100.jpg 150w\" sizes=\"auto, (max-width: 922px) 100vw, 922px\" \/><\/figure>\n\n\n\n<p><strong>Directora EP N\u00ba29<\/strong><\/p>\n\n\n\n<p>\u201cEste es un acontecimiento muy esperado por nuestra comunidad educativa. Nos llena de emoci\u00f3n recibir a ni\u00f1as y ni\u00f1os para guiarlos en sus primeros pasos hacia la escolarizaci\u00f3n\u201d, afirm\u00f3 la directora Carruther, al tiempo que valor\u00f3 que \u201ccon dedicaci\u00f3n y amor, buscaremos siempre la calidad educativa en los procesos de ense\u00f1anza y aprendizaje\u201d.<\/p>\n\n\n\n<p>El polo educativo obtuvo conexi\u00f3n a internet en el marco del programa Escuelas Conectadas, en tanto que fue equipado con mobiliario nuevo y \u00fatiles escolares. La escuela fue pintada en jornadas solidarias con la comunidad y, como parte del plan Escuelas a la Obra, se llev\u00f3 a cabo la instalaci\u00f3n de gas. En Mercedes, se invirtieron 116 millones de pesos en obras de readecuaci\u00f3n, refacci\u00f3n, instalaci\u00f3n de gas y calefacci\u00f3n, agua, electricidad y sanitarios en 31 establecimientos.<\/p>\n\n\n\n<figure class=\"wp-block-image size-full\"><img loading=\"lazy\" decoding=\"async\" width=\"922\" height=\"615\" data-attachment-id=\"155166\" data-permalink=\"https:\/\/www.hoymercedes.com.ar\/principal\/2022\/11\/08\/kicillof-y-ustarroz-inauguraron-el-jardin-de-infantes-rural-n7-en-la-verde\/dsc02955\/#main\" data-orig-file=\"https:\/\/www.hoymercedes.com.ar\/principal\/wp-content\/uploads\/2022\/11\/DSC02955.jpg\" data-orig-size=\"922,615\" data-comments-opened=\"0\" data-image-meta=\"{&quot;aperture&quot;:&quot;0&quot;,&quot;credit&quot;:&quot;&quot;,&quot;camera&quot;:&quot;&quot;,&quot;caption&quot;:&quot;&quot;,&quot;created_timestamp&quot;:&quot;0&quot;,&quot;copyright&quot;:&quot;&quot;,&quot;focal_length&quot;:&quot;0&quot;,&quot;iso&quot;:&quot;0&quot;,&quot;shutter_speed&quot;:&quot;0&quot;,&quot;title&quot;:&quot;&quot;,&quot;orientation&quot;:&quot;0&quot;}\" data-image-title=\"DSC02955\" data-image-description=\"\" data-image-caption=\"\" data-large-file=\"https:\/\/www.hoymercedes.com.ar\/principal\/wp-content\/uploads\/2022\/11\/DSC02955.jpg\" src=\"https:\/\/www.hoymercedes.com.ar\/principal\/wp-content\/uploads\/2022\/11\/DSC02955.jpg\" alt=\"\" class=\"wp-image-155166\" srcset=\"https:\/\/www.hoymercedes.com.ar\/principal\/wp-content\/uploads\/2022\/11\/DSC02955.jpg 922w, https:\/\/www.hoymercedes.com.ar\/principal\/wp-content\/uploads\/2022\/11\/DSC02955-630x420.jpg 630w, https:\/\/www.hoymercedes.com.ar\/principal\/wp-content\/uploads\/2022\/11\/DSC02955-150x100.jpg 150w\" sizes=\"auto, (max-width: 922px) 100vw, 922px\" \/><\/figure>\n\n\n\n<p>Para Jos\u00e9 Lu\u00eds Pisano \u201ces un d\u00eda de fiesta. Recuperamos esta escuela, abrimos un jard\u00edn y lo celebramos con las comunidades educativas, nada m\u00e1s lindo que seguir trabajando, construyendo y cumpliendo con nuestra ciudadan\u00eda\u201d sostuvo entre otros conceptos.<\/p>\n\n\n\n<p>Por \u00faltimo, Kicillof resalt\u00f3 que \u201cesta inauguraci\u00f3n es un ejemplo de c\u00f3mo podemos seguir contribuyendo para garantizar una vida mejor a los y las bonaerenses\u201d. \u201cTener acceso a la educaci\u00f3n es tener la posibilidad de luchar por el derecho a un futuro mejor\u201d, concluy\u00f3.<\/p>\n\n\n\n<p><strong>Participaci\u00f3n<\/strong><\/p>\n\n\n\n<p>Gran parte de la comunidad estuvo presente, como ser padres y madres de las y los educandos, la secretaria de gobierno, Clara Zunino, la directora de participaci\u00f3n Mariana San Mart\u00edn, la coordinadora educativa Pamela Herrera, los inspectores Cristi\u00e1n Ponce, Gabriela Valverde, el presidente del Consejo Escolar, Jos\u00e9 Lu\u00eds Pisano, los consejeros Daniela Turnes, Walter Taramasco, la presidenta del Concejo Deliberante Evangelina Cabral, ediles del Frente de Todos, representantes de Veteranos de Malvinas, de sindicatos, de otras instituciones educativas, entre otros.<\/p>\n\n\n\n<p>La actividad adem\u00e1s permiti\u00f3 el descubrimiento de placas en conmemoraci\u00f3n de la jornada con datos de las instituciones.<\/p>\n\n\n\n<figure class=\"wp-block-image size-full\"><img loading=\"lazy\" decoding=\"async\" width=\"922\" height=\"615\" data-attachment-id=\"155167\" data-permalink=\"https:\/\/www.hoymercedes.com.ar\/principal\/2022\/11\/08\/kicillof-y-ustarroz-inauguraron-el-jardin-de-infantes-rural-n7-en-la-verde\/dsc02648\/#main\" data-orig-file=\"https:\/\/www.hoymercedes.com.ar\/principal\/wp-content\/uploads\/2022\/11\/DSC02648.jpg\" data-orig-size=\"922,615\" data-comments-opened=\"0\" data-image-meta=\"{&quot;aperture&quot;:&quot;0&quot;,&quot;credit&quot;:&quot;&quot;,&quot;camera&quot;:&quot;&quot;,&quot;caption&quot;:&quot;&quot;,&quot;created_timestamp&quot;:&quot;0&quot;,&quot;copyright&quot;:&quot;&quot;,&quot;focal_length&quot;:&quot;0&quot;,&quot;iso&quot;:&quot;0&quot;,&quot;shutter_speed&quot;:&quot;0&quot;,&quot;title&quot;:&quot;&quot;,&quot;orientation&quot;:&quot;0&quot;}\" data-image-title=\"DSC02648\" data-image-description=\"\" data-image-caption=\"\" data-large-file=\"https:\/\/www.hoymercedes.com.ar\/principal\/wp-content\/uploads\/2022\/11\/DSC02648.jpg\" src=\"https:\/\/www.hoymercedes.com.ar\/principal\/wp-content\/uploads\/2022\/11\/DSC02648.jpg\" alt=\"\" class=\"wp-image-155167\" srcset=\"https:\/\/www.hoymercedes.com.ar\/principal\/wp-content\/uploads\/2022\/11\/DSC02648.jpg 922w, https:\/\/www.hoymercedes.com.ar\/principal\/wp-content\/uploads\/2022\/11\/DSC02648-630x420.jpg 630w, https:\/\/www.hoymercedes.com.ar\/principal\/wp-content\/uploads\/2022\/11\/DSC02648-150x100.jpg 150w\" sizes=\"auto, (max-width: 922px) 100vw, 922px\" \/><\/figure>\n\n\n\n<p>Info: Educaci\u00f3n \/ Redes \/ HM<\/p>\n","protected":false},"excerpt":{"rendered":"<p>El gobernador Kicillof y el intendente Ustarroz encabezaron el acto de inauguraci\u00f3n formal del Jard\u00edn de Infantes Rural y de &#8230; <a title=\"Kicillof y Ustarroz inauguraron el Jard\u00edn de Infantes Rural N\u00b07 en La Verde\" class=\"read-more\" href=\"https:\/\/www.hoymercedes.com.ar\/principal\/2022\/11\/08\/kicillof-y-ustarroz-inauguraron-el-jardin-de-infantes-rural-n7-en-la-verde\/\" aria-label=\"Leer m\u00e1s sobre Kicillof y Ustarroz inauguraron el Jard\u00edn de Infantes Rural N\u00b07 en La Verde\">Leer m\u00e1s<\/a><\/p>\n","protected":false},"author":1,"featured_media":155161,"comment_status":"closed","ping_status":"open","sticky":false,"template":"","format":"standard","meta":{"_monsterinsights_skip_tracking":false,"_monsterinsights_sitenote_active":false,"_monsterinsights_sitenote_note":"","_monsterinsights_sitenote_category":0,"jetpack_post_was_ever_published":false,"_jetpack_newsletter_access":"","_jetpack_dont_email_post_to_subs":false,"_jetpack_newsletter_tier_id":0,"_jetpack_memberships_contains_paywalled_content":false,"_jetpack_memberships_contains_paid_content":false,"footnotes":"","jetpack_publicize_message":"","jetpack_publicize_feature_enabled":true,"jetpack_social_post_already_shared":true,"jetpack_social_options":{"image_generator_settings":{"template":"highway","default_image_id":0,"font":"","enabled":false},"version":2},"_wpas_customize_per_network":false},"categories":[23],"tags":[18552,18551,17615,585,15795,3558,18555],"class_list":["post-155160","post","type-post","status-publish","format-standard","has-post-thumbnail","hentry","category-educacion","tag-alberto-sileoni","tag-axel-kicillof-en-mercedes","tag-jose-luis-pisano-2","tag-juan-ustarroz","tag-la-verde","tag-lalo-revora","tag-nueva-escuela","generate-columns","tablet-grid-50","mobile-grid-100","grid-parent","grid-50"],"jetpack_publicize_connections":[],"jetpack_featured_media_url":"https:\/\/www.hoymercedes.com.ar\/principal\/wp-content\/uploads\/2022\/11\/2022_11_08-AK-Jardin-Rural-7-SGE_1587-scaled.jpg","wps_subtitle":"Inversi\u00f3n y desarrollo educativo","jetpack_sharing_enabled":true,"_links":{"self":[{"href":"https:\/\/www.hoymercedes.com.ar\/principal\/wp-json\/wp\/v2\/posts\/155160","targetHints":{"allow":["GET"]}}],"collection":[{"href":"https:\/\/www.hoymercedes.com.ar\/principal\/wp-json\/wp\/v2\/posts"}],"about":[{"href":"https:\/\/www.hoymercedes.com.ar\/principal\/wp-json\/wp\/v2\/types\/post"}],"author":[{"embeddable":true,"href":"https:\/\/www.hoymercedes.com.ar\/principal\/wp-json\/wp\/v2\/users\/1"}],"replies":[{"embeddable":true,"href":"https:\/\/www.hoymercedes.com.ar\/principal\/wp-json\/wp\/v2\/comments?post=155160"}],"version-history":[{"count":0,"href":"https:\/\/www.hoymercedes.com.ar\/principal\/wp-json\/wp\/v2\/posts\/155160\/revisions"}],"wp:featuredmedia":[{"embeddable":true,"href":"https:\/\/www.hoymercedes.com.ar\/principal\/wp-json\/wp\/v2\/media\/155161"}],"wp:attachment":[{"href":"https:\/\/www.hoymercedes.com.ar\/principal\/wp-json\/wp\/v2\/media?parent=155160"}],"wp:term":[{"taxonomy":"category","embeddable":true,"href":"https:\/\/www.hoymercedes.com.ar\/principal\/wp-json\/wp\/v2\/categories?post=155160"},{"taxonomy":"post_tag","embeddable":true,"href":"https:\/\/www.hoymercedes.com.ar\/principal\/wp-json\/wp\/v2\/tags?post=155160"}],"curies":[{"name":"wp","href":"https:\/\/api.w.org\/{rel}","templated":true}]}}