{"id":155183,"date":"2022-11-08T23:23:00","date_gmt":"2022-11-09T02:23:00","guid":{"rendered":"https:\/\/www.hoymercedes.com.ar\/principal\/?p=155183"},"modified":"2022-11-09T08:48:28","modified_gmt":"2022-11-09T11:48:28","slug":"el-cross-del-balta-fue-un-exito-total-con-mas-de-400-atletas-inscriptos","status":"publish","type":"post","link":"https:\/\/www.hoymercedes.com.ar\/principal\/2022\/11\/08\/el-cross-del-balta-fue-un-exito-total-con-mas-de-400-atletas-inscriptos\/","title":{"rendered":"El cross del Balta fue un \u00e9xito total con m\u00e1s de 400 atletas inscriptos"},"content":{"rendered":"\n<figure class=\"wp-block-image size-full is-resized\"><img loading=\"lazy\" decoding=\"async\" data-attachment-id=\"155184\" data-permalink=\"https:\/\/www.hoymercedes.com.ar\/principal\/2022\/11\/08\/el-cross-del-balta-fue-un-exito-total-con-mas-de-400-atletas-inscriptos\/dsc_0092-4\/#main\" data-orig-file=\"https:\/\/www.hoymercedes.com.ar\/principal\/wp-content\/uploads\/2022\/11\/DSC_0092.jpg\" data-orig-size=\"923,615\" data-comments-opened=\"0\" data-image-meta=\"{&quot;aperture&quot;:&quot;0&quot;,&quot;credit&quot;:&quot;&quot;,&quot;camera&quot;:&quot;&quot;,&quot;caption&quot;:&quot;&quot;,&quot;created_timestamp&quot;:&quot;0&quot;,&quot;copyright&quot;:&quot;&quot;,&quot;focal_length&quot;:&quot;0&quot;,&quot;iso&quot;:&quot;0&quot;,&quot;shutter_speed&quot;:&quot;0&quot;,&quot;title&quot;:&quot;&quot;,&quot;orientation&quot;:&quot;0&quot;}\" data-image-title=\"DSC_0092\" data-image-description=\"\" data-image-caption=\"\" data-large-file=\"https:\/\/www.hoymercedes.com.ar\/principal\/wp-content\/uploads\/2022\/11\/DSC_0092.jpg\" src=\"https:\/\/www.hoymercedes.com.ar\/principal\/wp-content\/uploads\/2022\/11\/DSC_0092.jpg\" alt=\"\" class=\"wp-image-155184\" width=\"958\" height=\"638\" srcset=\"https:\/\/www.hoymercedes.com.ar\/principal\/wp-content\/uploads\/2022\/11\/DSC_0092.jpg 923w, https:\/\/www.hoymercedes.com.ar\/principal\/wp-content\/uploads\/2022\/11\/DSC_0092-630x420.jpg 630w, https:\/\/www.hoymercedes.com.ar\/principal\/wp-content\/uploads\/2022\/11\/DSC_0092-150x100.jpg 150w, https:\/\/www.hoymercedes.com.ar\/principal\/wp-content\/uploads\/2022\/11\/DSC_0092-700x465.jpg 700w\" sizes=\"auto, (max-width: 958px) 100vw, 958px\" \/><\/figure>\n\n\n\n<p>La prueba atl\u00e9tica de la zona rural caus\u00f3 furor en esta nueva edici\u00f3n con un r\u00e9cord de inscriptos y con unos runners que quedaron asombrados y contentos por lo desafiante que fue el recorrido planeado para esta ocasi\u00f3n.<\/p>\n\n\n\n<p>Este domingo pasado el Cross del Balta dio un salto de calidad con la participaci\u00f3n de m\u00e1s de 400 corredores de Mercedes y la zona. Se trat\u00f3 de una carrera muy desafiante, donde la principal caracter\u00edstica de este a\u00f1o fue el recorrido que parti\u00f3 desde la ex Colonia Capit\u00e1n Sarmiento.<\/p>\n\n\n\n<figure class=\"wp-block-image size-full is-resized\"><img loading=\"lazy\" decoding=\"async\" data-attachment-id=\"155185\" data-permalink=\"https:\/\/www.hoymercedes.com.ar\/principal\/2022\/11\/08\/el-cross-del-balta-fue-un-exito-total-con-mas-de-400-atletas-inscriptos\/dsc_0009-3\/#main\" data-orig-file=\"https:\/\/www.hoymercedes.com.ar\/principal\/wp-content\/uploads\/2022\/11\/DSC_0009.jpg\" data-orig-size=\"879,615\" data-comments-opened=\"0\" data-image-meta=\"{&quot;aperture&quot;:&quot;0&quot;,&quot;credit&quot;:&quot;&quot;,&quot;camera&quot;:&quot;&quot;,&quot;caption&quot;:&quot;&quot;,&quot;created_timestamp&quot;:&quot;0&quot;,&quot;copyright&quot;:&quot;&quot;,&quot;focal_length&quot;:&quot;0&quot;,&quot;iso&quot;:&quot;0&quot;,&quot;shutter_speed&quot;:&quot;0&quot;,&quot;title&quot;:&quot;&quot;,&quot;orientation&quot;:&quot;0&quot;}\" data-image-title=\"DSC_0009\" data-image-description=\"\" data-image-caption=\"\" data-large-file=\"https:\/\/www.hoymercedes.com.ar\/principal\/wp-content\/uploads\/2022\/11\/DSC_0009.jpg\" src=\"https:\/\/www.hoymercedes.com.ar\/principal\/wp-content\/uploads\/2022\/11\/DSC_0009.jpg\" alt=\"\" class=\"wp-image-155185\" width=\"959\" height=\"671\" srcset=\"https:\/\/www.hoymercedes.com.ar\/principal\/wp-content\/uploads\/2022\/11\/DSC_0009.jpg 879w, https:\/\/www.hoymercedes.com.ar\/principal\/wp-content\/uploads\/2022\/11\/DSC_0009-630x441.jpg 630w, https:\/\/www.hoymercedes.com.ar\/principal\/wp-content\/uploads\/2022\/11\/DSC_0009-150x105.jpg 150w, https:\/\/www.hoymercedes.com.ar\/principal\/wp-content\/uploads\/2022\/11\/DSC_0009-120x85.jpg 120w\" sizes=\"auto, (max-width: 959px) 100vw, 959px\" \/><\/figure>\n\n\n\n<p>El cross en esta edici\u00f3n promovi\u00f3 un nuevo y desafiante recorrido por el coraz\u00f3n de la reserva natural del arroyo Balta. Las categor\u00edas para los runners fueron de 7 y 14 kil\u00f3metros, mientras que tambi\u00e9n se promovi\u00f3 una caminata libre de 7 kil\u00f3metros y una para adultos mayores de 5 kil\u00f3metros.<\/p>\n\n\n\n<p>\u201cLa gente qued\u00f3 maravillada con lo desafiante que fue el recorrido. Planificamos pasadas por asfalto, tierra, campo arado, cruce de agua, subidas y bajadas todo muy diverso y motivador para los corredores. Un hecho que me gustar\u00eda destacar fue el debut de muchas personas en este tipo de competencia que tiene que ver con el esp\u00edritu del cross, de fomentar el deporte. En este punto quiero agradecer el apoyo que nos dio Mat\u00edas Damele\u201d, explic\u00f3 el concejal Juli\u00e1n Inzaurgarat, quien forma parte de la organizaci\u00f3n del evento.<\/p>\n\n\n\n<figure class=\"wp-block-image size-full is-resized\"><img loading=\"lazy\" decoding=\"async\" data-attachment-id=\"155186\" data-permalink=\"https:\/\/www.hoymercedes.com.ar\/principal\/2022\/11\/08\/el-cross-del-balta-fue-un-exito-total-con-mas-de-400-atletas-inscriptos\/dsc_0004-3\/#main\" data-orig-file=\"https:\/\/www.hoymercedes.com.ar\/principal\/wp-content\/uploads\/2022\/11\/DSC_0004.jpg\" data-orig-size=\"879,615\" data-comments-opened=\"0\" data-image-meta=\"{&quot;aperture&quot;:&quot;0&quot;,&quot;credit&quot;:&quot;&quot;,&quot;camera&quot;:&quot;&quot;,&quot;caption&quot;:&quot;&quot;,&quot;created_timestamp&quot;:&quot;0&quot;,&quot;copyright&quot;:&quot;&quot;,&quot;focal_length&quot;:&quot;0&quot;,&quot;iso&quot;:&quot;0&quot;,&quot;shutter_speed&quot;:&quot;0&quot;,&quot;title&quot;:&quot;&quot;,&quot;orientation&quot;:&quot;0&quot;}\" data-image-title=\"DSC_0004\" data-image-description=\"\" data-image-caption=\"\" data-large-file=\"https:\/\/www.hoymercedes.com.ar\/principal\/wp-content\/uploads\/2022\/11\/DSC_0004.jpg\" src=\"https:\/\/www.hoymercedes.com.ar\/principal\/wp-content\/uploads\/2022\/11\/DSC_0004.jpg\" alt=\"\" class=\"wp-image-155186\" width=\"958\" height=\"670\" srcset=\"https:\/\/www.hoymercedes.com.ar\/principal\/wp-content\/uploads\/2022\/11\/DSC_0004.jpg 879w, https:\/\/www.hoymercedes.com.ar\/principal\/wp-content\/uploads\/2022\/11\/DSC_0004-630x441.jpg 630w, https:\/\/www.hoymercedes.com.ar\/principal\/wp-content\/uploads\/2022\/11\/DSC_0004-150x105.jpg 150w, https:\/\/www.hoymercedes.com.ar\/principal\/wp-content\/uploads\/2022\/11\/DSC_0004-120x85.jpg 120w\" sizes=\"auto, (max-width: 958px) 100vw, 958px\" \/><\/figure>\n\n\n\n<p>La gente que estuvo organizando esta gran carrera hizo entrega de premios y quieren a agradecer a los sponsors que confiaron en el evento: Chacinados Berro, Panader\u00eda Laporta, Maderas Kopruch, Hielos Diziurza, Viner\u00eda P\u00e1ramo y Cervecer\u00eda Artesanal Hop. \u201cY por supuesto el apoyo de la Municipalidad desde la Direcci\u00f3n de Deportes y Cultura que hicieron posible que esto se concrete\u201d, asegur\u00f3 uno de los organizadores.<\/p>\n\n\n\n<figure class=\"wp-block-image size-full is-resized\"><img loading=\"lazy\" decoding=\"async\" data-attachment-id=\"155187\" data-permalink=\"https:\/\/www.hoymercedes.com.ar\/principal\/2022\/11\/08\/el-cross-del-balta-fue-un-exito-total-con-mas-de-400-atletas-inscriptos\/mhm9092\/#main\" data-orig-file=\"https:\/\/www.hoymercedes.com.ar\/principal\/wp-content\/uploads\/2022\/11\/MHM9092.jpg\" data-orig-size=\"926,615\" data-comments-opened=\"0\" data-image-meta=\"{&quot;aperture&quot;:&quot;0&quot;,&quot;credit&quot;:&quot;Moreira Mario Hugo    FOTOGRAFIA&quot;,&quot;camera&quot;:&quot;&quot;,&quot;caption&quot;:&quot;&quot;,&quot;created_timestamp&quot;:&quot;0&quot;,&quot;copyright&quot;:&quot;AW Fotografia   Moreira Mario Hugo&quot;,&quot;focal_length&quot;:&quot;0&quot;,&quot;iso&quot;:&quot;0&quot;,&quot;shutter_speed&quot;:&quot;0&quot;,&quot;title&quot;:&quot;&quot;,&quot;orientation&quot;:&quot;0&quot;}\" data-image-title=\"MHM9092\" data-image-description=\"\" data-image-caption=\"\" data-large-file=\"https:\/\/www.hoymercedes.com.ar\/principal\/wp-content\/uploads\/2022\/11\/MHM9092.jpg\" src=\"https:\/\/www.hoymercedes.com.ar\/principal\/wp-content\/uploads\/2022\/11\/MHM9092.jpg\" alt=\"\" class=\"wp-image-155187\" width=\"961\" height=\"638\" srcset=\"https:\/\/www.hoymercedes.com.ar\/principal\/wp-content\/uploads\/2022\/11\/MHM9092.jpg 926w, https:\/\/www.hoymercedes.com.ar\/principal\/wp-content\/uploads\/2022\/11\/MHM9092-630x418.jpg 630w, https:\/\/www.hoymercedes.com.ar\/principal\/wp-content\/uploads\/2022\/11\/MHM9092-150x100.jpg 150w, https:\/\/www.hoymercedes.com.ar\/principal\/wp-content\/uploads\/2022\/11\/MHM9092-700x465.jpg 700w\" sizes=\"auto, (max-width: 961px) 100vw, 961px\" \/><\/figure>\n\n\n\n<p>Lo destacado de esta edici\u00f3n es que se tom\u00f3 la decisi\u00f3n tambi\u00e9n de premiar a los \u00faltimos de las categor\u00edas de 7 y 15 kil\u00f3metros. \u201cEs parte de lo que queremos destacar, que el esfuerzo es lo que vale. Tambi\u00e9n este a\u00f1o pusimos una campana en la l\u00ednea de meta para que todos los que lleguen la toquen con todas las ganas\u201d, cont\u00f3 Inzaurgarat.<\/p>\n\n\n\n<p>Los organizadores del Cross ya est\u00e1n planificando la edici\u00f3n 2023, que anticipan ser\u00e1 de doble jornada con pernocte en la ex Colonia Capit\u00e1n Sarmiento.<\/p>\n\n\n\n<figure class=\"wp-block-image size-full is-resized\"><img loading=\"lazy\" decoding=\"async\" data-attachment-id=\"155188\" data-permalink=\"https:\/\/www.hoymercedes.com.ar\/principal\/2022\/11\/08\/el-cross-del-balta-fue-un-exito-total-con-mas-de-400-atletas-inscriptos\/mhm9087\/#main\" data-orig-file=\"https:\/\/www.hoymercedes.com.ar\/principal\/wp-content\/uploads\/2022\/11\/MHM9087.jpg\" data-orig-size=\"926,615\" data-comments-opened=\"0\" data-image-meta=\"{&quot;aperture&quot;:&quot;0&quot;,&quot;credit&quot;:&quot;Moreira Mario Hugo    FOTOGRAFIA&quot;,&quot;camera&quot;:&quot;&quot;,&quot;caption&quot;:&quot;&quot;,&quot;created_timestamp&quot;:&quot;0&quot;,&quot;copyright&quot;:&quot;AW Fotografia   Moreira Mario Hugo&quot;,&quot;focal_length&quot;:&quot;0&quot;,&quot;iso&quot;:&quot;0&quot;,&quot;shutter_speed&quot;:&quot;0&quot;,&quot;title&quot;:&quot;&quot;,&quot;orientation&quot;:&quot;0&quot;}\" data-image-title=\"MHM9087\" data-image-description=\"\" data-image-caption=\"\" data-large-file=\"https:\/\/www.hoymercedes.com.ar\/principal\/wp-content\/uploads\/2022\/11\/MHM9087.jpg\" src=\"https:\/\/www.hoymercedes.com.ar\/principal\/wp-content\/uploads\/2022\/11\/MHM9087.jpg\" alt=\"\" class=\"wp-image-155188\" width=\"961\" height=\"638\" srcset=\"https:\/\/www.hoymercedes.com.ar\/principal\/wp-content\/uploads\/2022\/11\/MHM9087.jpg 926w, https:\/\/www.hoymercedes.com.ar\/principal\/wp-content\/uploads\/2022\/11\/MHM9087-630x418.jpg 630w, https:\/\/www.hoymercedes.com.ar\/principal\/wp-content\/uploads\/2022\/11\/MHM9087-150x100.jpg 150w, https:\/\/www.hoymercedes.com.ar\/principal\/wp-content\/uploads\/2022\/11\/MHM9087-700x465.jpg 700w\" sizes=\"auto, (max-width: 961px) 100vw, 961px\" \/><\/figure>\n","protected":false},"excerpt":{"rendered":"<p>La prueba atl\u00e9tica de la zona rural caus\u00f3 furor en esta nueva edici\u00f3n con un r\u00e9cord de inscriptos y con &#8230; <a title=\"El cross del Balta fue un \u00e9xito total con m\u00e1s de 400 atletas inscriptos\" class=\"read-more\" href=\"https:\/\/www.hoymercedes.com.ar\/principal\/2022\/11\/08\/el-cross-del-balta-fue-un-exito-total-con-mas-de-400-atletas-inscriptos\/\" aria-label=\"Leer m\u00e1s sobre El cross del Balta fue un \u00e9xito total con m\u00e1s de 400 atletas inscriptos\">Leer m\u00e1s<\/a><\/p>\n","protected":false},"author":1,"featured_media":155187,"comment_status":"closed","ping_status":"open","sticky":false,"template":"","format":"standard","meta":{"_monsterinsights_skip_tracking":false,"_monsterinsights_sitenote_active":false,"_monsterinsights_sitenote_note":"","_monsterinsights_sitenote_category":0,"jetpack_post_was_ever_published":false,"_jetpack_newsletter_access":"","_jetpack_dont_email_post_to_subs":false,"_jetpack_newsletter_tier_id":0,"_jetpack_memberships_contains_paywalled_content":false,"_jetpack_memberships_contains_paid_content":false,"footnotes":"","jetpack_publicize_message":"","jetpack_publicize_feature_enabled":true,"jetpack_social_post_already_shared":true,"jetpack_social_options":{"image_generator_settings":{"template":"highway","default_image_id":0,"font":"","enabled":false},"version":2},"_wpas_customize_per_network":false},"categories":[21],"tags":[5738,12247,18559,18558],"class_list":["post-155183","post","type-post","status-publish","format-standard","has-post-thumbnail","hentry","category-deportes","tag-atletismo-en-mercedes","tag-cross-del-balta","tag-julian-insaurgarat","tag-matias-damele","generate-columns","tablet-grid-50","mobile-grid-100","grid-parent","grid-50"],"jetpack_publicize_connections":[],"jetpack_featured_media_url":"https:\/\/www.hoymercedes.com.ar\/principal\/wp-content\/uploads\/2022\/11\/MHM9092.jpg","wps_subtitle":"Deporte y vida sana","jetpack_sharing_enabled":true,"_links":{"self":[{"href":"https:\/\/www.hoymercedes.com.ar\/principal\/wp-json\/wp\/v2\/posts\/155183","targetHints":{"allow":["GET"]}}],"collection":[{"href":"https:\/\/www.hoymercedes.com.ar\/principal\/wp-json\/wp\/v2\/posts"}],"about":[{"href":"https:\/\/www.hoymercedes.com.ar\/principal\/wp-json\/wp\/v2\/types\/post"}],"author":[{"embeddable":true,"href":"https:\/\/www.hoymercedes.com.ar\/principal\/wp-json\/wp\/v2\/users\/1"}],"replies":[{"embeddable":true,"href":"https:\/\/www.hoymercedes.com.ar\/principal\/wp-json\/wp\/v2\/comments?post=155183"}],"version-history":[{"count":0,"href":"https:\/\/www.hoymercedes.com.ar\/principal\/wp-json\/wp\/v2\/posts\/155183\/revisions"}],"wp:featuredmedia":[{"embeddable":true,"href":"https:\/\/www.hoymercedes.com.ar\/principal\/wp-json\/wp\/v2\/media\/155187"}],"wp:attachment":[{"href":"https:\/\/www.hoymercedes.com.ar\/principal\/wp-json\/wp\/v2\/media?parent=155183"}],"wp:term":[{"taxonomy":"category","embeddable":true,"href":"https:\/\/www.hoymercedes.com.ar\/principal\/wp-json\/wp\/v2\/categories?post=155183"},{"taxonomy":"post_tag","embeddable":true,"href":"https:\/\/www.hoymercedes.com.ar\/principal\/wp-json\/wp\/v2\/tags?post=155183"}],"curies":[{"name":"wp","href":"https:\/\/api.w.org\/{rel}","templated":true}]}}