{"id":155216,"date":"2022-11-09T20:55:00","date_gmt":"2022-11-09T23:55:00","guid":{"rendered":"https:\/\/www.hoymercedes.com.ar\/principal\/?p=155216"},"modified":"2022-11-09T21:29:55","modified_gmt":"2022-11-10T00:29:55","slug":"elenco-del-teatro-talia-estrena-hay-que-apagar-el-fuego","status":"publish","type":"post","link":"https:\/\/www.hoymercedes.com.ar\/principal\/2022\/11\/09\/elenco-del-teatro-talia-estrena-hay-que-apagar-el-fuego\/","title":{"rendered":"Elenco del Teatro Tal\u00eda estrena \u00abHay que Apagar el Fuego\u00bb"},"content":{"rendered":"\n<p>El pr\u00f3ximo domingo 13 de noviembre, a partir de las 20, el Teatro Tal\u00eda presenta la comedia dram\u00e1tica \u201cHay que Apagar el Fuego\u201d, de Carlos Gorostiza.&nbsp;El elenco que subir\u00e1 al escenario est\u00e1 integrado por Graciela Madrigal, Alberto Brunetti y Marcelino Bolia, con la direcci\u00f3n de Roberto Altieri y la asistencia t\u00e9cnica de Stella Siri.<\/p>\n\n\n<div class=\"wp-block-image\">\n<figure class=\"aligncenter size-full\"><img loading=\"lazy\" decoding=\"async\" width=\"800\" height=\"534\" data-attachment-id=\"155198\" data-permalink=\"https:\/\/www.hoymercedes.com.ar\/principal\/2022\/11\/09\/espert-visito-mercedes-y-anuncio-su-precandidatura-a-la-gobernacion\/img_20221109_165356215\/#main\" data-orig-file=\"https:\/\/www.hoymercedes.com.ar\/principal\/wp-content\/uploads\/2022\/11\/IMG_20221109_165356215.jpg\" data-orig-size=\"800,534\" data-comments-opened=\"0\" data-image-meta=\"{&quot;aperture&quot;:&quot;0&quot;,&quot;credit&quot;:&quot;&quot;,&quot;camera&quot;:&quot;&quot;,&quot;caption&quot;:&quot;&quot;,&quot;created_timestamp&quot;:&quot;1668012837&quot;,&quot;copyright&quot;:&quot;&quot;,&quot;focal_length&quot;:&quot;0&quot;,&quot;iso&quot;:&quot;0&quot;,&quot;shutter_speed&quot;:&quot;0&quot;,&quot;title&quot;:&quot;&quot;,&quot;orientation&quot;:&quot;1&quot;}\" data-image-title=\"IMG_20221109_165356215\" data-image-description=\"\" data-image-caption=\"\" data-large-file=\"https:\/\/www.hoymercedes.com.ar\/principal\/wp-content\/uploads\/2022\/11\/IMG_20221109_165356215.jpg\" src=\"https:\/\/www.hoymercedes.com.ar\/principal\/wp-content\/uploads\/2022\/11\/IMG_20221109_165356215.jpg\" alt=\"\" class=\"wp-image-155198\" srcset=\"https:\/\/www.hoymercedes.com.ar\/principal\/wp-content\/uploads\/2022\/11\/IMG_20221109_165356215.jpg 800w, https:\/\/www.hoymercedes.com.ar\/principal\/wp-content\/uploads\/2022\/11\/IMG_20221109_165356215-630x421.jpg 630w, https:\/\/www.hoymercedes.com.ar\/principal\/wp-content\/uploads\/2022\/11\/IMG_20221109_165356215-150x100.jpg 150w\" sizes=\"auto, (max-width: 800px) 100vw, 800px\" \/><\/figure>\n<\/div>\n\n\n<p>La obra refleja, a trav\u00e9s de sus personajes, la evasi\u00f3n de la realidad por parte de los protagonistas. Como suele ocurrir con las propuestas de <strong>Gorostiza<\/strong>, el discurso se mueve por distintos andariveles: los miedos, los desalientos, las decisiones, la incomunicaci\u00f3n, los desencuentros y fracasos pero, al mismo, exalta el valor de la solidaridad, la vocaci\u00f3n de servicio, la libertad de elegir, el amor hacia el pr\u00f3jimo y el valor de la amistad.&nbsp;<\/p>\n\n\n\n<p>Quienes dar\u00e1n vida a esta entra\u00f1able y emotiva pieza del teatro argentino son<strong>: Graciela Madrigal, Alberto Brunetti y Marcelino Bolia, <\/strong>con la direcci\u00f3n de<strong> Roberto Altieri <\/strong>y la asistencia t\u00e9cnica de<strong> Stella Siri<\/strong>. En una entrevista radial realizada por Susana Spano en Radio F\u00e9nix, el director brinda detalles de la puesta en escena de la pieza teatral del elenco del espacio cultural. <\/p>\n\n\n\n<figure class=\"wp-block-embed is-type-video is-provider-youtube wp-block-embed-youtube wp-embed-aspect-4-3 wp-has-aspect-ratio\"><div class=\"wp-block-embed__wrapper\">\n<span class=\"embed-youtube\" style=\"text-align:center; display: block;\"><iframe loading=\"lazy\" class=\"youtube-player\" width=\"1200\" height=\"675\" src=\"https:\/\/www.youtube.com\/embed\/NBB-B_P2KGc?version=3&#038;rel=1&#038;showsearch=0&#038;showinfo=1&#038;iv_load_policy=1&#038;fs=1&#038;hl=es-ES&#038;autohide=2&#038;wmode=transparent\" allowfullscreen=\"true\" style=\"border:0;\" sandbox=\"allow-scripts allow-same-origin allow-popups allow-presentation allow-popups-to-escape-sandbox\"><\/iframe><\/span>\n<\/div><\/figure>\n\n\n\n<p>La obra se estrena el domingo 13 de noviembre, a la hora 20. Tambi\u00e9n habr\u00e1 una funci\u00f3n una semana despu\u00e9s, el domingo 20, a la misma hora. Las reservas de las entradas se pueden hacer comunic\u00e1ndose al tel\u00e9fono 2324- 15-585300\u00a0<\/p>\n","protected":false},"excerpt":{"rendered":"<p>El grupo teatral Teatro Tal\u00eda de Mercedes pone en escena \u00abHay que Apagar el Fuego\u00bb de Carlos Gorostiza. Act\u00faan Graciela Madrigal, Alberto Brunetti y Marcelino Bolia bajo la direcci\u00f3n de Roberto Altieri y la asistencia de Stella Siri. Estrenan el 13 de noviembre. Pueden reservarse las entradas de manera anticipada. <\/p>\n","protected":false},"author":1,"featured_media":155198,"comment_status":"closed","ping_status":"open","sticky":false,"template":"","format":"standard","meta":{"_monsterinsights_skip_tracking":false,"_monsterinsights_sitenote_active":false,"_monsterinsights_sitenote_note":"","_monsterinsights_sitenote_category":0,"jetpack_post_was_ever_published":false,"_jetpack_newsletter_access":"","_jetpack_dont_email_post_to_subs":false,"_jetpack_newsletter_tier_id":0,"_jetpack_memberships_contains_paywalled_content":false,"_jetpack_memberships_contains_paid_content":false,"footnotes":"","jetpack_publicize_message":"","jetpack_publicize_feature_enabled":true,"jetpack_social_post_already_shared":true,"jetpack_social_options":{"image_generator_settings":{"template":"highway","default_image_id":0,"font":"","enabled":false},"version":2},"_wpas_customize_per_network":false},"categories":[104],"tags":[7805],"class_list":["post-155216","post","type-post","status-publish","format-standard","has-post-thumbnail","hentry","category-cultura","tag-cultura","generate-columns","tablet-grid-50","mobile-grid-100","grid-parent","grid-50"],"jetpack_publicize_connections":[],"jetpack_featured_media_url":"https:\/\/www.hoymercedes.com.ar\/principal\/wp-content\/uploads\/2022\/11\/IMG_20221109_165356215.jpg","wps_subtitle":"","jetpack_sharing_enabled":true,"_links":{"self":[{"href":"https:\/\/www.hoymercedes.com.ar\/principal\/wp-json\/wp\/v2\/posts\/155216","targetHints":{"allow":["GET"]}}],"collection":[{"href":"https:\/\/www.hoymercedes.com.ar\/principal\/wp-json\/wp\/v2\/posts"}],"about":[{"href":"https:\/\/www.hoymercedes.com.ar\/principal\/wp-json\/wp\/v2\/types\/post"}],"author":[{"embeddable":true,"href":"https:\/\/www.hoymercedes.com.ar\/principal\/wp-json\/wp\/v2\/users\/1"}],"replies":[{"embeddable":true,"href":"https:\/\/www.hoymercedes.com.ar\/principal\/wp-json\/wp\/v2\/comments?post=155216"}],"version-history":[{"count":0,"href":"https:\/\/www.hoymercedes.com.ar\/principal\/wp-json\/wp\/v2\/posts\/155216\/revisions"}],"wp:featuredmedia":[{"embeddable":true,"href":"https:\/\/www.hoymercedes.com.ar\/principal\/wp-json\/wp\/v2\/media\/155198"}],"wp:attachment":[{"href":"https:\/\/www.hoymercedes.com.ar\/principal\/wp-json\/wp\/v2\/media?parent=155216"}],"wp:term":[{"taxonomy":"category","embeddable":true,"href":"https:\/\/www.hoymercedes.com.ar\/principal\/wp-json\/wp\/v2\/categories?post=155216"},{"taxonomy":"post_tag","embeddable":true,"href":"https:\/\/www.hoymercedes.com.ar\/principal\/wp-json\/wp\/v2\/tags?post=155216"}],"curies":[{"name":"wp","href":"https:\/\/api.w.org\/{rel}","templated":true}]}}