{"id":155286,"date":"2022-11-12T13:21:00","date_gmt":"2022-11-12T16:21:00","guid":{"rendered":"https:\/\/www.hoymercedes.com.ar\/principal\/?p=155286"},"modified":"2022-11-12T11:23:03","modified_gmt":"2022-11-12T14:23:03","slug":"cena-de-la-filial-de-river-burrito-ortega-confirmo-su-participacion","status":"publish","type":"post","link":"https:\/\/www.hoymercedes.com.ar\/principal\/2022\/11\/12\/cena-de-la-filial-de-river-burrito-ortega-confirmo-su-participacion\/","title":{"rendered":"Cena de la filial de River: Burrito Ortega confirm\u00f3 su participaci\u00f3n"},"content":{"rendered":"\n<figure class=\"wp-block-image size-full\"><img loading=\"lazy\" decoding=\"async\" width=\"1024\" height=\"642\" data-attachment-id=\"155287\" data-permalink=\"https:\/\/www.hoymercedes.com.ar\/principal\/2022\/11\/12\/cena-de-la-filial-de-river-burrito-ortega-confirmo-su-participacion\/burro-ortega\/#main\" data-orig-file=\"https:\/\/www.hoymercedes.com.ar\/principal\/wp-content\/uploads\/2022\/11\/burro-ortega.jpg\" data-orig-size=\"1024,642\" data-comments-opened=\"0\" data-image-meta=\"{&quot;aperture&quot;:&quot;0&quot;,&quot;credit&quot;:&quot;&quot;,&quot;camera&quot;:&quot;&quot;,&quot;caption&quot;:&quot;&quot;,&quot;created_timestamp&quot;:&quot;0&quot;,&quot;copyright&quot;:&quot;&quot;,&quot;focal_length&quot;:&quot;0&quot;,&quot;iso&quot;:&quot;0&quot;,&quot;shutter_speed&quot;:&quot;0&quot;,&quot;title&quot;:&quot;&quot;,&quot;orientation&quot;:&quot;0&quot;}\" data-image-title=\"burro-ortega\" data-image-description=\"\" data-image-caption=\"\" data-large-file=\"https:\/\/www.hoymercedes.com.ar\/principal\/wp-content\/uploads\/2022\/11\/burro-ortega.jpg\" src=\"https:\/\/www.hoymercedes.com.ar\/principal\/wp-content\/uploads\/2022\/11\/burro-ortega.jpg\" alt=\"\" class=\"wp-image-155287\" srcset=\"https:\/\/www.hoymercedes.com.ar\/principal\/wp-content\/uploads\/2022\/11\/burro-ortega.jpg 1024w, https:\/\/www.hoymercedes.com.ar\/principal\/wp-content\/uploads\/2022\/11\/burro-ortega-630x395.jpg 630w, https:\/\/www.hoymercedes.com.ar\/principal\/wp-content\/uploads\/2022\/11\/burro-ortega-150x94.jpg 150w\" sizes=\"auto, (max-width: 1024px) 100vw, 1024px\" \/><\/figure>\n\n\n\n<p>La Filial de River Ariel Ortega est\u00e1 organizando una gran cena para este 25 de noviembre y en los \u00faltimos d\u00edas se confirm\u00f3 la llegada de una estrella del club como fue Ariel \u201cBurrito\u201d Ortega, quien adem\u00e1s le da nombre a la filial mercedina.<br>La cena del viernes 25 tiene doble finalidad: compartir un momento entre riverplatenses y adem\u00e1s colaborar con el cuerpo de Bomberos Voluntarios de la ciudad.<\/p>\n\n\n\n<p><br>Los \u201cmillonarios\u201d tendr\u00e1n su noche especial este viernes 25 de noviembre con una cena que se llevar\u00e1 adelante en La Trocha. Las entradas ya est\u00e1n a la venta en distintos puntos de la ciudad.<\/p>\n\n\n\n<p><br>Las entradas ya est\u00e1n a la venta y tienen un costo de 1700 pesos y los menores de 6 a\u00f1os no pagan. \u201cLas tarjetas se pueden conseguir en varios puntos de la ciudad como el kiosco de 26 y 33, las pinturer\u00edas de la 18 entre 27 y 25 y 47 entre 16 y 18, el vivero San Cayetano de Avenida de los Inmigrantes entre 119 y 121. Tambi\u00e9n se pueden comprar al celular 2324 546220. Esperamos contar con la presencia de muchos hinchas y compartir esta noche especial de ayuda a los Bomberos\u201d, afirm\u00f3 Francisco Palleros, presidente de la Filial de River en Mercedes.<\/p>\n","protected":false},"excerpt":{"rendered":"<p>La Filial de River Ariel Ortega est\u00e1 organizando una gran cena para este 25 de noviembre y en los \u00faltimos &#8230; <a title=\"Cena de la filial de River: Burrito Ortega confirm\u00f3 su participaci\u00f3n\" class=\"read-more\" href=\"https:\/\/www.hoymercedes.com.ar\/principal\/2022\/11\/12\/cena-de-la-filial-de-river-burrito-ortega-confirmo-su-participacion\/\" aria-label=\"Leer m\u00e1s sobre Cena de la filial de River: Burrito Ortega confirm\u00f3 su participaci\u00f3n\">Leer m\u00e1s<\/a><\/p>\n","protected":false},"author":1,"featured_media":155287,"comment_status":"closed","ping_status":"open","sticky":false,"template":"","format":"standard","meta":{"_monsterinsights_skip_tracking":false,"_monsterinsights_sitenote_active":false,"_monsterinsights_sitenote_note":"","_monsterinsights_sitenote_category":0,"jetpack_post_was_ever_published":false,"_jetpack_newsletter_access":"","_jetpack_dont_email_post_to_subs":false,"_jetpack_newsletter_tier_id":0,"_jetpack_memberships_contains_paywalled_content":false,"_jetpack_memberships_contains_paid_content":false,"footnotes":"","jetpack_publicize_message":"","jetpack_publicize_feature_enabled":true,"jetpack_social_post_already_shared":true,"jetpack_social_options":{"image_generator_settings":{"template":"highway","default_image_id":0,"font":"","enabled":false},"version":2},"_wpas_customize_per_network":false},"categories":[21],"tags":[18565,5236],"class_list":["post-155286","post","type-post","status-publish","format-standard","has-post-thumbnail","hentry","category-deportes","tag-burro-ortega","tag-filial-river-mercedes","generate-columns","tablet-grid-50","mobile-grid-100","grid-parent","grid-50"],"jetpack_publicize_connections":[],"jetpack_featured_media_url":"https:\/\/www.hoymercedes.com.ar\/principal\/wp-content\/uploads\/2022\/11\/burro-ortega.jpg","wps_subtitle":"Deportes y sociedad","jetpack_sharing_enabled":true,"jetpack-related-posts":[{"id":155911,"url":"https:\/\/www.hoymercedes.com.ar\/principal\/2022\/11\/28\/con-ariel-ortega-la-filial-river-mercedes-realizo-cena-solidaria\/","url_meta":{"origin":155286,"position":0},"title":"Con Ariel Ortega  la filial River Mercedes realiz\u00f3 cena solidaria","author":"hoymercedes","date":"28 noviembre, 2022","format":false,"excerpt":"La Filial Ariel Ortega de Mercedes quiere agradecer por la ayuda brindada para llevar adelante la cena anual solidaria en beneficio de los Bomberos Voluntarios, y que cont\u00f3 con la presencia por primera vez de nuestro \u00eddolo \u201cBurrito\u201d Ortega, a: Los Amigos Pe\u00f1eros, los trabajadores cooperativistas, Lucas Riselli, y su\u2026","rel":"","context":"En \u00abDeportes\u00bb","block_context":{"text":"Deportes","link":"https:\/\/www.hoymercedes.com.ar\/principal\/category\/deportes\/"},"img":{"alt_text":"","src":"https:\/\/i0.wp.com\/www.hoymercedes.com.ar\/principal\/wp-content\/uploads\/2022\/11\/ArielOrtegaMercedes-1.jpeg?resize=350%2C200&ssl=1","width":350,"height":200,"srcset":"https:\/\/i0.wp.com\/www.hoymercedes.com.ar\/principal\/wp-content\/uploads\/2022\/11\/ArielOrtegaMercedes-1.jpeg?resize=350%2C200&ssl=1 1x, https:\/\/i0.wp.com\/www.hoymercedes.com.ar\/principal\/wp-content\/uploads\/2022\/11\/ArielOrtegaMercedes-1.jpeg?resize=525%2C300&ssl=1 1.5x, https:\/\/i0.wp.com\/www.hoymercedes.com.ar\/principal\/wp-content\/uploads\/2022\/11\/ArielOrtegaMercedes-1.jpeg?resize=700%2C400&ssl=1 2x, https:\/\/i0.wp.com\/www.hoymercedes.com.ar\/principal\/wp-content\/uploads\/2022\/11\/ArielOrtegaMercedes-1.jpeg?resize=1050%2C600&ssl=1 3x"},"classes":[]},{"id":45897,"url":"https:\/\/www.hoymercedes.com.ar\/principal\/2015\/11\/14\/cena-de-la-filial-river-plate-mercedes-junato-al-beto-alonso\/","url_meta":{"origin":155286,"position":1},"title":"Cena de la filial River Plate Mercedes junto al Beto Alonso","author":"hoymercedes","date":"14 noviembre, 2015","format":false,"excerpt":"El viernes por la noche, en las instalaciones del Club Estudiantes, la filial local de River Plate \u201cAriel Ortega\u201d, estuvo de festejo compartiendo una cena con aproximadamente 500 personas \u201chinchas\u201d del millonario. Con la organizaci\u00f3n comandada por el Presidente de la filial Higinio Saavedra, la conducci\u00f3n del evento estuvo a\u2026","rel":"","context":"En \u00abDeportes\u00bb","block_context":{"text":"Deportes","link":"https:\/\/www.hoymercedes.com.ar\/principal\/category\/deportes\/"},"img":{"alt_text":"","src":"https:\/\/i0.wp.com\/www.hoymercedes.com.ar\/principal\/wp-content\/uploads\/2015\/11\/river-filial-mercedes.jpg?resize=350%2C200&ssl=1","width":350,"height":200,"srcset":"https:\/\/i0.wp.com\/www.hoymercedes.com.ar\/principal\/wp-content\/uploads\/2015\/11\/river-filial-mercedes.jpg?resize=350%2C200&ssl=1 1x, https:\/\/i0.wp.com\/www.hoymercedes.com.ar\/principal\/wp-content\/uploads\/2015\/11\/river-filial-mercedes.jpg?resize=525%2C300&ssl=1 1.5x"},"classes":[]},{"id":146232,"url":"https:\/\/www.hoymercedes.com.ar\/principal\/2022\/04\/03\/la-filial-de-river-ariel-arnaldo-ortega-presento-a-sus-nuevas-autoridades\/","url_meta":{"origin":155286,"position":2},"title":"La filial de River \u201cAriel Arnaldo Ortega\u201d present\u00f3 a sus nuevas autoridades","author":"hoymercedes","date":"3 abril, 2022","format":false,"excerpt":"La filial del Club River Plate de Mercedes concret\u00f3 la promulgaci\u00f3n de sus nuevas autoridades que tiene a Francisco Palleros como nuevo presidente en una comisi\u00f3n directiva que pregona la unidad de las distintas agrupaciones. La filial \u201cAriel Arnaldo Ortega\u201d hizo su reuni\u00f3n de presentaci\u00f3n de las nuevas autoridades en\u2026","rel":"","context":"En \u00abDeportes\u00bb","block_context":{"text":"Deportes","link":"https:\/\/www.hoymercedes.com.ar\/principal\/category\/deportes\/"},"img":{"alt_text":"","src":"https:\/\/i0.wp.com\/www.hoymercedes.com.ar\/principal\/wp-content\/uploads\/2022\/04\/FilialRiver.2.jpeg?resize=350%2C200&ssl=1","width":350,"height":200,"srcset":"https:\/\/i0.wp.com\/www.hoymercedes.com.ar\/principal\/wp-content\/uploads\/2022\/04\/FilialRiver.2.jpeg?resize=350%2C200&ssl=1 1x, https:\/\/i0.wp.com\/www.hoymercedes.com.ar\/principal\/wp-content\/uploads\/2022\/04\/FilialRiver.2.jpeg?resize=525%2C300&ssl=1 1.5x, https:\/\/i0.wp.com\/www.hoymercedes.com.ar\/principal\/wp-content\/uploads\/2022\/04\/FilialRiver.2.jpeg?resize=700%2C400&ssl=1 2x, https:\/\/i0.wp.com\/www.hoymercedes.com.ar\/principal\/wp-content\/uploads\/2022\/04\/FilialRiver.2.jpeg?resize=1050%2C600&ssl=1 3x"},"classes":[]},{"id":165075,"url":"https:\/\/www.hoymercedes.com.ar\/principal\/2023\/07\/28\/la-filial-de-river-ya-cuenta-con-sede-propia-en-el-club-san-luis\/","url_meta":{"origin":155286,"position":3},"title":"La Filial de River ya cuenta con sede propia en el club San Luis","author":"hoymercedes","date":"28 julio, 2023","format":false,"excerpt":"La Filial Ariel Ortega de River Plate estren\u00f3 su sede propia, un viejo anhelo que ten\u00edan y que la nueva comisi\u00f3n directiva pudo concretar. Funcionar\u00e1 en las instalaciones del club San Luis. Los hinchas riverplatenses de Mercedes ya cuentan con una sede propia, gracias al trabajo que viene realizando desde\u2026","rel":"","context":"En \u00abDeportes\u00bb","block_context":{"text":"Deportes","link":"https:\/\/www.hoymercedes.com.ar\/principal\/category\/deportes\/"},"img":{"alt_text":"","src":"https:\/\/i0.wp.com\/www.hoymercedes.com.ar\/principal\/wp-content\/uploads\/2023\/07\/FilialRiver.jpeg?resize=350%2C200&ssl=1","width":350,"height":200,"srcset":"https:\/\/i0.wp.com\/www.hoymercedes.com.ar\/principal\/wp-content\/uploads\/2023\/07\/FilialRiver.jpeg?resize=350%2C200&ssl=1 1x, https:\/\/i0.wp.com\/www.hoymercedes.com.ar\/principal\/wp-content\/uploads\/2023\/07\/FilialRiver.jpeg?resize=525%2C300&ssl=1 1.5x, https:\/\/i0.wp.com\/www.hoymercedes.com.ar\/principal\/wp-content\/uploads\/2023\/07\/FilialRiver.jpeg?resize=700%2C400&ssl=1 2x, https:\/\/i0.wp.com\/www.hoymercedes.com.ar\/principal\/wp-content\/uploads\/2023\/07\/FilialRiver.jpeg?resize=1050%2C600&ssl=1 3x, https:\/\/i0.wp.com\/www.hoymercedes.com.ar\/principal\/wp-content\/uploads\/2023\/07\/FilialRiver.jpeg?resize=1400%2C800&ssl=1 4x"},"classes":[]},{"id":152294,"url":"https:\/\/www.hoymercedes.com.ar\/principal\/2022\/08\/25\/la-filial-ariel-ortega-estuvo-con-el-presidente-de-river-jorge-brito\/","url_meta":{"origin":155286,"position":4},"title":"La Filial Ariel Ortega estuvo con el presidente de River Jorge Brito","author":"hoymercedes","date":"25 agosto, 2022","format":false,"excerpt":"La Filial Ariel Ortega de Mercedes tuvo su encuentro con el actual presidente de River, Jorge Brito, en un festejo de los 55 a\u00f1os de la Agrupaci\u00f3n Progresista. Una comitiva de dirigentes de la Filial Ariel Ortega, encabezados por su presidente Francisco Palleros, participaron de los festejos de los 55\u2026","rel":"","context":"En \u00abDeportes\u00bb","block_context":{"text":"Deportes","link":"https:\/\/www.hoymercedes.com.ar\/principal\/category\/deportes\/"},"img":{"alt_text":"","src":"https:\/\/i0.wp.com\/www.hoymercedes.com.ar\/principal\/wp-content\/uploads\/2022\/08\/filiar-mercedes-river.jpeg?resize=350%2C200&ssl=1","width":350,"height":200,"srcset":"https:\/\/i0.wp.com\/www.hoymercedes.com.ar\/principal\/wp-content\/uploads\/2022\/08\/filiar-mercedes-river.jpeg?resize=350%2C200&ssl=1 1x, https:\/\/i0.wp.com\/www.hoymercedes.com.ar\/principal\/wp-content\/uploads\/2022\/08\/filiar-mercedes-river.jpeg?resize=525%2C300&ssl=1 1.5x, https:\/\/i0.wp.com\/www.hoymercedes.com.ar\/principal\/wp-content\/uploads\/2022\/08\/filiar-mercedes-river.jpeg?resize=700%2C400&ssl=1 2x"},"classes":[]},{"id":32931,"url":"https:\/\/www.hoymercedes.com.ar\/principal\/2014\/05\/16\/amadeo-carrizo-y-otras-glorias-riverplatenses-estuvieron-en-la-ciudad\/","url_meta":{"origin":155286,"position":5},"title":"Amadeo Carrizo y otras glorias riverplatenses estuvieron en la ciudad","author":"hoymercedes","date":"16 mayo, 2014","format":false,"excerpt":"\u00a0 En la noche de este jueves, la filial local del Club Atl\u00e9tico River Plate, llevo adelante la cena anual que se concreta a beneficio del comedor \u201cArca de No\u00e9\u201d, juntando alimentos, y la recaudaci\u00f3n del dinero de las tarjetas con el que se acced\u00eda a la cena, cubre los\u2026","rel":"","context":"En \u00abDeportes\u00bb","block_context":{"text":"Deportes","link":"https:\/\/www.hoymercedes.com.ar\/principal\/category\/deportes\/"},"img":{"alt_text":"Pe\u00f1aRiverSAM_0256","src":"https:\/\/i0.wp.com\/www.hoymercedes.com.ar\/principal\/wp-content\/uploads\/2014\/05\/Pe%C3%B1aRiverSAM_0256.jpg?resize=350%2C200","width":350,"height":200,"srcset":"https:\/\/i0.wp.com\/www.hoymercedes.com.ar\/principal\/wp-content\/uploads\/2014\/05\/Pe%C3%B1aRiverSAM_0256.jpg?resize=350%2C200 1x, https:\/\/i0.wp.com\/www.hoymercedes.com.ar\/principal\/wp-content\/uploads\/2014\/05\/Pe%C3%B1aRiverSAM_0256.jpg?resize=525%2C300 1.5x"},"classes":[]}],"_links":{"self":[{"href":"https:\/\/www.hoymercedes.com.ar\/principal\/wp-json\/wp\/v2\/posts\/155286","targetHints":{"allow":["GET"]}}],"collection":[{"href":"https:\/\/www.hoymercedes.com.ar\/principal\/wp-json\/wp\/v2\/posts"}],"about":[{"href":"https:\/\/www.hoymercedes.com.ar\/principal\/wp-json\/wp\/v2\/types\/post"}],"author":[{"embeddable":true,"href":"https:\/\/www.hoymercedes.com.ar\/principal\/wp-json\/wp\/v2\/users\/1"}],"replies":[{"embeddable":true,"href":"https:\/\/www.hoymercedes.com.ar\/principal\/wp-json\/wp\/v2\/comments?post=155286"}],"version-history":[{"count":0,"href":"https:\/\/www.hoymercedes.com.ar\/principal\/wp-json\/wp\/v2\/posts\/155286\/revisions"}],"wp:featuredmedia":[{"embeddable":true,"href":"https:\/\/www.hoymercedes.com.ar\/principal\/wp-json\/wp\/v2\/media\/155287"}],"wp:attachment":[{"href":"https:\/\/www.hoymercedes.com.ar\/principal\/wp-json\/wp\/v2\/media?parent=155286"}],"wp:term":[{"taxonomy":"category","embeddable":true,"href":"https:\/\/www.hoymercedes.com.ar\/principal\/wp-json\/wp\/v2\/categories?post=155286"},{"taxonomy":"post_tag","embeddable":true,"href":"https:\/\/www.hoymercedes.com.ar\/principal\/wp-json\/wp\/v2\/tags?post=155286"}],"curies":[{"name":"wp","href":"https:\/\/api.w.org\/{rel}","templated":true}]}}