{"id":155299,"date":"2022-11-12T07:06:00","date_gmt":"2022-11-12T10:06:00","guid":{"rendered":"https:\/\/www.hoymercedes.com.ar\/principal\/?p=155299"},"modified":"2022-11-12T18:16:17","modified_gmt":"2022-11-12T21:16:17","slug":"la-cem-participo-del-4-foro-de-comercio-minorista-bonaerense","status":"publish","type":"post","link":"https:\/\/www.hoymercedes.com.ar\/principal\/2022\/11\/12\/la-cem-participo-del-4-foro-de-comercio-minorista-bonaerense\/","title":{"rendered":"La CEM particip\u00f3 del 4\u00b0 Foro de Comercio Minorista Bonaerense"},"content":{"rendered":"\n<p>La presidenta de la C\u00e1mara Econ\u00f3mica Mercedina Paula Arretche, junto al tesorero Pablo Perazzo, a la responsable de la Subcomisi\u00f3n de Mujeres, Natalia Facciolo y al Gerente de la CEM, Ariel Pietrucha, participaron del 4\u00b0 Foro de Comercio Minorista Bonaerense. <\/p>\n\n\n<div class=\"wp-block-image\">\n<figure class=\"aligncenter size-full\"><img loading=\"lazy\" decoding=\"async\" width=\"612\" height=\"470\" data-attachment-id=\"155297\" data-permalink=\"https:\/\/www.hoymercedes.com.ar\/principal\/2022\/11\/12\/el-concejal-mosso-convoco-a-un-encuentro-de-vecinos-e-instituciones\/cem-febs\/#main\" data-orig-file=\"https:\/\/www.hoymercedes.com.ar\/principal\/wp-content\/uploads\/2022\/11\/cem-febs.jpeg\" data-orig-size=\"612,470\" data-comments-opened=\"0\" data-image-meta=\"{&quot;aperture&quot;:&quot;0&quot;,&quot;credit&quot;:&quot;&quot;,&quot;camera&quot;:&quot;&quot;,&quot;caption&quot;:&quot;&quot;,&quot;created_timestamp&quot;:&quot;0&quot;,&quot;copyright&quot;:&quot;&quot;,&quot;focal_length&quot;:&quot;0&quot;,&quot;iso&quot;:&quot;0&quot;,&quot;shutter_speed&quot;:&quot;0&quot;,&quot;title&quot;:&quot;&quot;,&quot;orientation&quot;:&quot;0&quot;}\" data-image-title=\"cem febs\" data-image-description=\"\" data-image-caption=\"\" data-large-file=\"https:\/\/www.hoymercedes.com.ar\/principal\/wp-content\/uploads\/2022\/11\/cem-febs.jpeg\" src=\"https:\/\/www.hoymercedes.com.ar\/principal\/wp-content\/uploads\/2022\/11\/cem-febs.jpeg\" alt=\"\" class=\"wp-image-155297\" srcset=\"https:\/\/www.hoymercedes.com.ar\/principal\/wp-content\/uploads\/2022\/11\/cem-febs.jpeg 612w, https:\/\/www.hoymercedes.com.ar\/principal\/wp-content\/uploads\/2022\/11\/cem-febs-150x115.jpeg 150w\" sizes=\"auto, (max-width: 612px) 100vw, 612px\" \/><\/figure>\n<\/div>\n\n\n<p>Organizado por la Federaci\u00f3n Econ\u00f3mica de la provincia de Buenos Aires (FEBA), el evento tuvo como planteo principal \u201cEl rol del comerciante en un escenario fluctuante\u201d. Entre los temas tratados se enfatiz\u00f3 en: \u201cLa crisis como desaf\u00edo\u201d, \u201cTerm\u00f3metro y Expectativas del Comercio Minorista\u201d, \u201cClaves en el Comercio de proximidad\u201d, y \u201cMitos y realidades del Comercio Electr\u00f3nico\u201d. <\/p>\n\n\n\n<p>La apertura del Foro se realiz\u00f3 dando la bienvenida al presidente de FEBA, Camilo Alberto Kahale; Carlos Mario Cappelletti, vicepresidente 2\u00b0 de FEBA y presidente de @FEBACyS; Alfredo Gonz\u00e1lez, presidente de la Red CAM; as\u00ed como Juan Cuattromo, presidente del Banco de la Provincia de Buenos Aires, quien adem\u00e1s recibi\u00f3 una placa en reconocimiento al acompa\u00f1amiento constante de la entidad bancaria a las pymes de la Provincia a trav\u00e9s de la billetera virtual, cuenta DNI.<\/p>\n","protected":false},"excerpt":{"rendered":"<p>La presidenta de la C\u00e1mara Econ\u00f3mica Mercedina Paula Arretche, junto al tesorero Pablo Perazzo, a la responsable de la Subcomisi\u00f3n de Mujeres, Natalia Facciolo y al Gerente de la CEM, Ariel Pietrucha, participaron del 4\u00b0 Foro de Comercio Minorista Bonaerense. <\/p>\n","protected":false},"author":1,"featured_media":155297,"comment_status":"closed","ping_status":"open","sticky":false,"template":"","format":"standard","meta":{"_monsterinsights_skip_tracking":false,"_monsterinsights_sitenote_active":false,"_monsterinsights_sitenote_note":"","_monsterinsights_sitenote_category":0,"jetpack_post_was_ever_published":false,"_jetpack_newsletter_access":"","_jetpack_dont_email_post_to_subs":false,"_jetpack_newsletter_tier_id":0,"_jetpack_memberships_contains_paywalled_content":false,"_jetpack_memberships_contains_paid_content":false,"footnotes":"","jetpack_publicize_message":"","jetpack_publicize_feature_enabled":true,"jetpack_social_post_already_shared":true,"jetpack_social_options":{"image_generator_settings":{"template":"highway","default_image_id":0,"font":"","enabled":false},"version":2},"_wpas_customize_per_network":false},"categories":[8],"tags":[],"class_list":["post-155299","post","type-post","status-publish","format-standard","has-post-thumbnail","hentry","category-sociedad","generate-columns","tablet-grid-50","mobile-grid-100","grid-parent","grid-50"],"jetpack_publicize_connections":[],"jetpack_featured_media_url":"https:\/\/www.hoymercedes.com.ar\/principal\/wp-content\/uploads\/2022\/11\/cem-febs.jpeg","wps_subtitle":"","jetpack_sharing_enabled":true,"_links":{"self":[{"href":"https:\/\/www.hoymercedes.com.ar\/principal\/wp-json\/wp\/v2\/posts\/155299","targetHints":{"allow":["GET"]}}],"collection":[{"href":"https:\/\/www.hoymercedes.com.ar\/principal\/wp-json\/wp\/v2\/posts"}],"about":[{"href":"https:\/\/www.hoymercedes.com.ar\/principal\/wp-json\/wp\/v2\/types\/post"}],"author":[{"embeddable":true,"href":"https:\/\/www.hoymercedes.com.ar\/principal\/wp-json\/wp\/v2\/users\/1"}],"replies":[{"embeddable":true,"href":"https:\/\/www.hoymercedes.com.ar\/principal\/wp-json\/wp\/v2\/comments?post=155299"}],"version-history":[{"count":0,"href":"https:\/\/www.hoymercedes.com.ar\/principal\/wp-json\/wp\/v2\/posts\/155299\/revisions"}],"wp:featuredmedia":[{"embeddable":true,"href":"https:\/\/www.hoymercedes.com.ar\/principal\/wp-json\/wp\/v2\/media\/155297"}],"wp:attachment":[{"href":"https:\/\/www.hoymercedes.com.ar\/principal\/wp-json\/wp\/v2\/media?parent=155299"}],"wp:term":[{"taxonomy":"category","embeddable":true,"href":"https:\/\/www.hoymercedes.com.ar\/principal\/wp-json\/wp\/v2\/categories?post=155299"},{"taxonomy":"post_tag","embeddable":true,"href":"https:\/\/www.hoymercedes.com.ar\/principal\/wp-json\/wp\/v2\/tags?post=155299"}],"curies":[{"name":"wp","href":"https:\/\/api.w.org\/{rel}","templated":true}]}}