{"id":155312,"date":"2022-11-12T22:25:00","date_gmt":"2022-11-13T01:25:00","guid":{"rendered":"https:\/\/www.hoymercedes.com.ar\/principal\/?p=155312"},"modified":"2022-11-13T19:43:17","modified_gmt":"2022-11-13T22:43:17","slug":"gran-noticia-para-productores-rurales-del-sector-ganadero-de-mercedes","status":"publish","type":"post","link":"https:\/\/www.hoymercedes.com.ar\/principal\/2022\/11\/12\/gran-noticia-para-productores-rurales-del-sector-ganadero-de-mercedes\/","title":{"rendered":"Gran noticia para productores rurales del sector ganadero de Mercedes"},"content":{"rendered":"\n<figure class=\"wp-block-image size-large\"><img loading=\"lazy\" decoding=\"async\" width=\"1024\" height=\"768\" data-attachment-id=\"155313\" data-permalink=\"https:\/\/www.hoymercedes.com.ar\/principal\/2022\/11\/12\/gran-noticia-para-productores-rurales-del-sector-ganadero-de-mercedes\/ecm\/#main\" data-orig-file=\"https:\/\/www.hoymercedes.com.ar\/principal\/wp-content\/uploads\/2022\/11\/ECM.jpeg\" data-orig-size=\"1600,1200\" data-comments-opened=\"0\" data-image-meta=\"{&quot;aperture&quot;:&quot;0&quot;,&quot;credit&quot;:&quot;&quot;,&quot;camera&quot;:&quot;&quot;,&quot;caption&quot;:&quot;&quot;,&quot;created_timestamp&quot;:&quot;0&quot;,&quot;copyright&quot;:&quot;&quot;,&quot;focal_length&quot;:&quot;0&quot;,&quot;iso&quot;:&quot;0&quot;,&quot;shutter_speed&quot;:&quot;0&quot;,&quot;title&quot;:&quot;&quot;,&quot;orientation&quot;:&quot;0&quot;}\" data-image-title=\"ECM\" data-image-description=\"\" data-image-caption=\"\" data-large-file=\"https:\/\/www.hoymercedes.com.ar\/principal\/wp-content\/uploads\/2022\/11\/ECM-1024x768.jpeg\" src=\"https:\/\/www.hoymercedes.com.ar\/principal\/wp-content\/uploads\/2022\/11\/ECM-1024x768.jpeg\" alt=\"\" class=\"wp-image-155313\" srcset=\"https:\/\/www.hoymercedes.com.ar\/principal\/wp-content\/uploads\/2022\/11\/ECM-1024x768.jpeg 1024w, https:\/\/www.hoymercedes.com.ar\/principal\/wp-content\/uploads\/2022\/11\/ECM-630x473.jpeg 630w, https:\/\/www.hoymercedes.com.ar\/principal\/wp-content\/uploads\/2022\/11\/ECM-150x113.jpeg 150w, https:\/\/www.hoymercedes.com.ar\/principal\/wp-content\/uploads\/2022\/11\/ECM-1536x1152.jpeg 1536w, https:\/\/www.hoymercedes.com.ar\/principal\/wp-content\/uploads\/2022\/11\/ECM.jpeg 1600w\" sizes=\"auto, (max-width: 1024px) 100vw, 1024px\" \/><\/figure>\n\n\n\n<p><\/p>\n\n\n\n<p>Los <strong>productores rurales del sector ganadero <\/strong>afectados por la sequ\u00eda hist\u00f3rica que est\u00e1 viviendo el pa\u00eds y la ciudad tendr\u00edan beneficios fiscales. Entre ellos <strong>eximici\u00f3n de tasas<\/strong> y <strong>l\u00edneas de microcr\u00e9ditos<\/strong> para sostener el nivel de actividad y empleo. La defini\u00f3n se gestion\u00f3 la semana pasada tras la reuni\u00f3n del \u201cComit\u00e9 de Crisis y Emergencia\u201d realizado.<\/p>\n\n\n\n<p>Seg\u00fan se supo la semana pasada, en el marco de la reuni\u00f3n de an\u00e1lisis de la crisis agropecuaria generada por la <strong>sequ\u00eda<\/strong>, se avanz\u00f3 en la intervenci\u00f3n del <strong>Departamento Ejecutivo<\/strong> en estas tem\u00e1ticas tan importantes para el apoyo del campo.<\/p>\n\n\n\n<p>\u201cHa sido dialogado desde hace unos d\u00edas en la mesa de trabajo que se form\u00f3 a partir de la grave crisis de sequ\u00eda que se vive\u201d dijo David Valerga, subsecretario de econom\u00eda y hacienda y coment\u00f3 \u201cel martes ven\u00eda el gobernador Kicillof a Mercedes y por eso era importante tener algunas definiciones, espacialmente aquellas que son facultades del Ejecutivo\u201d dijo el funcionario.<\/p>\n\n\n\n<p>Remarc\u00f3 tambi\u00e9n Valerga que \u201chay un fluido y constante intercambio para este tema que tanto nos preocupa y esta ha sido una definici\u00f3n de nuestro intendente Ustarroz muy importante, porque es ratificar el apoyo que siempre se da a los productores locales, pero ahora el campo es cuando m\u00e1s lo necesita y el Estado Municipal vuelve a estar presente\u201d manifest\u00f3.<\/p>\n\n\n\n<p>Se supo tambi\u00e9n que las mesas de gesti\u00f3n, planificaci\u00f3n e intercambio continuar\u00e1n con un rol clave de la Sociedad Rural de Mercedes, con Leonardo Fagundez, su presidente, el \u00e1rea de producci\u00f3n y otras instituciones intervinientes.<\/p>\n","protected":false},"excerpt":{"rendered":"<p>Gran noticia para productores rurales del sector ganadero de Mercedes<\/p>\n","protected":false},"author":1,"featured_media":155313,"comment_status":"closed","ping_status":"open","sticky":false,"template":"","format":"standard","meta":{"_monsterinsights_skip_tracking":false,"_monsterinsights_sitenote_active":false,"_monsterinsights_sitenote_note":"","_monsterinsights_sitenote_category":0,"jetpack_post_was_ever_published":false,"_jetpack_newsletter_access":"","_jetpack_dont_email_post_to_subs":false,"_jetpack_newsletter_tier_id":0,"_jetpack_memberships_contains_paywalled_content":false,"_jetpack_memberships_contains_paid_content":false,"footnotes":"","jetpack_publicize_message":"","jetpack_publicize_feature_enabled":true,"jetpack_social_post_already_shared":true,"jetpack_social_options":{"image_generator_settings":{"template":"highway","default_image_id":0,"font":"","enabled":false},"version":2},"_wpas_customize_per_network":false},"categories":[8],"tags":[324],"class_list":["post-155312","post","type-post","status-publish","format-standard","has-post-thumbnail","hentry","category-sociedad","tag-sequia","generate-columns","tablet-grid-50","mobile-grid-100","grid-parent","grid-50"],"jetpack_publicize_connections":[],"jetpack_featured_media_url":"https:\/\/www.hoymercedes.com.ar\/principal\/wp-content\/uploads\/2022\/11\/ECM.jpeg","wps_subtitle":"Sequ\u00eda y crisis","jetpack_sharing_enabled":true,"_links":{"self":[{"href":"https:\/\/www.hoymercedes.com.ar\/principal\/wp-json\/wp\/v2\/posts\/155312","targetHints":{"allow":["GET"]}}],"collection":[{"href":"https:\/\/www.hoymercedes.com.ar\/principal\/wp-json\/wp\/v2\/posts"}],"about":[{"href":"https:\/\/www.hoymercedes.com.ar\/principal\/wp-json\/wp\/v2\/types\/post"}],"author":[{"embeddable":true,"href":"https:\/\/www.hoymercedes.com.ar\/principal\/wp-json\/wp\/v2\/users\/1"}],"replies":[{"embeddable":true,"href":"https:\/\/www.hoymercedes.com.ar\/principal\/wp-json\/wp\/v2\/comments?post=155312"}],"version-history":[{"count":0,"href":"https:\/\/www.hoymercedes.com.ar\/principal\/wp-json\/wp\/v2\/posts\/155312\/revisions"}],"wp:featuredmedia":[{"embeddable":true,"href":"https:\/\/www.hoymercedes.com.ar\/principal\/wp-json\/wp\/v2\/media\/155313"}],"wp:attachment":[{"href":"https:\/\/www.hoymercedes.com.ar\/principal\/wp-json\/wp\/v2\/media?parent=155312"}],"wp:term":[{"taxonomy":"category","embeddable":true,"href":"https:\/\/www.hoymercedes.com.ar\/principal\/wp-json\/wp\/v2\/categories?post=155312"},{"taxonomy":"post_tag","embeddable":true,"href":"https:\/\/www.hoymercedes.com.ar\/principal\/wp-json\/wp\/v2\/tags?post=155312"}],"curies":[{"name":"wp","href":"https:\/\/api.w.org\/{rel}","templated":true}]}}