{"id":155322,"date":"2022-11-13T07:09:00","date_gmt":"2022-11-13T10:09:00","guid":{"rendered":"https:\/\/www.hoymercedes.com.ar\/principal\/?p=155322"},"modified":"2022-11-13T00:11:47","modified_gmt":"2022-11-13T03:11:47","slug":"detienen-a-seis-personas-y-recuperan-4-motos-robadas","status":"publish","type":"post","link":"https:\/\/www.hoymercedes.com.ar\/principal\/2022\/11\/13\/detienen-a-seis-personas-y-recuperan-4-motos-robadas\/","title":{"rendered":"Detienen a seis personas y recuperan 4 motos robadas"},"content":{"rendered":"\n<p><\/p>\n\n\n\n<figure class=\"wp-block-image size-full\"><img loading=\"lazy\" decoding=\"async\" width=\"960\" height=\"960\" data-attachment-id=\"155323\" data-permalink=\"https:\/\/www.hoymercedes.com.ar\/principal\/2022\/11\/13\/detienen-a-seis-personas-y-recuperan-4-motos-robadas\/robosmotos\/#main\" data-orig-file=\"https:\/\/www.hoymercedes.com.ar\/principal\/wp-content\/uploads\/2022\/11\/robosmotos.jpg\" data-orig-size=\"960,960\" data-comments-opened=\"0\" data-image-meta=\"{&quot;aperture&quot;:&quot;0&quot;,&quot;credit&quot;:&quot;&quot;,&quot;camera&quot;:&quot;&quot;,&quot;caption&quot;:&quot;&quot;,&quot;created_timestamp&quot;:&quot;0&quot;,&quot;copyright&quot;:&quot;&quot;,&quot;focal_length&quot;:&quot;0&quot;,&quot;iso&quot;:&quot;0&quot;,&quot;shutter_speed&quot;:&quot;0&quot;,&quot;title&quot;:&quot;&quot;,&quot;orientation&quot;:&quot;0&quot;}\" data-image-title=\"robosmotos\" data-image-description=\"\" data-image-caption=\"\" data-large-file=\"https:\/\/www.hoymercedes.com.ar\/principal\/wp-content\/uploads\/2022\/11\/robosmotos.jpg\" src=\"https:\/\/www.hoymercedes.com.ar\/principal\/wp-content\/uploads\/2022\/11\/robosmotos.jpg\" alt=\"\" class=\"wp-image-155323\" srcset=\"https:\/\/www.hoymercedes.com.ar\/principal\/wp-content\/uploads\/2022\/11\/robosmotos.jpg 960w, https:\/\/www.hoymercedes.com.ar\/principal\/wp-content\/uploads\/2022\/11\/robosmotos-620x620.jpg 620w, https:\/\/www.hoymercedes.com.ar\/principal\/wp-content\/uploads\/2022\/11\/robosmotos-150x150.jpg 150w\" sizes=\"auto, (max-width: 960px) 100vw, 960px\" \/><\/figure>\n\n\n\n<p>La Secretar\u00eda de Seguridad de la Municipalidad de Mercedes inform\u00f3 sobre un exitoso operativo realizado por el personal policial del destacamento de Gowland donde se recuperaron cuatro motos y se detuvieron a seis personas.<br>El personal policial que cumple funciones en Gowland tuvo una r\u00e1pida acci\u00f3n investigativa y logr\u00f3 dar con seis personas que se dedicaban al robo de motos y adem\u00e1s pudieron recuperar los rodados.<br>En diversos operativos efectuados durante la \u00faltima semana, personal del Destacamento Gowland recuper\u00f3 4 motoveh\u00edculos. Se tratan de una Bajaj Rouser 250 cc, una Corven Triax 150 cc, una Yamaha FZ 150 cc y una Honda XR 150 cc.<br>Seg\u00fan informa la Secretaria de Seguridad 5 masculinos y una femenina mayores de edad, que circulaban en los veh\u00edculos, fueron puestos a disposici\u00f3n de la justicia.<\/p>\n","protected":false},"excerpt":{"rendered":"<p>Detienen a seis personas y recuperan 4 motos robadas<\/p>\n","protected":false},"author":1,"featured_media":155323,"comment_status":"closed","ping_status":"open","sticky":false,"template":"","format":"standard","meta":{"_monsterinsights_skip_tracking":false,"_monsterinsights_sitenote_active":false,"_monsterinsights_sitenote_note":"","_monsterinsights_sitenote_category":0,"jetpack_post_was_ever_published":false,"_jetpack_newsletter_access":"","_jetpack_dont_email_post_to_subs":false,"_jetpack_newsletter_tier_id":0,"_jetpack_memberships_contains_paywalled_content":false,"_jetpack_memberships_contains_paid_content":false,"footnotes":"","jetpack_publicize_message":"","jetpack_publicize_feature_enabled":true,"jetpack_social_post_already_shared":true,"jetpack_social_options":{"image_generator_settings":{"template":"highway","default_image_id":0,"font":"","enabled":false},"version":2},"_wpas_customize_per_network":false},"categories":[85],"tags":[5766,14516],"class_list":["post-155322","post","type-post","status-publish","format-standard","has-post-thumbnail","hentry","category-policial","tag-policia-comunal","tag-secretaria-de-seguridad-2","generate-columns","tablet-grid-50","mobile-grid-100","grid-parent","grid-50"],"jetpack_publicize_connections":[],"jetpack_featured_media_url":"https:\/\/www.hoymercedes.com.ar\/principal\/wp-content\/uploads\/2022\/11\/robosmotos.jpg","wps_subtitle":"Actuaci\u00f3n policial ","jetpack_sharing_enabled":true,"_links":{"self":[{"href":"https:\/\/www.hoymercedes.com.ar\/principal\/wp-json\/wp\/v2\/posts\/155322","targetHints":{"allow":["GET"]}}],"collection":[{"href":"https:\/\/www.hoymercedes.com.ar\/principal\/wp-json\/wp\/v2\/posts"}],"about":[{"href":"https:\/\/www.hoymercedes.com.ar\/principal\/wp-json\/wp\/v2\/types\/post"}],"author":[{"embeddable":true,"href":"https:\/\/www.hoymercedes.com.ar\/principal\/wp-json\/wp\/v2\/users\/1"}],"replies":[{"embeddable":true,"href":"https:\/\/www.hoymercedes.com.ar\/principal\/wp-json\/wp\/v2\/comments?post=155322"}],"version-history":[{"count":0,"href":"https:\/\/www.hoymercedes.com.ar\/principal\/wp-json\/wp\/v2\/posts\/155322\/revisions"}],"wp:featuredmedia":[{"embeddable":true,"href":"https:\/\/www.hoymercedes.com.ar\/principal\/wp-json\/wp\/v2\/media\/155323"}],"wp:attachment":[{"href":"https:\/\/www.hoymercedes.com.ar\/principal\/wp-json\/wp\/v2\/media?parent=155322"}],"wp:term":[{"taxonomy":"category","embeddable":true,"href":"https:\/\/www.hoymercedes.com.ar\/principal\/wp-json\/wp\/v2\/categories?post=155322"},{"taxonomy":"post_tag","embeddable":true,"href":"https:\/\/www.hoymercedes.com.ar\/principal\/wp-json\/wp\/v2\/tags?post=155322"}],"curies":[{"name":"wp","href":"https:\/\/api.w.org\/{rel}","templated":true}]}}