{"id":155327,"date":"2022-11-13T19:39:07","date_gmt":"2022-11-13T22:39:07","guid":{"rendered":"https:\/\/www.hoymercedes.com.ar\/principal\/?p=155327"},"modified":"2022-11-13T19:42:38","modified_gmt":"2022-11-13T22:42:38","slug":"fallecio-el-ex-concejal-jorge-retegui","status":"publish","type":"post","link":"https:\/\/www.hoymercedes.com.ar\/principal\/2022\/11\/13\/fallecio-el-ex-concejal-jorge-retegui\/","title":{"rendered":"Falleci\u00f3 el ex concejal Jorge Retegui"},"content":{"rendered":"\n<p>En la tarde del domingo se conoci\u00f3 el fallecimiento del dirigente pol\u00edtico y social Jorge Jos\u00e9 Retegui. Qui\u00e9n supo ser concejal primero del bloque de la Alianza y luego de la Coalici\u00f3n C\u00edvica-ARI, integr\u00f3 la comisi\u00f3n de vecinos contra el peaje, adem\u00e1s de una asociaci\u00f3n de comerciantes a principios de la misma d\u00e9cada ten\u00eda 71 a\u00f1os. Ser\u00e1 velado en la ma\u00f1ana de este lunes para ser llevado al Cementerio Parque a la hora 11. <\/p>\n\n\n<div class=\"wp-block-image\">\n<figure class=\"aligncenter size-full\"><img loading=\"lazy\" decoding=\"async\" width=\"630\" height=\"420\" data-attachment-id=\"65570\" data-permalink=\"https:\/\/www.hoymercedes.com.ar\/principal\/2017\/08\/03\/conflicto-en-aceros-borroni-tras-reunion-aun-no-hay-acuerdo\/03-jorge-retegui-2\/#main\" data-orig-file=\"https:\/\/www.hoymercedes.com.ar\/principal\/wp-content\/uploads\/2017\/08\/03-Jorge-Retegui.jpg\" data-orig-size=\"630,420\" data-comments-opened=\"0\" data-image-meta=\"{&quot;aperture&quot;:&quot;3.8&quot;,&quot;credit&quot;:&quot;&quot;,&quot;camera&quot;:&quot;NIKON D3100&quot;,&quot;caption&quot;:&quot;&quot;,&quot;created_timestamp&quot;:&quot;1501761430&quot;,&quot;copyright&quot;:&quot;&quot;,&quot;focal_length&quot;:&quot;24&quot;,&quot;iso&quot;:&quot;1100&quot;,&quot;shutter_speed&quot;:&quot;0.016666666666667&quot;,&quot;title&quot;:&quot;&quot;,&quot;orientation&quot;:&quot;1&quot;}\" data-image-title=\"03 Jorge Retegui\" data-image-description=\"\" data-image-caption=\"\" data-large-file=\"https:\/\/www.hoymercedes.com.ar\/principal\/wp-content\/uploads\/2017\/08\/03-Jorge-Retegui.jpg\" src=\"https:\/\/www.hoymercedes.com.ar\/principal\/wp-content\/uploads\/2017\/08\/03-Jorge-Retegui.jpg\" alt=\"\" class=\"wp-image-65570\" srcset=\"https:\/\/www.hoymercedes.com.ar\/principal\/wp-content\/uploads\/2017\/08\/03-Jorge-Retegui.jpg 630w, https:\/\/www.hoymercedes.com.ar\/principal\/wp-content\/uploads\/2017\/08\/03-Jorge-Retegui-150x100.jpg 150w, https:\/\/www.hoymercedes.com.ar\/principal\/wp-content\/uploads\/2017\/08\/03-Jorge-Retegui-300x200.jpg 300w\" sizes=\"auto, (max-width: 630px) 100vw, 630px\" \/><\/figure>\n<\/div>\n\n\n<p>Conmoci\u00f3n en el mundo de la pol\u00edtica ya que Jorge en los \u00faltimos a\u00f1os form\u00f3 parte del equipo de trabajo del Cambiemos, ahora Juntos. De hecho, hasta los \u00faltimos meses integr\u00f3 el equipo de asesores de la Concejal D\u00e9bora Lacasa, con quien comparti\u00f3 el bloque cuando fueron concejales hastas el 2011. <\/p>\n\n\n\n<p>Retegui en su juventud milit\u00f3 en el PC, y mantuvo su lucha sindical en sus a\u00f1os de operario en la ex Dupont, en \u00e9pocas en que era denominada Ducilo. M\u00e1s adelante, fue parte de la C\u00e1mara de Comerciantes, instituci\u00f3n que se form\u00f3 para evitar que las grandes cadenas de supermecados perjudiquen al peque\u00f1o comercio. Para la misma \u00e9poca, se sum\u00f3 a la Comisi\u00f3n de Vecinos contra el Peaje, grupo que continu\u00f3 integrando. <\/p>\n\n\n\n<p>En los a\u00f1os 90\u00b4, comenz\u00f3 a militar en la Coalici\u00f3n C\u00edvica\/Ari. Fue concejal en Mercedes representando a la Alianza, y luego volvi\u00f3 al recinto en 2007. En el 2016, fue el Delegado local del Ministerio de Trabajo de la Provincia de Buenos Aires. <\/p>\n\n\n\n<p>Desde Hoy Mercedes enviamos nuestros respetamos y p\u00e9same a la familia de quien fuera concejal y referente pol\u00edtico y social y al que en varias oportunidades hemos entrevistados en este sitio y con qui\u00e9n conversabamos fuera de micr\u00f3fonos en m\u00faltiples oportunidades. <\/p>\n\n\n\n<p><\/p>\n","protected":false},"excerpt":{"rendered":"<p>Jorge Retegui falleci\u00f3 este domingo. Fue concejal de la ciudad, integr\u00f3 asociaciones de comerciantes y la Comisi\u00f3n de Vecinos Contra el Peaje. Con 71 a\u00f1os, ser\u00e1 despedido el lunes 14, 11 horas, en la casa velatoria de 19 y 20. <\/p>\n","protected":false},"author":1,"featured_media":155334,"comment_status":"closed","ping_status":"open","sticky":false,"template":"","format":"standard","meta":{"_monsterinsights_skip_tracking":false,"_monsterinsights_sitenote_active":false,"_monsterinsights_sitenote_note":"","_monsterinsights_sitenote_category":0,"jetpack_post_was_ever_published":false,"_jetpack_newsletter_access":"","_jetpack_dont_email_post_to_subs":false,"_jetpack_newsletter_tier_id":0,"_jetpack_memberships_contains_paywalled_content":false,"_jetpack_memberships_contains_paid_content":false,"footnotes":"","jetpack_publicize_message":"","jetpack_publicize_feature_enabled":true,"jetpack_social_post_already_shared":true,"jetpack_social_options":{"image_generator_settings":{"template":"highway","default_image_id":0,"font":"","enabled":false},"version":2},"_wpas_customize_per_network":false},"categories":[8],"tags":[],"class_list":["post-155327","post","type-post","status-publish","format-standard","has-post-thumbnail","hentry","category-sociedad","generate-columns","tablet-grid-50","mobile-grid-100","grid-parent","grid-50"],"jetpack_publicize_connections":[],"jetpack_featured_media_url":"https:\/\/www.hoymercedes.com.ar\/principal\/wp-content\/uploads\/2022\/11\/FB_IMG_16683780510322.jpg","wps_subtitle":"","jetpack_sharing_enabled":true,"_links":{"self":[{"href":"https:\/\/www.hoymercedes.com.ar\/principal\/wp-json\/wp\/v2\/posts\/155327","targetHints":{"allow":["GET"]}}],"collection":[{"href":"https:\/\/www.hoymercedes.com.ar\/principal\/wp-json\/wp\/v2\/posts"}],"about":[{"href":"https:\/\/www.hoymercedes.com.ar\/principal\/wp-json\/wp\/v2\/types\/post"}],"author":[{"embeddable":true,"href":"https:\/\/www.hoymercedes.com.ar\/principal\/wp-json\/wp\/v2\/users\/1"}],"replies":[{"embeddable":true,"href":"https:\/\/www.hoymercedes.com.ar\/principal\/wp-json\/wp\/v2\/comments?post=155327"}],"version-history":[{"count":0,"href":"https:\/\/www.hoymercedes.com.ar\/principal\/wp-json\/wp\/v2\/posts\/155327\/revisions"}],"wp:featuredmedia":[{"embeddable":true,"href":"https:\/\/www.hoymercedes.com.ar\/principal\/wp-json\/wp\/v2\/media\/155334"}],"wp:attachment":[{"href":"https:\/\/www.hoymercedes.com.ar\/principal\/wp-json\/wp\/v2\/media?parent=155327"}],"wp:term":[{"taxonomy":"category","embeddable":true,"href":"https:\/\/www.hoymercedes.com.ar\/principal\/wp-json\/wp\/v2\/categories?post=155327"},{"taxonomy":"post_tag","embeddable":true,"href":"https:\/\/www.hoymercedes.com.ar\/principal\/wp-json\/wp\/v2\/tags?post=155327"}],"curies":[{"name":"wp","href":"https:\/\/api.w.org\/{rel}","templated":true}]}}