{"id":155359,"date":"2022-11-14T14:33:22","date_gmt":"2022-11-14T17:33:22","guid":{"rendered":"https:\/\/www.hoymercedes.com.ar\/principal\/?p=155359"},"modified":"2022-11-14T14:50:49","modified_gmt":"2022-11-14T17:50:49","slug":"noche-de-sesion-en-el-concejo-deliberante","status":"publish","type":"post","link":"https:\/\/www.hoymercedes.com.ar\/principal\/2022\/11\/14\/noche-de-sesion-en-el-concejo-deliberante\/","title":{"rendered":"Noche de sesi\u00f3n en el Concejo Deliberante\u00a0"},"content":{"rendered":"\n<p><strong><em>Este lunes se llevar\u00e1 a cabo la ante\u00faltima sesi\u00f3n ordinaria del a\u00f1o. Entre los temas destacados habr\u00e1 una modificaci\u00f3n a la ordenanza en el sentido de calles del Barrio Seminario, reclamos por el aumento en el peaje y nuevo reconocimientos.  Adem\u00e1s, se esperan dos bancas participativas y un homenaje al ex Concejal Jorge Retegui.<\/em><\/strong><\/p>\n\n\n\n<p>Entrando en el \u00faltimo mes de sesiones ordinarias, el HCD retoma la actividad esta tarde desde las 19 horas en el recinto ubicado en el primer piso del Palacio Municipal.&nbsp;<\/p>\n\n\n\n<p>Hasta el momento, se conoce que habr\u00e1 dos bancas participativas de parte de los vecinos de la ciudad, una para poner de manifest\u00f3 la cuesti\u00f3n de la seguridad en la ciudad y la otra para argumentar un proyecto elevado por los alumnos del colegio San Antonio sobre la trata de personas el cual ingresar\u00e1 a la comisi\u00f3n de g\u00e9nero como una petici\u00f3n particular.&nbsp;<\/p>\n\n\n\n<p><strong>Circulaci\u00f3n de calles<\/strong>\u00a0<br>En tanto, dentro del orden del d\u00eda se destaca el proyecto presentado por ambos bloques para reacomodar el tr\u00e1nsito en el barro seminario.\u00a0<\/p>\n\n\n\n<p>Cabe destacar que las obras de asfalto llegaron a la zona a principio de a\u00f1o y teniendo en cuenta sus arterias principales, desde \u201cJuntos\u201d se present\u00f3 un proyecto&nbsp; para dirimir la direccionalidad en el sentido.&nbsp;<\/p>\n\n\n\n<p>Lo cierto es que el expediente fue evaluado por la secretar\u00eda de seguridad y modificado en algunos puntos espec\u00edficos, contando con el apoyo de todo el cuerpo para su aprobaci\u00f3n.&nbsp;<\/p>\n\n\n\n<p>Pero en la pr\u00e1ctica, las cosas parecen no haber resultado como lo esperaban y varios vecinos, principalmente las tres instituciones educativas afectadas, manifestaron su disconformidad con la medida.&nbsp;<\/p>\n\n\n\n<p>Esto llev\u00f3 a que los concejales y representantes del departamento ejecutivo lleven a cabo una reuni\u00f3n con los directivos de los colegios Camila Rol\u00f3n, Padre Ansaldo y San Luis Gonzaga.&nbsp;<\/p>\n\n\n\n<p>Como resultado de ese encuentro, el bloque de \u201cJuntos\u201d y del \u201cFrente de todos\u201d acordaran una modificaci\u00f3n a la ordenanza inicial a fin de solucionar la problem\u00e1tica.&nbsp;<\/p>\n\n\n\n<p>En ese sentido, la calle 13 entre 112 y 114 quedar\u00e1 con sentido a norte a sur, al igual que la 17 de 108 a 110 y la 9 entre 2 y 114. En tanto, quedar\u00e1n con sentido de este a oeste la 110 entre 15 y 19 y la 114 de 11 a 15. La 112 entre 15 y 11 tendr\u00e1 sentido opuesto, de oeste a este. Por \u00faltimo, la arteria 114 entre 15 y 19 tendr\u00e1 doble sentido de circulaci\u00f3n.&nbsp;<\/p>\n\n\n\n<p>El proyecto de ordenanza deroga el anterior y solicita colocar la se\u00f1alizaci\u00f3n correspondiente en la zona al igual que la realizaci\u00f3n de una campa\u00f1a publicitaria para dar a conocer las modificaciones a los vecinos y garantizar el tr\u00e1nsito por la zona.&nbsp;<\/p>\n\n\n\n<p><strong>Contra el peaje<\/strong>\u00a0<br>Por otra parte, desde el bloque de Juntos presentan una resoluci\u00f3n para rechazar el incremento en el peaje de Olivera, haci\u00e9ndose eco de los reclamos que realizara la comisi\u00f3n de vecinos hace algunas semanas atr\u00e1s.\u00a0<\/p>\n\n\n\n<p>El proyecto presentado desde la oposici\u00f3n manifiesta que el incremento es \u201cdesmedido\u201d y no solo afecta a aquellos que viven cerca o que utilizan las rutas diariamente, sino que tambi\u00e9n se trasladar\u00e1 al incremento de los costos de combis y transporte de larga distancia que buscar\u00e1n absorber el aumento.&nbsp;<\/p>\n\n\n\n<p>Dejando clara su postura, desde Juntos elevan una resoluci\u00f3n manifestando el rechazo al incremento de un 150% en el valor del peaje y esperan contar con el acompa\u00f1amiento de todo el cuerpo para su aprobaci\u00f3n.&nbsp;<\/p>\n\n\n\n<p><strong>M\u00e1s reconocimientos<\/strong>\u00a0<br>Continuando con los numerosos reconocimientos que se vienen llevando a cabo en el recinto del Honorable Concejo Deliberante, en esta ocasi\u00f3n aparece la propuesta de parte del Frente de Todos para destacar la labor de N\u00e9stor Dova y \u201cChiche\u201d Canessa por su aporte al futbol infanto juvenil de la ciudad en materia de difusi\u00f3n.\u00a0<\/p>\n\n\n\n<p>Tambi\u00e9n se buscar\u00e1 destacar a los deportistas locales que consiguieron sus medallas en la Etapa Provincial de los Juegos Bonaerenses disputada en Mar del Plata. Los mencionados en el proyecto son Dylan Ram\u00edrez, Santiago Carpanetto, Agust\u00edn Zunino, Solano Marenco, Juli\u00e1n L\u00f3pez Escriva, Juan Pedro Fern\u00e1ndez, Antonio Pio Albanese, Mat\u00edas Rebagliatti, Santiago Cardinal, Gaetano Tamagno, Bautista Perruelo, Nicol\u00e1s Despalanques, Fidel Cosentino, Roberto Revora, Pedro Dardaus, Vicente Cabrera, Roc\u00edo Cestari, Esteban Passadore, Liliana Su\u00e1rez, Jos\u00e9 Solari, Luciano Rold\u00e1n, Malaida Gallardo, M\u00eda Lacoste, M\u00f3nica Salas, Mario Denza, Tiago Buscalia, Tob\u00edas Espinoza, Dante Cambres, Facundo Gandolfi y Tom\u00e1s Rebagliatti.&nbsp;<\/p>\n\n\n\n<p><\/p>\n\n\n\n<p><\/p>\n","protected":false},"excerpt":{"rendered":"<p>la ordenanza en el sentido de calles del Barrio Seminario, reclamos por el aumento en el peaje y nuevo reconocimientos.  Adem\u00e1s, se esperan dos bancas participativas y un homenaje al ex Concejal Jorge Retegui.\u00a0<\/p>\n","protected":false},"author":1,"featured_media":152595,"comment_status":"closed","ping_status":"open","sticky":false,"template":"","format":"standard","meta":{"_monsterinsights_skip_tracking":false,"_monsterinsights_sitenote_active":false,"_monsterinsights_sitenote_note":"","_monsterinsights_sitenote_category":0,"jetpack_post_was_ever_published":false,"_jetpack_newsletter_access":"","_jetpack_dont_email_post_to_subs":false,"_jetpack_newsletter_tier_id":0,"_jetpack_memberships_contains_paywalled_content":false,"_jetpack_memberships_contains_paid_content":false,"footnotes":"","jetpack_publicize_message":"","jetpack_publicize_feature_enabled":true,"jetpack_social_post_already_shared":true,"jetpack_social_options":{"image_generator_settings":{"template":"highway","default_image_id":0,"font":"","enabled":false},"version":2},"_wpas_customize_per_network":false},"categories":[8],"tags":[],"class_list":["post-155359","post","type-post","status-publish","format-standard","has-post-thumbnail","hentry","category-sociedad","generate-columns","tablet-grid-50","mobile-grid-100","grid-parent","grid-50"],"jetpack_publicize_connections":[],"jetpack_featured_media_url":"https:\/\/www.hoymercedes.com.ar\/principal\/wp-content\/uploads\/2022\/09\/recinto-hcd-vacio.jpg","wps_subtitle":"","jetpack_sharing_enabled":true,"_links":{"self":[{"href":"https:\/\/www.hoymercedes.com.ar\/principal\/wp-json\/wp\/v2\/posts\/155359","targetHints":{"allow":["GET"]}}],"collection":[{"href":"https:\/\/www.hoymercedes.com.ar\/principal\/wp-json\/wp\/v2\/posts"}],"about":[{"href":"https:\/\/www.hoymercedes.com.ar\/principal\/wp-json\/wp\/v2\/types\/post"}],"author":[{"embeddable":true,"href":"https:\/\/www.hoymercedes.com.ar\/principal\/wp-json\/wp\/v2\/users\/1"}],"replies":[{"embeddable":true,"href":"https:\/\/www.hoymercedes.com.ar\/principal\/wp-json\/wp\/v2\/comments?post=155359"}],"version-history":[{"count":0,"href":"https:\/\/www.hoymercedes.com.ar\/principal\/wp-json\/wp\/v2\/posts\/155359\/revisions"}],"wp:featuredmedia":[{"embeddable":true,"href":"https:\/\/www.hoymercedes.com.ar\/principal\/wp-json\/wp\/v2\/media\/152595"}],"wp:attachment":[{"href":"https:\/\/www.hoymercedes.com.ar\/principal\/wp-json\/wp\/v2\/media?parent=155359"}],"wp:term":[{"taxonomy":"category","embeddable":true,"href":"https:\/\/www.hoymercedes.com.ar\/principal\/wp-json\/wp\/v2\/categories?post=155359"},{"taxonomy":"post_tag","embeddable":true,"href":"https:\/\/www.hoymercedes.com.ar\/principal\/wp-json\/wp\/v2\/tags?post=155359"}],"curies":[{"name":"wp","href":"https:\/\/api.w.org\/{rel}","templated":true}]}}